{"id":2501,"date":"2012-08-31T14:42:38","date_gmt":"2012-08-31T12:42:38","guid":{"rendered":"http:\/\/www.ladislavjakl.cz\/?p=2501"},"modified":"2012-08-31T14:43:10","modified_gmt":"2012-08-31T12:43:10","slug":"mediar-cz-v-cervnu-o-ladislavu-jaklovi","status":"publish","type":"post","link":"https:\/\/www.ladislavjakl.cz\/?p=2501","title":{"rendered":"Medi\u00e1\u0159.cz v \u010dervnu o Ladislavu Jaklovi"},"content":{"rendered":"<p><strong><span style=\"font-size:10.0pt;font-family:&quot;Arial&quot;,&quot;sans-serif&quot;\">Ladislav Jakl &#8211; <\/span><\/strong><span style=\"font-size: 10.0pt; font-family: &quot;Arial&quot;,&quot;sans-serif&quot;;\">Nejm\u00e9n\u011b  diskutovan\u00fd potenci\u00e1ln\u00ed kandid\u00e1t<\/span><span style=\"font-size:10.0pt;font-family:&quot;Arial&quot;,&quot;sans-serif&quot;\"> <\/span><\/p>\n<div>\n<p><span style=\"font-size:10.0pt;font-family:&quot;Arial&quot;,&quot;sans-serif&quot;\"> <\/span><\/p>\n<p><span style=\"font-size:10.0pt;font-family:&quot;Arial&quot;,&quot;sans-serif&quot;\"><!--more--><\/span><\/p>\n<p><span style=\"font-size:10.0pt;font-family:&quot;Arial&quot;,&quot;sans-serif&quot;\"><a href=\"https:\/\/www.ladislavjakl.cz\/wp-content\/uploads\/2012\/08\/jakl-zminky-480x175.jpg\"><img loading=\"lazy\" decoding=\"async\" class=\"aligncenter size-full wp-image-2502\" title=\"jakl-zminky-480x175\" src=\"https:\/\/www.ladislavjakl.cz\/wp-content\/uploads\/2012\/08\/jakl-zminky-480x175.jpg\" alt=\"jakl-zminky-480x175\" width=\"423\" height=\"154\" srcset=\"https:\/\/www.ladislavjakl.cz\/wp-content\/uploads\/2012\/08\/jakl-zminky-480x175.jpg 480w, https:\/\/www.ladislavjakl.cz\/wp-content\/uploads\/2012\/08\/jakl-zminky-480x175-264x96.jpg 264w\" sizes=\"auto, (max-width: 423px) 100vw, 423px\" \/><\/a><br \/>\n<\/span><\/div>\n<p><span style=\"font-size:10.0pt;font-family:&quot;Arial&quot;,&quot;sans-serif&quot;\">Nejv\u00edce se o Jaklovi mluvilo koncem  kv\u011btna, kdy Klausova poradce oslovili Svobodn\u00ed. Podruh\u00e9 pak 17. \u010dervna,  kdy Svobodn\u00ed svoji volbu potvrdili a ozn\u00e1mili, \u017ee za\u010d\u00ednaj\u00ed sb\u00edrat  podpisy na podporu kandidatury. <\/span><\/p>\n<div><a href=\"https:\/\/www.ladislavjakl.cz\/wp-content\/uploads\/2012\/08\/jakl-zdroje-480x443.jpg\"><img loading=\"lazy\" decoding=\"async\" class=\"aligncenter size-full wp-image-2503\" title=\"jakl-zdroje-480x443\" src=\"https:\/\/www.ladislavjakl.cz\/wp-content\/uploads\/2012\/08\/jakl-zdroje-480x443.jpg\" alt=\"jakl-zdroje-480x443\" width=\"421\" height=\"388\" srcset=\"https:\/\/www.ladislavjakl.cz\/wp-content\/uploads\/2012\/08\/jakl-zdroje-480x443.jpg 480w, https:\/\/www.ladislavjakl.cz\/wp-content\/uploads\/2012\/08\/jakl-zdroje-480x443-264x243.jpg 264w\" sizes=\"auto, (max-width: 421px) 100vw, 421px\" \/><\/a><\/div>\n<p><span style=\"font-size:10.0pt;font-family:&quot;Arial&quot;,&quot;sans-serif&quot;\">I p\u0159es to, \u017ee se jedn\u00e1 o mal\u00e9 po\u010dty, graf rozlo\u017een\u00ed zdroj\u016f ukazuje, \u017ee je zde jist\u00e1 vyv\u00e1\u017eenost \u2013 sice m\u00e1lo, ale v\u0161ude. <\/span><\/p>\n","protected":false},"excerpt":{"rendered":"<p>Ladislav Jakl &#8211; Nejm\u00e9n\u011b diskutovan\u00fd potenci\u00e1ln\u00ed kandid\u00e1t<\/p>\n","protected":false},"author":1,"featured_media":0,"comment_status":"open","ping_status":"open","sticky":false,"template":"","format":"standard","meta":{"ngg_post_thumbnail":0,"footnotes":""},"categories":[17,11],"tags":[],"class_list":["post-2501","post","type-post","status-publish","format-standard","hentry","category-jakl-president","category-ozvena"],"_links":{"self":[{"href":"https:\/\/www.ladislavjakl.cz\/index.php?rest_route=\/wp\/v2\/posts\/2501","targetHints":{"allow":["GET"]}}],"collection":[{"href":"https:\/\/www.ladislavjakl.cz\/index.php?rest_route=\/wp\/v2\/posts"}],"about":[{"href":"https:\/\/www.ladislavjakl.cz\/index.php?rest_route=\/wp\/v2\/types\/post"}],"author":[{"embeddable":true,"href":"https:\/\/www.ladislavjakl.cz\/index.php?rest_route=\/wp\/v2\/users\/1"}],"replies":[{"embeddable":true,"href":"https:\/\/www.ladislavjakl.cz\/index.php?rest_route=%2Fwp%2Fv2%2Fcomments&post=2501"}],"version-history":[{"count":2,"href":"https:\/\/www.ladislavjakl.cz\/index.php?rest_route=\/wp\/v2\/posts\/2501\/revisions"}],"predecessor-version":[{"id":2505,"href":"https:\/\/www.ladislavjakl.cz\/index.php?rest_route=\/wp\/v2\/posts\/2501\/revisions\/2505"}],"wp:attachment":[{"href":"https:\/\/www.ladislavjakl.cz\/index.php?rest_route=%2Fwp%2Fv2%2Fmedia&parent=2501"}],"wp:term":[{"taxonomy":"category","embeddable":true,"href":"https:\/\/www.ladislavjakl.cz\/index.php?rest_route=%2Fwp%2Fv2%2Fcategories&post=2501"},{"taxonomy":"post_tag","embeddable":true,"href":"https:\/\/www.ladislavjakl.cz\/index.php?rest_route=%2Fwp%2Fv2%2Ftags&post=2501"}],"curies":[{"name":"wp","href":"https:\/\/api.w.org\/{rel}","templated":true}]}}