{"id":2508,"date":"2012-08-31T14:47:14","date_gmt":"2012-08-31T12:47:14","guid":{"rendered":"http:\/\/www.ladislavjakl.cz\/?p=2508"},"modified":"2012-08-31T14:47:14","modified_gmt":"2012-08-31T12:47:14","slug":"souperi-mi-nevadi-rika-jakl-v-anketach-je-drti","status":"publish","type":"post","link":"https:\/\/www.ladislavjakl.cz\/?p=2508","title":{"rendered":"Soupe\u0159i mi nevad\u00ed, \u0159\u00edk\u00e1 Jakl. V anket\u00e1ch je drt\u00ed"},"content":{"rendered":"<div>Prezidentsk\u00fd kandid\u00e1t Ladislav Jakl nen\u00ed znepokojen t\u00edm, jak p\u0159ib\u00fdv\u00e1 dal\u0161\u00edch a dal\u0161\u00edch uchaze\u010d\u016f o k\u0159eslo prezidenta. Naopak.<\/div>\n<div style=\"margin-top: 15px;\"><!--more--><strong><span style=\"font-size: x-small;\">16.srpen 2012<\/span><\/strong> &#8211; <strong><span style=\"font-size: x-small;\">11:00<\/span><\/strong><\/div>\n<p>&#8222;Od za\u010d\u00e1tku jsem  po tom volal,&#8220; odpov\u00edd\u00e1 Jakl na dotaz den\u00edku Metro, zda ho st\u00e1le  nar\u016fstaj\u00edc\u00ed po\u010det prezidentsk\u00fdch kandid\u00e1t\u016f neznepokojuje.<\/p>\n<p>&#8222;P\u016fl  roku n\u00e1s m\u00e9dia krmila p\u0159edem vybran\u00fdm okruhem obl\u00edbenc\u016f a nutila n\u00e1s  povinn\u011b vyb\u00edrat jen z nich. Je ale t\u0159eba, aby voli\u010di v kolekci kandid\u00e1t\u016f  na\u0161li toho sv\u00e9ho a nemuseli volit se sk\u0159\u00edp\u011bj\u00edc\u00edmi zuby nejmen\u0161\u00ed zlo,&#8220;  vysv\u011btlil prezident\u016fv tajemn\u00edk, kter\u00fd se s\u00e1m do sout\u011b\u017ee o post hlavy  st\u00e1tu p\u0159ihl\u00e1sil.<\/p>\n<p>Konkurenty p\u0159itom nepodce\u0148uje. Bere je v\u00e1\u017en\u011b.  &#8222;Ka\u017ed\u00fd \u010dlov\u011bk si zaslou\u017e\u00ed v\u00e1\u017enost a \u00factu. Nejsem jako na\u0161i novin\u00e1\u0159i,  kte\u0159\u00ed o n\u011bkter\u00fdch uchaze\u010d\u00edch dop\u0159edu p\u00ed\u0161\u00ed pohrdliv\u011b a posm\u011b\u0161n\u011b, co jako  \u017ee si to dovoluj\u00ed.&#8220;<\/p>\n<p>Jakl tak\u00e9 odpov\u011bd\u011bl na dotaz, zda si nemysl\u00ed,  \u017ee vynech\u00e1v\u00e1n\u00ed n\u011bkter\u00fdch kandid\u00e1t\u016f z novin\u00e1\u0159sk\u00fdch anket (jak se d\u011bje i v  jeho p\u0159\u00edpad\u011b, na co\u017e si nejednou st\u011b\u017eoval), nen\u00ed d\u00e1no ve skute\u010dnosti  pr\u00e1v\u011b a jen t\u00edm, \u017ee kandid\u00e1t\u016f rapidn\u011b p\u0159ib\u00fdv\u00e1 a je \u00fanavn\u00e9 ankety  neust\u00e1le dopl\u0148ovat o nov\u00e9 tv\u00e1\u0159e.<\/p>\n<p>To si ale Jakl nemysl\u00ed. &#8222;Ne, to  nen\u00ed t\u00edm. N\u011bkter\u00e9 nov\u00e9 tv\u00e1\u0159e jsou om\u00edlan\u00e9 od prvn\u00edch dn\u016f, kdy se o nich  v\u00ed, j\u00e1 se leckde neobjevuji ani po dvou m\u011bs\u00edc\u00edch. Asi nepat\u0159\u00edm do t\u00e9  spr\u00e1vn\u00e9 party. Nebo si to ti druz\u00ed zaplatili,&#8220; odpov\u00edd\u00e1 rezolutn\u011b.<\/p>\n<p>S\u00e1m  na skute\u010dnost, \u017ee je v m\u00e9di\u00edch mezi p\u0159ehledy uchaze\u010d\u016f o Hrad ignorov\u00e1n,  upozornil nap\u0159\u00edklad v ned\u00e1vn\u00e9 glose. &#8222;Sl\u00e1va! Hospod\u00e1\u0159sk\u00e9 noviny m\u011b  vzaly na v\u011bdom\u00ed!&#8220; raduje se v n\u00ed.<\/p>\n<p>&#8222;Po n\u011bkolika m\u011bs\u00edc\u00edch ml\u010den\u00ed o  existenci m\u00e9 osoby uk\u00e1zaly Hospod\u00e1\u0159sk\u00e9 noviny v pond\u011bl\u00ed 13. srpna, \u017ee na  m\u011b v\u016fbec nezanev\u0159ely. Ba naopak. Ignorov\u00e1n\u00ed v p\u0159ehledech prezidentsk\u00fdch  aspirant\u016f a v anket\u00e1ch o jejich podpo\u0159e bylo jen navnad\u011bn\u00edm na skute\u010dn\u00fd  bonus. Nejen\u017ee HN uvedly m\u00e9 jm\u00e9no, ale dokonce na prvn\u00ed stran\u011b v  otev\u00edr\u00e1kov\u00e9m titulku! Sice jim v tom titulku n\u011bkolik p\u00edsmen p\u0159eb\u00fdv\u00e1, ale  i tak je to bomba, jen pova\u017ete: JAK LOND\u00ddN OKOUZLIL SV\u011aT.&#8220;<\/p>\n<p>Ve  skute\u010dnosti si ale Jakl v t\u011bch m\u00e1lo anket\u00e1ch, kter\u00e9 na n\u011bj nezapom\u00ednaj\u00ed a  poctiv\u011b ho uv\u00e1d\u00ed, nevede v\u016fbec \u0161patn\u011b. Vede si dokonce velice dob\u0159e &#8211;  je vid\u011bt, \u017ee \u010dten\u00e1\u0159i internetov\u00fdch m\u00e9di\u00ed mu fand\u00ed.<\/p>\n<p>V anket\u011b  serveru Denik.cz skon\u010dil ze dvan\u00e1cti uchaze\u010d\u016f hned na druh\u00e9m m\u00edst\u011b (21  procent) za Milo\u0161em Zemanem (33 procent) a v\u0161echny konkurenty nechal  daleko za sebou (dal\u0161\u00ed m\u00e1 jen dev\u011bt procent).<\/p>\n<p>V anket\u011b idnes.cz z\u00edskal slu\u0161nou t\u0159et\u00ed pozici za Janem Fischerem a Milo\u0161em Zemanem a v anket\u011b Aktualne.cz skon\u010dil tak\u00e9 t\u0159et\u00ed. &#8211; <a href=\"https:\/\/www.ladislavjakl.cz\/?p=2412\" target=\"_blank\"><em><strong>v\u00edce zde<\/strong><\/em><\/a><\/p>\n<p>To bude tedy nejsp\u00ed\u0161e ten prav\u00fd d\u016fvod, pro\u010d ho mainstremov\u00e1 m\u00e9dia rad\u011bji p\u0159ehl\u00ed\u017eej\u00ed.<\/p>\n<p><a href=\"http:\/\/www.prvnizpravy.cz\/zpravy\/z-domova\/souperi-mi-nevadi-rika-jakl--v-anketach-je-drti\/\" target=\"_blank\">Zdroj<\/a><\/p>\n","protected":false},"excerpt":{"rendered":"<p>Prezidentsk\u00fd kandid\u00e1t Ladislav Jakl nen\u00ed znepokojen t\u00edm, jak p\u0159ib\u00fdv\u00e1 dal\u0161\u00edch a dal\u0161\u00edch uchaze\u010d\u016f o k\u0159eslo prezidenta. Naopak.<\/p>\n","protected":false},"author":1,"featured_media":0,"comment_status":"open","ping_status":"open","sticky":false,"template":"","format":"standard","meta":{"ngg_post_thumbnail":0,"footnotes":""},"categories":[11],"tags":[],"class_list":["post-2508","post","type-post","status-publish","format-standard","hentry","category-ozvena"],"_links":{"self":[{"href":"https:\/\/www.ladislavjakl.cz\/index.php?rest_route=\/wp\/v2\/posts\/2508","targetHints":{"allow":["GET"]}}],"collection":[{"href":"https:\/\/www.ladislavjakl.cz\/index.php?rest_route=\/wp\/v2\/posts"}],"about":[{"href":"https:\/\/www.ladislavjakl.cz\/index.php?rest_route=\/wp\/v2\/types\/post"}],"author":[{"embeddable":true,"href":"https:\/\/www.ladislavjakl.cz\/index.php?rest_route=\/wp\/v2\/users\/1"}],"replies":[{"embeddable":true,"href":"https:\/\/www.ladislavjakl.cz\/index.php?rest_route=%2Fwp%2Fv2%2Fcomments&post=2508"}],"version-history":[{"count":1,"href":"https:\/\/www.ladislavjakl.cz\/index.php?rest_route=\/wp\/v2\/posts\/2508\/revisions"}],"predecessor-version":[{"id":2509,"href":"https:\/\/www.ladislavjakl.cz\/index.php?rest_route=\/wp\/v2\/posts\/2508\/revisions\/2509"}],"wp:attachment":[{"href":"https:\/\/www.ladislavjakl.cz\/index.php?rest_route=%2Fwp%2Fv2%2Fmedia&parent=2508"}],"wp:term":[{"taxonomy":"category","embeddable":true,"href":"https:\/\/www.ladislavjakl.cz\/index.php?rest_route=%2Fwp%2Fv2%2Fcategories&post=2508"},{"taxonomy":"post_tag","embeddable":true,"href":"https:\/\/www.ladislavjakl.cz\/index.php?rest_route=%2Fwp%2Fv2%2Ftags&post=2508"}],"curies":[{"name":"wp","href":"https:\/\/api.w.org\/{rel}","templated":true}]}}