{"id":2511,"date":"2012-08-31T14:52:01","date_gmt":"2012-08-31T12:52:01","guid":{"rendered":"http:\/\/www.ladislavjakl.cz\/?p=2511"},"modified":"2012-08-31T14:52:01","modified_gmt":"2012-08-31T12:52:01","slug":"ladislav-jakl-odpovida-na-dotazy-z-facebooku","status":"publish","type":"post","link":"https:\/\/www.ladislavjakl.cz\/?p=2511","title":{"rendered":"Ladislav Jakl odpov\u00edd\u00e1 na dotazy z Facebooku"},"content":{"rendered":"<p><strong>A. \u010c.: Jak vid\u00edte situaci na bl\u00edzk\u00e9m v\u00fdchod\u011b? \/S\u00fdrie, Ir\u00e1n&#8230; \/<\/strong><\/p>\n<p><strong><!--more--><\/strong>Jako nestabiln\u00ed a potenci\u00e1ln\u011b nebezpe\u010dnou. I kv\u016fli nevhodn\u00e9mu anga\u017em\u00e1 n\u00e1s, ze z\u00e1padn\u00edch zem\u00ed, kte\u0159\u00ed se pleteme do v\u011bc\u00ed, kter\u00fdm nerozum\u00edme.<\/p>\n<p><strong>Jak hodnot\u00edte z\u00e1sah NATO v Libyi?<br \/>\n<\/strong><\/p>\n<p>Jsem jeho kritikem od prvn\u00edho dne.<\/p>\n<p><strong>Co si mysl\u00edte o z\u00e1kazu gener\u00e1ln\u00edho \u0159editele \u010cT P. Dvo\u0159\u00e1ka odvys\u00edlat projev b\u00fdval\u00e9ho \u0161\u00e9fa NATO americk\u00e9ho gener\u00e1la W. Clarka z r. 2007 &#8211; vydal tenkr\u00e1t sv\u011bdectv\u00ed o tom, jak na podzim 2001 Pentagon dostal p\u0159\u00edkaz svrhnout vl\u00e1dy v Ir\u00e1ku, Libyii, S\u00fdrii, Libanonu, Som\u00e1lsku, Sud\u00e1nu a Ir\u00e1nu.<br \/>\n<\/strong><\/p>\n<p>O tom z\u00e1kazu nev\u00edm. Jestli to tak je, pak je to selh\u00e1n\u00ed v d\u016fle\u017eit\u00e9 funkci \u010cesk\u00e9 televize, kv\u016fli kter\u00e9 si ji plat\u00edme.<\/p>\n<p><strong>Je mo\u017en\u00e9, \u017ee to povede k WW III. (Zbrojn\u00edm koncern\u016fm to mysl\u00edm vadit nebude, a v dob\u011b, kdy bankrotuj\u00ed mnoh\u00e9 zem\u011b, tak to odvede asi pozornost od vnit\u0159n\u00edch probl\u00e9m\u016f &#8230;t\u0159eba v USA).<br \/>\n<\/strong><\/p>\n<p>Klasick\u00e1 t\u0159et\u00ed sv\u011btov\u00e1 nehroz\u00ed. Hroz\u00ed ale n\u011bkolik desetilet\u00ed chaosu a nestability.<\/p>\n<p><strong>O. \u0160. Dobr\u00fd den, jsem \u010dlenem skupiny iv\u010drn. M\u00e1m dotaz na pana Jakla, jak\u00fd je jeho n\u00e1zor na islamizaci \u010cR a projekt euromed &#8211; islamizace EU.<br \/>\n<\/strong><\/p>\n<p>Um\u011ble podporovan\u00e1 islamizace Z\u00e1padu je civiliza\u010dn\u00ed sebevra\u017edou.<\/p>\n<p><strong>F. \u0160. Institut prezidenta republiky spojuje n\u011bkolik oblast\u00ed: Kulturn\u00ed, politickou a tak\u00e9 diplomatickou a vojenskou. Kter\u00e9 \u010d\u00e1sti m\u00e1te zvl\u00e1dnut\u00e9, a jak se stav\u00edte k dal\u0161\u00edm t\u0159eba ne tolik pokryt\u00fdm?<\/strong><\/p>\n<p>Zvl\u00e1dnut\u00e9 ur\u010dit\u011b p\u0159im\u011b\u0159en\u011b v\u0161echny. Jen co se t\u00fd\u010de vojenstv\u00ed, tam jsem to dot\u00e1hl jen na spr\u00e1vce v\u00fdstrojn\u00edho skladu.<\/p>\n","protected":false},"excerpt":{"rendered":"<p>A. \u010c.: Jak vid\u00edte situaci na bl\u00edzk\u00e9m v\u00fdchod\u011b? \/S\u00fdrie, Ir\u00e1n&#8230; \/<\/p>\n","protected":false},"author":1,"featured_media":0,"comment_status":"open","ping_status":"open","sticky":false,"template":"","format":"standard","meta":{"ngg_post_thumbnail":0,"footnotes":""},"categories":[17,13],"tags":[],"class_list":["post-2511","post","type-post","status-publish","format-standard","hentry","category-jakl-president","category-rozhovory"],"_links":{"self":[{"href":"https:\/\/www.ladislavjakl.cz\/index.php?rest_route=\/wp\/v2\/posts\/2511","targetHints":{"allow":["GET"]}}],"collection":[{"href":"https:\/\/www.ladislavjakl.cz\/index.php?rest_route=\/wp\/v2\/posts"}],"about":[{"href":"https:\/\/www.ladislavjakl.cz\/index.php?rest_route=\/wp\/v2\/types\/post"}],"author":[{"embeddable":true,"href":"https:\/\/www.ladislavjakl.cz\/index.php?rest_route=\/wp\/v2\/users\/1"}],"replies":[{"embeddable":true,"href":"https:\/\/www.ladislavjakl.cz\/index.php?rest_route=%2Fwp%2Fv2%2Fcomments&post=2511"}],"version-history":[{"count":2,"href":"https:\/\/www.ladislavjakl.cz\/index.php?rest_route=\/wp\/v2\/posts\/2511\/revisions"}],"predecessor-version":[{"id":2513,"href":"https:\/\/www.ladislavjakl.cz\/index.php?rest_route=\/wp\/v2\/posts\/2511\/revisions\/2513"}],"wp:attachment":[{"href":"https:\/\/www.ladislavjakl.cz\/index.php?rest_route=%2Fwp%2Fv2%2Fmedia&parent=2511"}],"wp:term":[{"taxonomy":"category","embeddable":true,"href":"https:\/\/www.ladislavjakl.cz\/index.php?rest_route=%2Fwp%2Fv2%2Fcategories&post=2511"},{"taxonomy":"post_tag","embeddable":true,"href":"https:\/\/www.ladislavjakl.cz\/index.php?rest_route=%2Fwp%2Fv2%2Ftags&post=2511"}],"curies":[{"name":"wp","href":"https:\/\/api.w.org\/{rel}","templated":true}]}}