{"id":2517,"date":"2012-09-04T14:53:54","date_gmt":"2012-09-04T12:53:54","guid":{"rendered":"http:\/\/www.ladislavjakl.cz\/?p=2517"},"modified":"2012-09-04T14:53:54","modified_gmt":"2012-09-04T12:53:54","slug":"sms-ladislava-jakla-ministru-zivotniho-prostredi-chalupovi","status":"publish","type":"post","link":"https:\/\/www.ladislavjakl.cz\/?p=2517","title":{"rendered":"SMS Ladislava Jakla ministru \u017eivotn\u00edho prost\u0159ed\u00ed Chalupovi"},"content":{"rendered":"<p>V\u00e1\u017een\u00fd pane minist\u0159e, s\u00a0jist\u00fdm pobaven\u00edm sleduji hru n\u011bkter\u00fdch aktivistick\u00fdch novin\u00e1\u0159\u016f se stanoviskem KPR v\u00a0p\u0159ipom\u00ednkov\u00e9m \u0159\u00edzen\u00ed kolem z\u00e1kona o NP\u0160.<\/p>\n<p><!--more-->V\u00e1m snad nemus\u00edm \u0159\u00edkat, \u017ee v\u00a0r\u00e1mci legislativn\u00edho procesu takov\u00fdch stanovisek vyd\u00e1v\u00e1me stovky a prezident republiky je ani nep\u00ed\u0161e, ani neschvaluje, je to \u00fakon na \u00fa\u0159ednick\u00e9 \u00farovni. V\u00a0tomto p\u0159\u00edpad\u011b doty\u010dn\u00fd extern\u00ed poradce zaujal k\u00a0z\u00e1konu vyhran\u011bn\u00fd postoj z\u00a0ideov\u00fdch pravicov\u00fdch pozic. Takov\u00fd t\u00f3n v\u00a0debat\u011b zazn\u00edt mus\u00ed, jinak by bylo sly\u0161et jen zelen\u00e9 fanatiky, kte\u0159\u00ed \u0160umavu ni\u010d\u00ed u\u017e l\u00e9ta. Je pochopiteln\u00e9, \u017ee kompromisn\u00ed politika Va\u0161eho \u00fa\u0159adu se setk\u00e1v\u00e1 s\u00a0kritikou z\u00a0obou stran. Ta, kter\u00e1 vze\u0161la z\u00a0KPR, v\u00a0\u017e\u00e1dn\u00e9m p\u0159\u00edpad\u011b nen\u00ed projevem kritiky prezidenta v\u016f\u010di V\u00e1m nebo samotn\u00e9mu z\u00e1konu, ale pot\u0159eby, aby alespo\u0148 na expertn\u00ed \u00farovni zazn\u011bl i hlas d\u016fsledn\u011b h\u00e1j\u00edc\u00ed svobodu a broj\u00edc\u00ed proti regulaci. A t\u011bm aktivist\u016fm vy\u0159i\u010fte, \u017ee \u201ekauzu\u201c z\u00a0t\u00e9hle v\u011bci neuva\u0159\u00ed. S\u00a0pozdravem \u201estop zelen\u00fdm mozk\u016fm\u201c.<\/p>\n<p>V\u00e1\u0161 L. J.<\/p>\n","protected":false},"excerpt":{"rendered":"<p>V\u00e1\u017een\u00fd pane minist\u0159e, s\u00a0jist\u00fdm pobaven\u00edm sleduji hru n\u011bkter\u00fdch aktivistick\u00fdch novin\u00e1\u0159\u016f se stanoviskem KPR v\u00a0p\u0159ipom\u00ednkov\u00e9m \u0159\u00edzen\u00ed kolem z\u00e1kona o NP\u0160.<\/p>\n","protected":false},"author":1,"featured_media":0,"comment_status":"open","ping_status":"open","sticky":false,"template":"","format":"standard","meta":{"ngg_post_thumbnail":0,"footnotes":""},"categories":[6],"tags":[],"class_list":["post-2517","post","type-post","status-publish","format-standard","hentry","category-co-jsem-nerekl"],"_links":{"self":[{"href":"https:\/\/www.ladislavjakl.cz\/index.php?rest_route=\/wp\/v2\/posts\/2517","targetHints":{"allow":["GET"]}}],"collection":[{"href":"https:\/\/www.ladislavjakl.cz\/index.php?rest_route=\/wp\/v2\/posts"}],"about":[{"href":"https:\/\/www.ladislavjakl.cz\/index.php?rest_route=\/wp\/v2\/types\/post"}],"author":[{"embeddable":true,"href":"https:\/\/www.ladislavjakl.cz\/index.php?rest_route=\/wp\/v2\/users\/1"}],"replies":[{"embeddable":true,"href":"https:\/\/www.ladislavjakl.cz\/index.php?rest_route=%2Fwp%2Fv2%2Fcomments&post=2517"}],"version-history":[{"count":1,"href":"https:\/\/www.ladislavjakl.cz\/index.php?rest_route=\/wp\/v2\/posts\/2517\/revisions"}],"predecessor-version":[{"id":2518,"href":"https:\/\/www.ladislavjakl.cz\/index.php?rest_route=\/wp\/v2\/posts\/2517\/revisions\/2518"}],"wp:attachment":[{"href":"https:\/\/www.ladislavjakl.cz\/index.php?rest_route=%2Fwp%2Fv2%2Fmedia&parent=2517"}],"wp:term":[{"taxonomy":"category","embeddable":true,"href":"https:\/\/www.ladislavjakl.cz\/index.php?rest_route=%2Fwp%2Fv2%2Fcategories&post=2517"},{"taxonomy":"post_tag","embeddable":true,"href":"https:\/\/www.ladislavjakl.cz\/index.php?rest_route=%2Fwp%2Fv2%2Ftags&post=2517"}],"curies":[{"name":"wp","href":"https:\/\/api.w.org\/{rel}","templated":true}]}}