{"id":2519,"date":"2012-09-04T14:55:15","date_gmt":"2012-09-04T12:55:15","guid":{"rendered":"http:\/\/www.ladislavjakl.cz\/?p=2519"},"modified":"2012-09-04T14:55:15","modified_gmt":"2012-09-04T12:55:15","slug":"kalousku-tebe-se-nikdo-na-nic-neptal-setrel-ministra-klausuv-tajemnik","status":"publish","type":"post","link":"https:\/\/www.ladislavjakl.cz\/?p=2519","title":{"rendered":"Kalousku, tebe se nikdo na nic neptal, set\u0159el ministra Klaus\u016fv tajemn\u00edk"},"content":{"rendered":"<p>Prezident V\u00e1clav Klaus ve sv\u00e9m dopise l\u00eddr\u016fm koalice po\u017e\u00e1dal p\u0159ed\u00e1ky  koali\u010dn\u00edch stran, aby se zaru\u010dili, \u017ee c\u00edrkevn\u00ed restituce neprolom\u00ed datum  25. \u00fanora 1948. Ministr financ\u00ed Miroslav Kalousek ale Klause odbyl s  t\u00edm, \u017ee je to nesmysl a \u017ee je l\u00e9pe tuto v\u00fdzvu zcela ignorovat.  Prezident\u016fv tajemn\u00edk Ladislav Jakl mu ale vzk\u00e1zal, \u017ee jeho prezident o  nic nepros\u00ed.<\/p>\n<p><!--more--><\/p>\n<p>Klaus poslal dopis premi\u00e9rovi a p\u0159edsedovi ODS Petru Ne\u010dasovi, prvn\u00edmu  vicepremi\u00e9rovi vl\u00e1dy a p\u0159edsedovi TOP 09 Karlu Schwarzenbergovi a  vicepremi\u00e9rce a p\u0159edsedkyni Lidem Karol\u00edn\u011b Peake.<\/p>\n<h4>Uji\u0161t\u011bn\u00ed je z\u00e1sadn\u00ed pro podpis<\/h4>\n<p>Klaus napsal, \u017ee ho znepokojuj\u00ed obavy \u0159ady ob\u010dan\u016f i pr\u00e1vn\u00edch odborn\u00edk\u016f z  mo\u017en\u00e9ho prolomen\u00ed restitu\u010dn\u00ed hranice 25. \u00fanora 1948 z\u00e1konem o  c\u00edrkevn\u00edch restituc\u00edch, a proto se na n\u011b obr\u00e1til se \u017e\u00e1dost\u00ed o jejich  osobn\u00ed garanci toho, \u017ee p\u0159ijet\u00ed z\u00e1kona nebude v \u017e\u00e1dn\u00e9m p\u0159\u00edpad\u011b znamenat  nebezpe\u010dn\u00fd precedens prolomen\u00ed t\u00e9to restitu\u010dn\u00ed hranice. \u201eVa\u0161e uji\u0161t\u011bn\u00ed  pova\u017euji pro sebe za z\u00e1sadn\u00ed pro eventu\u00e1ln\u00ed podpis zm\u00edn\u011bn\u00e9ho z\u00e1kona,\u201c  napsal prezident.<\/p>\n<p>Podle ministra financ\u00ed Miroslava Kalouska z TOP 09 je v\u0161ak Klausova  podm\u00ednka \u201enesmysln\u00e1 a ne\u00fastavn\u00ed\u201c a on by ji zcela ignoroval. \u201eTo je  nep\u0159\u00edpadn\u00e1 novelizace \u00fastavy. Nechci mluvit za na\u0161eho p\u0159edsedu (Karla  Schwarzenberga), ale j\u00e1 bych na n\u011bco takov\u00e9ho nereagoval,\u201c \u0159ekl ve  \u010dtvrtek Pr\u00e1vu Kalousek.<\/p>\n<p>Parlamentn\u00edListy.cz po\u017e\u00e1daly Klausova tajemn\u00edka Ladislava Jakla o  reakci na to, \u017ee Kalousek Klausovu \u017e\u00e1dost o garanci ozna\u010dil za  nesmyslnou. \u201ePo panu Kalouskovi nikdo \u017e\u00e1dnou garanci nechce,\u201c reagoval  stru\u010dn\u011b \u0161\u00e9f Politick\u00e9ho odboru Kancel\u00e1\u0159e prezidenta republiky Ladislav  Jakl.<\/p>\n<p><a href=\"http:\/\/www.parlamentnilisty.cz\/zpravy\/Kalousku-tebe-se-nikdo-na-nic-neptal-setrel-ministra-Klausuv-tajemnik-244763\" target=\"_blank\">Zdroj<\/a><\/p>\n","protected":false},"excerpt":{"rendered":"<p>Prezident V\u00e1clav Klaus ve sv\u00e9m dopise l\u00eddr\u016fm koalice po\u017e\u00e1dal p\u0159ed\u00e1ky koali\u010dn\u00edch stran, aby se zaru\u010dili, \u017ee c\u00edrkevn\u00ed restituce neprolom\u00ed datum 25. \u00fanora 1948. Ministr financ\u00ed Miroslav Kalousek ale Klause odbyl s t\u00edm, \u017ee je to nesmysl a \u017ee je l\u00e9pe tuto v\u00fdzvu zcela ignorovat. Prezident\u016fv tajemn\u00edk Ladislav Jakl mu ale vzk\u00e1zal, \u017ee jeho prezident o [&hellip;]<\/p>\n","protected":false},"author":1,"featured_media":0,"comment_status":"open","ping_status":"open","sticky":false,"template":"","format":"standard","meta":{"ngg_post_thumbnail":0,"footnotes":""},"categories":[11],"tags":[],"class_list":["post-2519","post","type-post","status-publish","format-standard","hentry","category-ozvena"],"_links":{"self":[{"href":"https:\/\/www.ladislavjakl.cz\/index.php?rest_route=\/wp\/v2\/posts\/2519","targetHints":{"allow":["GET"]}}],"collection":[{"href":"https:\/\/www.ladislavjakl.cz\/index.php?rest_route=\/wp\/v2\/posts"}],"about":[{"href":"https:\/\/www.ladislavjakl.cz\/index.php?rest_route=\/wp\/v2\/types\/post"}],"author":[{"embeddable":true,"href":"https:\/\/www.ladislavjakl.cz\/index.php?rest_route=\/wp\/v2\/users\/1"}],"replies":[{"embeddable":true,"href":"https:\/\/www.ladislavjakl.cz\/index.php?rest_route=%2Fwp%2Fv2%2Fcomments&post=2519"}],"version-history":[{"count":2,"href":"https:\/\/www.ladislavjakl.cz\/index.php?rest_route=\/wp\/v2\/posts\/2519\/revisions"}],"predecessor-version":[{"id":2521,"href":"https:\/\/www.ladislavjakl.cz\/index.php?rest_route=\/wp\/v2\/posts\/2519\/revisions\/2521"}],"wp:attachment":[{"href":"https:\/\/www.ladislavjakl.cz\/index.php?rest_route=%2Fwp%2Fv2%2Fmedia&parent=2519"}],"wp:term":[{"taxonomy":"category","embeddable":true,"href":"https:\/\/www.ladislavjakl.cz\/index.php?rest_route=%2Fwp%2Fv2%2Fcategories&post=2519"},{"taxonomy":"post_tag","embeddable":true,"href":"https:\/\/www.ladislavjakl.cz\/index.php?rest_route=%2Fwp%2Fv2%2Ftags&post=2519"}],"curies":[{"name":"wp","href":"https:\/\/api.w.org\/{rel}","templated":true}]}}