{"id":2523,"date":"2012-09-04T15:15:16","date_gmt":"2012-09-04T13:15:16","guid":{"rendered":"http:\/\/www.ladislavjakl.cz\/?p=2523"},"modified":"2012-09-04T15:15:16","modified_gmt":"2012-09-04T13:15:16","slug":"ladislav-jakl-pro-ln-o-tykadlech-a-prezidentskem-tymu","status":"publish","type":"post","link":"https:\/\/www.ladislavjakl.cz\/?p=2523","title":{"rendered":"Ladislav Jakl pro LN o tykadlech a prezidentsk\u00e9m t\u00fdmu"},"content":{"rendered":"<p>V\u00e1\u017een\u00fd pane Jakle, cht\u011bla bych v\u00e1s po\u017e\u00e1dat o zodpov\u011bzen\u00ed n\u00ed\u017ee uveden\u00fdch dotaz\u016f. Jsou sou\u010d\u00e1st\u00ed ankety Lidov\u00fdch novin a serveru Lidovky.cz, kterou zas\u00edl\u00e1me v\u0161em v\u00e1\u017en\u00fdm kandid\u00e1t\u016fm na prezidenta\/prezidentku.<\/p>\n<p><!--more-->Anketn\u00ed ot\u00e1zka zn\u00ed:<\/p>\n<p>V p\u0159\u00edpad\u011b va\u0161eho v\u00edt\u011bzstv\u00ed v prezidentsk\u00e9 volb\u011b, koho byste si vybral do sv\u00e9ho t\u00fdmu poradc\u016f?<\/p>\n<p><em>Prezidentsk\u00fd medv\u011bd p\u0159\u00ed\u0161t\u00edho volebn\u00edho obdob\u00ed je\u0161t\u011b \u010dile b\u011bh\u00e1 po lese a nemysl\u00edm, \u017ee nyn\u00ed u\u017e je \u010das k d\u011blen\u00ed jeho k\u016f\u017ee v podob\u011b slibov\u00e1n\u00ed m\u00edst v p\u0159\u00ed\u0161t\u00edm hradn\u00edm t\u00fdmu. Ale jeden tip na poradce u\u017e m\u00e1m: docela dobr\u00fd by se mi zd\u00e1l V\u00e1clav Klaus.<\/em><\/p>\n<p>Abych sv\u016fj dotaz je\u0161t\u011b up\u0159esnila &#8211; o kom uva\u017eujete nap\u0159. jako o Vedouc\u00edm Kancel\u00e1\u0159e prezidenta republiky a jeho z\u00e1stupci? Koho byste cht\u011bl v \u010dele Politick\u00e9ho odboru? Koho byste zvolil jako poradce pro ekonomii, zem\u011bd\u011blstv\u00ed, zdravotnictv\u00ed, \u0161kolstv\u00ed, soci\u00e1ln\u00ed ot\u00e1zky atd.?<\/p>\n<p><em>Pokud ji\u017e dnes n\u011bkdo z aspirant\u016f na Hrad mluv\u00ed o konkr\u00e9tn\u00edch jm\u00e9nech na konkr\u00e9tn\u00ed m\u00edsta, nechov\u00e1 se zodpov\u011bdn\u011b. Mo\u017en\u00e1 by bylo dobr\u00e9 v\u016fbec se nejd\u0159\u00edv sezn\u00e1mit s agendou a syst\u00e9mem jej\u00edho vy\u0159izov\u00e1n\u00ed. J\u00e1 zn\u00e1m oboj\u00ed, ale nedovolil bych si nab\u00edzet funkce u\u017e v t\u00e9to f\u00e1zi. Tak\u00e9 bych podotknul, \u017ee ani nyn\u00ed neexistuj\u00ed \u017e\u00e1dn\u00ed specializovan\u00ed poradci po jednotliv\u00e9 obory. T\u011bch p\u00e1r sou\u010dasn\u00fdch extern\u00edch analytik\u016f mus\u00ed um\u011bt posoudit jak\u00fdkoli z\u00e1kon nebo probl\u00e9m. A podle mne to tak mus\u00ed z\u016fstat i nad\u00e1le, jinak by se na Hrad\u011b povalovaly des\u00edtky zbyte\u010dn\u011b placen\u00fdch nevyu\u017e\u00edvan\u00fdch lid\u00ed.<\/em><\/p>\n<p>Z\u00e1rove\u0148 v\u00e1s chci po\u017e\u00e1dat o odpov\u011b\u010f na ot\u00e1zku t\u00fdkaj\u00edc\u00ed se aktu\u00e1ln\u00edho d\u011bn\u00ed &#8211; b\u00fdval\u00fd olomouck\u00fd \u0159idi\u010d Roman Smetana, kter\u00fd v minulosti pokreslil politick\u00e9 volebn\u00ed plak\u00e1ty, si mus\u00ed po rozhodnut\u00ed Nejvy\u0161\u0161\u00edho soudu odpykat zbytek 100denn\u00edho trestu v\u011bzen\u00ed. V p\u0159\u00edpad\u011b \u017ee byste byl v sou\u010dasnosti v prezidentsk\u00e9 funkci a on po\u017e\u00e1dal o milost, ud\u011blil byste mu ji?<\/p>\n<p><em>Ne, neud\u011blil. Nevid\u00edm u n\u011bj \u017e\u00e1dn\u00e9 soci\u00e1ln\u00ed \u010di humatin\u00e1rn\u00ed argumenty, tak\u017ee takov\u00e1 milost by byla jen polemikou s v\u00fdrokem soudu a k tomu milost slou\u017eit nem\u00e1. Dod\u00e1v\u00e1m, \u017ee on nerespektoval rozhodnut\u00ed soudu o ve\u0159ejn\u011b prosp\u011b\u0161n\u00fdch pracech a tento v\u00fdvoj si s\u00e1m vybral. Proto tak\u00e9 o milost ani ne\u017e\u00e1dal. Jinou v\u011bc\u00ed je, zda za sv\u016fj p\u016fvodn\u00ed \u010din m\u011bl b\u00fdt takto trest\u00e1n. Podle m\u011b m\u011bl dostat pokutu a zaplatit \u0161kodu na ciz\u00edm majetku a ne b\u00fdt trestn\u011b popotahov\u00e1n. Douf\u00e1m tak\u00e9, \u017ee podobn\u011b solid\u00e1rn\u00ed v jednom \u0161iku budou m\u00e9dia i k tomu, kdo t\u0159eba dnes v noci namaluje tykadla exprezidentovi Havlovi na v\u00fdstav\u011b k 10 let\u016fm povodn\u00ed na Kamp\u011b.<\/em><\/p>\n<p>\u0160\u00e1rka P\u00e1lkov\u00e1, Lidovky.cz<\/p>\n","protected":false},"excerpt":{"rendered":"<p>V\u00e1\u017een\u00fd pane Jakle, cht\u011bla bych v\u00e1s po\u017e\u00e1dat o zodpov\u011bzen\u00ed n\u00ed\u017ee uveden\u00fdch dotaz\u016f. Jsou sou\u010d\u00e1st\u00ed ankety Lidov\u00fdch novin a serveru Lidovky.cz, kterou zas\u00edl\u00e1me v\u0161em v\u00e1\u017en\u00fdm kandid\u00e1t\u016fm na prezidenta\/prezidentku.<\/p>\n","protected":false},"author":1,"featured_media":0,"comment_status":"open","ping_status":"open","sticky":false,"template":"","format":"standard","meta":{"ngg_post_thumbnail":0,"footnotes":""},"categories":[17,13],"tags":[],"class_list":["post-2523","post","type-post","status-publish","format-standard","hentry","category-jakl-president","category-rozhovory"],"_links":{"self":[{"href":"https:\/\/www.ladislavjakl.cz\/index.php?rest_route=\/wp\/v2\/posts\/2523","targetHints":{"allow":["GET"]}}],"collection":[{"href":"https:\/\/www.ladislavjakl.cz\/index.php?rest_route=\/wp\/v2\/posts"}],"about":[{"href":"https:\/\/www.ladislavjakl.cz\/index.php?rest_route=\/wp\/v2\/types\/post"}],"author":[{"embeddable":true,"href":"https:\/\/www.ladislavjakl.cz\/index.php?rest_route=\/wp\/v2\/users\/1"}],"replies":[{"embeddable":true,"href":"https:\/\/www.ladislavjakl.cz\/index.php?rest_route=%2Fwp%2Fv2%2Fcomments&post=2523"}],"version-history":[{"count":1,"href":"https:\/\/www.ladislavjakl.cz\/index.php?rest_route=\/wp\/v2\/posts\/2523\/revisions"}],"predecessor-version":[{"id":2524,"href":"https:\/\/www.ladislavjakl.cz\/index.php?rest_route=\/wp\/v2\/posts\/2523\/revisions\/2524"}],"wp:attachment":[{"href":"https:\/\/www.ladislavjakl.cz\/index.php?rest_route=%2Fwp%2Fv2%2Fmedia&parent=2523"}],"wp:term":[{"taxonomy":"category","embeddable":true,"href":"https:\/\/www.ladislavjakl.cz\/index.php?rest_route=%2Fwp%2Fv2%2Fcategories&post=2523"},{"taxonomy":"post_tag","embeddable":true,"href":"https:\/\/www.ladislavjakl.cz\/index.php?rest_route=%2Fwp%2Fv2%2Ftags&post=2523"}],"curies":[{"name":"wp","href":"https:\/\/api.w.org\/{rel}","templated":true}]}}