{"id":2528,"date":"2012-09-05T15:16:50","date_gmt":"2012-09-05T13:16:50","guid":{"rendered":"http:\/\/www.ladislavjakl.cz\/?p=2528"},"modified":"2012-09-05T15:16:50","modified_gmt":"2012-09-05T13:16:50","slug":"smetanovi-bychom-dali-milost-shoduje-se-vetsina-kandidatu-na-hrad-jakl-ne","status":"publish","type":"post","link":"https:\/\/www.ladislavjakl.cz\/?p=2528","title":{"rendered":"Smetanovi bychom dali milost, shoduje se v\u011bt\u0161ina kandid\u00e1t\u016f na Hrad. Jakl ne"},"content":{"rendered":"<p>Roman Smetana by se m\u011bl vr\u00e1tit do v\u011bzen\u00ed, aby si odpykal zbytek trestu  za to, \u017ee znehodnocoval plak\u00e1ty v majetku politick\u00fdch stran. V\u011bt\u0161ina  kandid\u00e1t\u016f uch\u00e1zej\u00edc\u00ed se v p\u0159\u00edm\u00e9 volb\u011b o post hlavy st\u00e1tu se ov\u0161em  shoduje na tom, \u017ee by m\u011bl dostat milost. Najdou se ale i tac\u00ed, kte\u0159\u00ed  vyjad\u0159uj\u00ed v\u00fdhrady. Ladislav Jakl nebo P\u0159emysl Sobotka (ODS) tvrd\u00ed, \u017ee s  prezidentskou milost\u00ed by se m\u011blo \u0161et\u0159it.<\/p>\n<p><!--more--><\/p>\n<p>V\u011bt\u0161ina osobnost\u00ed, kter\u00e9 kandiduj\u00ed na post prezidenta republiky, by bez  v\u00e1h\u00e1n\u00ed ud\u011blila n\u011bkdej\u0161\u00edmu \u0159idi\u010di Romanu Smetanovi milost. Bez v\u00e1h\u00e1n\u00ed by  tak u\u010dinili Milo\u0161 Zeman, T\u00e1\u0148a Fischerov\u00e1 nebo Ji\u0159\u00ed Dienstbier (\u010cSSD).  Pon\u011bkud rezervovan\u011bji se k tomuto p\u0159\u00edpadu stav\u00ed sou\u010dasn\u00fd tajemn\u00edk  prezidenta Ladislav Jakl, favorizovan\u00fd kandid\u00e1t Jan Fischer, nebo  Vladim\u00edr Dlouh\u00fd. Ukazuje to anketa serveru Lidovky.cz.<\/p>\n<h4>S\u00e1m o milost ne\u017e\u00e1dal<\/h4>\n<p>Ladislav Jakl by sice Smetanovi milost neud\u011blil, ale z\u00e1rove\u0148 se  domn\u00edv\u00e1, \u017ee pokud pan Smetana zaplatil pokutu za po\u0161kozen\u00fd majetek,  nem\u011bl by b\u00fdt d\u00e1le soudn\u011b popotahov\u00e1n.<\/p>\n<p>&#8222;Ne, neud\u011blil. Nevid\u00edm u n\u011bj \u017e\u00e1dn\u00e9 soci\u00e1ln\u00ed \u010di humanit\u00e1rn\u00ed argumenty,  tak\u017ee takov\u00e1 milost by byla jen polemikou s v\u00fdrokem soudu a k tomu  milost slou\u017eit nem\u00e1. Dod\u00e1v\u00e1m, \u017ee on nerespektoval rozhodnut\u00ed soudu o  ve\u0159ejn\u011b prosp\u011b\u0161n\u00fdch prac\u00edch a tento v\u00fdvoj si s\u00e1m vybral. Proto tak\u00e9 o  milost ani ne\u017e\u00e1dal. Jinou v\u011bc\u00ed je, zda za sv\u016fj p\u016fvodn\u00ed \u010din m\u011bl b\u00fdt takto  trest\u00e1n. Podle m\u011b m\u011bl dostat pokutu a zaplatit \u0161kodu na ciz\u00edm majetku a  ne b\u00fdt trestn\u011b popotahov\u00e1n,&#8220; tvrd\u00ed Jakl.<\/p>\n<p>Vladim\u00edr Dlouh\u00fd nebo Karel Schwarzenberg k tomu \u0159\u00edkaj\u00ed, \u017ee u ka\u017ed\u00e9ho  p\u0159\u00edpadu ud\u011blen\u00ed milosti je t\u0159eba v\u00edce informac\u00ed, a na ot\u00e1zku nen\u00ed tak  snadn\u00e9 odpov\u011bd\u011bt, ale Schwarzenberg je dlouhodob\u011b zn\u00e1m jako bojovn\u00edk za  lidsk\u00e1 pr\u00e1va, podobn\u011b jako byl zn\u00e1m V\u00e1clav Havel.<\/p>\n<h4>Prezidentskou milost\u00ed je t\u0159eba \u0161et\u0159it na z\u00e1va\u017en\u011bj\u0161\u00ed p\u0159\u00edpady<\/h4>\n<p>Jeden z favorit\u016f prezidentsk\u00e9 volby Jan Fischer m\u00e1 za to, \u017ee  prezidentskou milost je t\u0159eba u\u017e\u00edt na mnohem z\u00e1va\u017en\u011bj\u0161\u00ed p\u0159\u00edpady, ne\u017e je  kauza Romana Smetany. Stejn\u011b to vid\u00ed i prezidentsk\u00fd kandid\u00e1t ob\u010dansk\u00fdch  demokrat\u016f sen\u00e1tor P\u0159emysl Sobotka.<\/p>\n<p><a href=\"http:\/\/www.parlamentnilisty.cz\/zpravy\/Smetanovi-bychom-dali-milost-shoduje-se-vetsina-kandidatu-na-Hrad-Jakl-ne-245108\" target=\"_blank\">Zdroj<\/a><\/p>\n","protected":false},"excerpt":{"rendered":"<p>Roman Smetana by se m\u011bl vr\u00e1tit do v\u011bzen\u00ed, aby si odpykal zbytek trestu za to, \u017ee znehodnocoval plak\u00e1ty v majetku politick\u00fdch stran. V\u011bt\u0161ina kandid\u00e1t\u016f uch\u00e1zej\u00edc\u00ed se v p\u0159\u00edm\u00e9 volb\u011b o post hlavy st\u00e1tu se ov\u0161em shoduje na tom, \u017ee by m\u011bl dostat milost. Najdou se ale i tac\u00ed, kte\u0159\u00ed vyjad\u0159uj\u00ed v\u00fdhrady. Ladislav Jakl nebo P\u0159emysl [&hellip;]<\/p>\n","protected":false},"author":1,"featured_media":0,"comment_status":"open","ping_status":"open","sticky":false,"template":"","format":"standard","meta":{"ngg_post_thumbnail":0,"footnotes":""},"categories":[17,11],"tags":[],"class_list":["post-2528","post","type-post","status-publish","format-standard","hentry","category-jakl-president","category-ozvena"],"_links":{"self":[{"href":"https:\/\/www.ladislavjakl.cz\/index.php?rest_route=\/wp\/v2\/posts\/2528","targetHints":{"allow":["GET"]}}],"collection":[{"href":"https:\/\/www.ladislavjakl.cz\/index.php?rest_route=\/wp\/v2\/posts"}],"about":[{"href":"https:\/\/www.ladislavjakl.cz\/index.php?rest_route=\/wp\/v2\/types\/post"}],"author":[{"embeddable":true,"href":"https:\/\/www.ladislavjakl.cz\/index.php?rest_route=\/wp\/v2\/users\/1"}],"replies":[{"embeddable":true,"href":"https:\/\/www.ladislavjakl.cz\/index.php?rest_route=%2Fwp%2Fv2%2Fcomments&post=2528"}],"version-history":[{"count":1,"href":"https:\/\/www.ladislavjakl.cz\/index.php?rest_route=\/wp\/v2\/posts\/2528\/revisions"}],"predecessor-version":[{"id":2529,"href":"https:\/\/www.ladislavjakl.cz\/index.php?rest_route=\/wp\/v2\/posts\/2528\/revisions\/2529"}],"wp:attachment":[{"href":"https:\/\/www.ladislavjakl.cz\/index.php?rest_route=%2Fwp%2Fv2%2Fmedia&parent=2528"}],"wp:term":[{"taxonomy":"category","embeddable":true,"href":"https:\/\/www.ladislavjakl.cz\/index.php?rest_route=%2Fwp%2Fv2%2Fcategories&post=2528"},{"taxonomy":"post_tag","embeddable":true,"href":"https:\/\/www.ladislavjakl.cz\/index.php?rest_route=%2Fwp%2Fv2%2Ftags&post=2528"}],"curies":[{"name":"wp","href":"https:\/\/api.w.org\/{rel}","templated":true}]}}