{"id":253,"date":"2010-02-16T13:01:11","date_gmt":"2010-02-16T12:01:11","guid":{"rendered":"http:\/\/www.ladislavjakl.cz\/?p=253"},"modified":"2010-02-16T13:01:11","modified_gmt":"2010-02-16T12:01:11","slug":"hnizdo-zasti-a-lzi","status":"publish","type":"post","link":"https:\/\/www.ladislavjakl.cz\/?p=253","title":{"rendered":"Hn\u00edzdo z\u00e1\u0161ti a l\u017ei"},"content":{"rendered":"<p>Kdy\u017e jsem pracoval v\u00a0Lidov\u00fdch novin\u00e1ch (1993 \u2013 1997), napsal jsem i \u010dty\u0159i kritick\u00e9 \u010dl\u00e1nky o prezidentovi. Nevy\u0161el ani jeden. Veden\u00ed mi vysv\u011btlilo, \u017ee pro slu\u0161n\u00fd list se nehod\u00ed ps\u00e1t o panu prezidentovi kriticky.<\/p>\n<p><!--more-->Pokrok ale nezastav\u00ed\u0161. Dnes se v LN o prezidentovi kriticky ps\u00e1t sm\u00ed. Na\u0161t\u011bst\u00ed. Ale nejen to. Lze i lh\u00e1t a ur\u00e1\u017eet a to ka\u017ed\u00fd den. Bude to asi t\u00edm, \u017ee prezidentem je dnes V\u00e1clav Klaus.<br \/>\nJedn\u00edm z\u00a0nezavilej\u0161\u00edch do LN ob\u010das p\u00ed\u0161\u00edc\u00edch klausofob\u016f je l\u00e9ka\u0159 Hn\u00edzdil. Jeho posedlost je takov\u00e1, \u017ee obeslal n\u011bkolik dal\u0161\u00edch l\u00e9ka\u0159\u016f, aby dali dohromady akci s\u00a0c\u00edlem prohl\u00e1sit V\u00e1clava Klause za bl\u00e1zna a pak ho sesadit. P\u0159ed nimi u\u017e takto s\u00a0lidmi jin\u00e9ho n\u00e1zoru zach\u00e1zel Stalin, to ale t\u011bmto l\u00e9ka\u0159\u016fm zneu\u017e\u00edvaj\u00edc\u00edm svou profesi k\u00a0projev\u016fm politick\u00e9ho extremismu nijak nevad\u00ed.<br \/>\nPat\u0159\u00ed toti\u017e mezi u n\u00e1s roz\u0161\u00ed\u0159en\u00fd \u017eivo\u010di\u0161n\u00fd druh, pro jeho\u017e jedince je zcela mimo ch\u00e1p\u00e1n\u00ed, \u017ee m\u016f\u017ee existovat n\u011bkdo s\u00a0jin\u00fdmi n\u00e1zory a m\u00edt pro n\u011b sv\u00e9 dobr\u00e9 d\u016fvody. Podle nich m\u016f\u017ee b\u00fdt nositel jin\u00e9ho n\u00e1zoru pouze \u010dlov\u011bk zl\u00e9 motivace nebo bl\u00e1zen.<br \/>\nHn\u00edzdil nakonec asi \u017e\u00e1dnou akci z\u00a0krou\u017eku sv\u00fdch p\u0159\u00e1tel nevym\u00e1\u010dkl, bylo mu ale l\u00edto, \u017ee o jeho n\u00e1padu nev\u00ed ve\u0159ejnost. A tak se rozhodl napsal do LN, kter\u00e9 jsou k\u00a0oti\u0161t\u011bn\u00ed \u010dehokoli proti Klausovi v\u017edy ochotny. Jen\u017ee jak to navl\u00e9ci, aby o tom mohl ps\u00e1t ne pouze jako o reklam\u011b na sv\u016fj \u00fa\u017easn\u00fd projekt. A tak ho napadlo pou\u017e\u00edt fale\u0161n\u00fd imejl, kter\u00fd pr\u00fd ode mne dostal.<br \/>\nPana Hn\u00edzdila jsem vid\u011bl jednou v\u00a0\u017eivot\u011b. P\u0159ed patn\u00e1cti lety mi v\u00a0nemocnici na Karlov\u011b n\u00e1m\u011bst\u00ed napravoval z\u00e1da chvatem tak \u0161ikovn\u00fdm, \u017ee to zapra\u0161t\u011bn\u00ed muselo b\u00fdt sly\u0161et a\u017e na chodb\u011b. Pak u\u017e jsem se s\u00a0n\u00edm nesetkal, nikdy jsem mu nepsal. On v\u0161ak jako osl\u00ed m\u016fstek ke sv\u00e9mu skand\u00e1ln\u00edmu \u010dl\u00e1nku uvedl, \u017ee jsem mu napsal: \u201eSamozvan\u00fd pane, bav\u00edte se dob\u0159e\u2026? Nebojte, m\u00e1me V\u00e1\u0161 zastydl\u00fd aktivizmus pln\u011b pod kontrolou. Zdrav\u00ed. L. J.\u201c A p\u0159ipojil svou v\u011btu \u201eMo\u017en\u00e1 bychom se m\u011bli zase za\u010d\u00edt b\u00e1t.\u201c Cht\u011bl t\u00edm sugerovat \u010dten\u00e1\u0159\u016fm, \u017ee na Hrad\u011b nahl\u00ed\u017e\u00edme do ciz\u00ed soukrom\u00e9 elektronick\u00e9 po\u0161ty a kontrolujeme, zda si n\u011bkdo nedopisuje o svr\u017een\u00ed prezidenta, a t\u00edm podpo\u0159it svou my\u0161lenku, \u017ee tak zl\u00e9ho prezidenta je t\u0159eba svrhnout.<br \/>\nZneu\u017eit\u00ed adresy je v\u00e1\u017enou v\u011bc\u00ed, proto se m\u016fj kolega Hn\u00edzdila ot\u00e1zal, z\u00a0jak\u00e9 adresy mu \u201em\u016fj\u201c imejl p\u0159i\u0161el. Pr\u00fd z\u00a0jakl@volny.cz. Takovou adresu jsem nikdy nepo\u017e\u00edval, moje nen\u00ed. Nen\u00ed d\u016fle\u017eit\u00e9, jestli si Hn\u00edzdil tento imejl zfal\u0161oval s\u00e1m, aby z\u00edskal z\u00e1minku dostat sv\u00e9 zr\u016fdnosti do novin. Mo\u017en\u00e1 jen p\u0159\u00edli\u0161 ochotn\u011b nalet\u011bl podvodn\u00edkovi, \u010d\u00edm\u017e jen prok\u00e1zal, \u017ee je v\u00a0tomto smyslu ochoten uv\u011b\u0159it \u010demukoli a pou\u017e\u00edt cokoli. N\u011bjak\u00e9 ov\u011b\u0159ov\u00e1n\u00ed? Pro\u010d, kdy\u017e to lze pou\u017e\u00edt proti tomu Klausovi.<br \/>\nLN za\u0159adily Hn\u00edzdil\u016fv text do rubriky \u00dahel pohledu. A sna\u017eiv\u011b ho doplnily sv\u00fdm mezititulkem \u201eMen\u0161\u00ed bratr\u201c (to m\u00e1m b\u00fdt asi j\u00e1, \u201ef\u00edzluj\u00edc\u00ed soukromou po\u0161tu\u201c). Jen\u017ee ono nejde o \u00fahel pohledu, nejde v\u016fbec o n\u00e1zor. Jde o nepravdiv\u00e9 sd\u011blen\u00ed. Jde o informaci (o \u00fadajn\u00e9m m\u00e9m imejlu), kterou nikdo neov\u011b\u0159oval. Ptaly se snad LN, jestli m\u00e1 pan Hn\u00edzdil ov\u011b\u0159eno, \u017ee ode mne n\u011bjak\u00fd imejl dostal? Pro\u010d, kdy\u017e tu nepodlo\u017eenost lze pou\u017e\u00edt proti prezidentovi, \u017ee.<br \/>\nPozoruhodn\u00e1 novin\u00e1\u0159sk\u00e1 praxe. Mo\u017en\u00e1 bychom se m\u011bli zase za\u010d\u00edt b\u00e1t.<\/p>\n<p>Ps\u00e1no pro Lidov\u00e9 noviny<\/p>\n<p>L.J.<\/p>\n","protected":false},"excerpt":{"rendered":"<p>Kdy\u017e jsem pracoval v\u00a0Lidov\u00fdch novin\u00e1ch (1993 \u2013 1997), napsal jsem i \u010dty\u0159i kritick\u00e9 \u010dl\u00e1nky o prezidentovi. Nevy\u0161el ani jeden. Veden\u00ed mi vysv\u011btlilo, \u017ee pro slu\u0161n\u00fd list se nehod\u00ed ps\u00e1t o panu prezidentovi kriticky.<\/p>\n","protected":false},"author":1,"featured_media":0,"comment_status":"open","ping_status":"open","sticky":false,"template":"","format":"standard","meta":{"ngg_post_thumbnail":0,"footnotes":""},"categories":[8,6],"tags":[],"class_list":["post-253","post","type-post","status-publish","format-standard","hentry","category-hlavni-stranka","category-co-jsem-nerekl"],"_links":{"self":[{"href":"https:\/\/www.ladislavjakl.cz\/index.php?rest_route=\/wp\/v2\/posts\/253","targetHints":{"allow":["GET"]}}],"collection":[{"href":"https:\/\/www.ladislavjakl.cz\/index.php?rest_route=\/wp\/v2\/posts"}],"about":[{"href":"https:\/\/www.ladislavjakl.cz\/index.php?rest_route=\/wp\/v2\/types\/post"}],"author":[{"embeddable":true,"href":"https:\/\/www.ladislavjakl.cz\/index.php?rest_route=\/wp\/v2\/users\/1"}],"replies":[{"embeddable":true,"href":"https:\/\/www.ladislavjakl.cz\/index.php?rest_route=%2Fwp%2Fv2%2Fcomments&post=253"}],"version-history":[{"count":2,"href":"https:\/\/www.ladislavjakl.cz\/index.php?rest_route=\/wp\/v2\/posts\/253\/revisions"}],"predecessor-version":[{"id":255,"href":"https:\/\/www.ladislavjakl.cz\/index.php?rest_route=\/wp\/v2\/posts\/253\/revisions\/255"}],"wp:attachment":[{"href":"https:\/\/www.ladislavjakl.cz\/index.php?rest_route=%2Fwp%2Fv2%2Fmedia&parent=253"}],"wp:term":[{"taxonomy":"category","embeddable":true,"href":"https:\/\/www.ladislavjakl.cz\/index.php?rest_route=%2Fwp%2Fv2%2Fcategories&post=253"},{"taxonomy":"post_tag","embeddable":true,"href":"https:\/\/www.ladislavjakl.cz\/index.php?rest_route=%2Fwp%2Fv2%2Ftags&post=253"}],"curies":[{"name":"wp","href":"https:\/\/api.w.org\/{rel}","templated":true}]}}