{"id":2530,"date":"2012-09-05T15:19:00","date_gmt":"2012-09-05T13:19:00","guid":{"rendered":"http:\/\/www.ladislavjakl.cz\/?p=2530"},"modified":"2012-09-05T15:19:00","modified_gmt":"2012-09-05T13:19:00","slug":"zdenek-jemelik-rozpustile-o-prime-volbe","status":"publish","type":"post","link":"https:\/\/www.ladislavjakl.cz\/?p=2530","title":{"rendered":"Zden\u011bk Jemel\u00edk, Rozpustile o p\u0159\u00edm\u00e9 volb\u011b"},"content":{"rendered":"<p>\u201eHabemus presidentem\u201c prohl\u00e1sila v mimo\u0159\u00e1dn\u00e9m televizn\u00edm vystoupen\u00ed p\u0159edsedkyn\u011b vl\u00e1dy Karol\u00edna Peake a p\u0159edstavila n\u00e1rodu jako staronov\u00e9ho prezidenta republiky V\u00e1clava Klause, jen\u017e v druh\u00e9m kole p\u0159\u00edm\u00e9 volby zv\u00edt\u011bzil o pouh\u00fd jeden hlas nad sv\u00fdm tajemn\u00edkem Ladislavem Jaklem.<\/p>\n<p><!--more-->Jeho v\u00edt\u011bzstv\u00ed bylo pon\u011bkud p\u0159ekvapiv\u00e9, proto\u017ee v prvn\u00edm kolem se jeho rival um\u00edstil t\u011bsn\u011b p\u0159ed n\u00edm. Za nimi pak s nepatrn\u00fdm odstupem n\u00e1sledoval Vladim\u00edr Franz, zat\u00edmco ostatn\u00ed kandid\u00e1ti za vedouc\u00ed trojic\u00ed daleko zaostali. N\u011bkte\u0159\u00ed, jako Jan Fischer a gener\u00e1l Rand\u00e1k jen pab\u011brkovali s n\u011bkolika des\u00edtkami hlas\u016f. D\u00e1 se p\u0159edpokl\u00e1dat, \u017ee V\u00e1clavu Klausovi nakonec pomohli k v\u00edt\u011bzstv\u00ed kultivovan\u00ed voli\u010di velmi vzd\u011blan\u00e9ho Vladim\u00edra Franze.<\/p>\n<p>Lid \u010cesk\u00e9 republiky tak moudrou volbou u\u010dinil p\u0159\u00edtr\u017e n\u011bkolikam\u011bs\u00ed\u010dn\u00edmu p\u0159edv\u00e1d\u011bn\u00ed r\u016fzn\u00fdch \u201e\u0161ed\u00fdch my\u0161\u00ed\u201c, u\u0161lechtil\u00fdch naivek, neodpov\u011bdn\u00fdch cti\u017e\u00e1dostivc\u016f a dokonce b\u00fdval\u00fdch dlouholet\u00fdch \u010dlen\u016f zlo\u010dinn\u00e9 KS\u010c, nestydat\u011b se derouc\u00edch na k\u0159eslo Tom\u00e1\u0161e G. Masaryka.<\/p>\n<p>Cesta ke skv\u011bl\u00e9mu v\u00fdsledku byla ale trnit\u00e1. S\u00e1m V\u00e1clav Klaus opakovan\u011b ozna\u010dil p\u0159\u00edmou volbu prezidenta republiky za fat\u00e1ln\u00ed omyl, a my\u0161lenku, \u017ee by se v n\u00ed pokusil o t\u0159et\u00ed zvolen\u00ed, rozhodn\u011b odm\u00edtal. Podvolil se teprve z\u00e1plav\u011b petic a e-mail\u016f ob\u010dan\u016f, znepokojen\u00fdch trapnost\u00ed souboru uchaze\u010d\u016f o \u00fa\u0159ad, a to a\u017e po p\u0159ekvapiv\u00e9m odstran\u011bn\u00ed legislativn\u00ed p\u0159ek\u00e1\u017eky \u010dl.57 odst.2 \u00dastavy, podle n\u011bho\u017e prezidentem \u201enikdo nem\u016f\u017ee b\u00fdt zvolen v\u00edce ne\u017e dvakr\u00e1t za sebou\u201c.<\/p>\n<p>\u201eV\u00fdst\u0159elem z Aurory\u201c se ale stalo a\u017e p\u0159edlo\u017een\u00ed sn\u011bmovn\u011b n\u00e1vrhu poslanc\u016f Dagmar Navr\u00e1tilov\u00e9, Lenky Andr\u00fdsov\u00e9 a Viktora Paggio pseudostrany LIDEM na p\u0159ijet\u00ed \u00fastavn\u00edho z\u00e1kona, kter\u00fdm m\u011bla b\u00fdt V\u00e1clavu Klausovi ud\u011blena v\u00fdjimka z v\u00fd\u0161e zm\u00edn\u011bn\u00e9ho omezen\u00ed.<\/p>\n<p>Zpravodajka Lenka Andr\u00fdskov\u00e1 v \u00favodu p\u0159ipomn\u011bla, \u017ee v p\u0159\u00edpad\u011b p\u0159ijet\u00ed z\u00e1kona V\u00e1clav Klaus nebude prvn\u00edm, komu byla v\u00fdjimka ud\u011blena. Pravidlo platilo ji\u017e za 1.republiky, p\u0159e\u017eilo vl\u00e1du komunist\u016f a dostalo se i do sou\u010dasn\u00e9 \u00fastavy. Nicm\u00e9n\u011b ji\u017e Tom\u00e1\u0161 G. Masaryk byl p\u0159esto zvolen \u010dty\u0159ikr\u00e1t.<\/p>\n<p>Uvedla tak\u00e9, \u017ee p\u0159edkladatel\u00e9 z\u00e1kona s V\u00e1clavem Klausem nejednali. Nicm\u00e9n\u011b odstran\u011bn\u00edm p\u0159ek\u00e1\u017eky jeho volitelnosti mu cht\u011bj\u00ed uvolnit cestu k svobodn\u00e9mu p\u0159ehodnocen\u00ed p\u016fvodn\u00edho zam\u00edtav\u00e9ho stanoviska.<\/p>\n<p>Strana LIDEM si uv\u011bdomila, \u017ee prvn\u00ed mand\u00e1t prezidenta, zvolen\u00e9ho v p\u0159\u00edm\u00e9 volb\u011b, bude jak\u00fdmsi \u201ezku\u0161ebn\u00edm provozem\u201c, v n\u011bm\u017e se budou muset \u201evyhladit hrany\u201c vznikl\u00e9 pos\u00edlen\u00edm postaven\u00ed prezidenta v \u00fastavn\u00edm syst\u00e9mu. Je proto d\u016fle\u017eit\u00e9, aby hlavou st\u00e1tu byl zku\u0161en\u00fd vyjednava\u010d a uv\u00e1\u017eliv\u00fd politik, schopn\u00fd urovn\u00e1vat rozpory. Ve srovn\u00e1n\u00ed s ostatn\u00edmi dosud zn\u00e1m\u00fdmi uchaze\u010di V\u00e1clav Klaus nab\u00edz\u00ed nezpochybnitelnou jistotu, \u017ee vysok\u00fdm n\u00e1rok\u016fm \u201ezku\u0161ebn\u00edho provozu\u201c dok\u00e1\u017ee vyhov\u011bt. Mimo to podle n\u00e1zoru zpravodajky se zat\u00edm mezi zn\u00e1m\u00fdmi uchaze\u010di neobjevil nikdo, kdo by ho profesn\u00ed zdatnost\u00ed a vyzr\u00e1lost\u00ed zast\u00ednil a jen v\u00fdjimky se k n\u011bmu tak trochu p\u0159ibli\u017euj\u00ed. Jeho odchod z oblasti ve\u0159ejn\u00e9 spr\u00e1vy do soukrom\u00ed tak bude pro st\u00e1t ztr\u00e1tou, kter\u00e1 bude bolet o to v\u00edce, \u017ee proch\u00e1z\u00edme velmi obt\u00ed\u017en\u00fdm obdob\u00edm.<\/p>\n<p>Zpravodajka vyslovila v t\u00e9to souvislosti pochybnost, zda si tv\u016frci \u00fastavn\u00edho z\u00e1kona \u010d. 71\/2012 o p\u0159\u00edm\u00e9 volb\u011b prezidenta dostate\u010dn\u011b uv\u011bdomili hloubku zav\u00e1d\u011bn\u00e9ho z\u00e1sahu do \u00fastavn\u00edch zvyklost\u00ed, zda tedy nem\u011bli zahrnout \u201evynulov\u00e1n\u00ed\u201c mand\u00e1t\u016f z nep\u0159\u00edm\u00e9 volby p\u0159\u00edmo do z\u00e1kona. Upozornila, \u017ee je rozpor mezi ustanoven\u00edm \u010dl. 57 odst.2 a \u00fapravou z\u00e1kladn\u00edch pr\u00e1v ob\u010dana Listinou z\u00e1kladn\u00edch pr\u00e1v a svobod. Podle ustanoven\u00ed \u010dl. 21 odst. 4 Listiny \u201eob\u010dan\u00e9 maj\u00ed za rovn\u00fdch podm\u00ednek p\u0159\u00edstup k volen\u00fdm a jin\u00fdm ve\u0159ejn\u00fdm funkc\u00edm\u201c. Trv\u00e1n\u00ed na omezuj\u00edc\u00edm ustanoven\u00ed je v\u016f\u010di V\u00e1clavu Klausovi diskrimina\u010dn\u00ed, proto\u017ee bude jedin\u00fdm ob\u010danem, voliteln\u00fdm do Sen\u00e1tu, kter\u00fd bude vylou\u010den z pr\u00e1va b\u00fdt zvolen prezidentem za zcela nov\u00fdch podm\u00ednek, s nimi\u017e tv\u016frci \u00fastavy v dob\u011b formulov\u00e1n\u00ed \u010dl. 57 nemohli po\u010d\u00edtat. Podle \u010dl.22 Listiny \u201e z\u00e1konn\u00e1 \u00faprava v\u0161ech politick\u00fdch pr\u00e1v a svobod a jej\u00ed v\u00fdklad a pou\u017e\u00edv\u00e1n\u00ed mus\u00ed umo\u017e\u0148ovat a ochra\u0148ovat svobodnou sout\u011b\u017e politick\u00fdch sil v demokratick\u00e9 spole\u010dnosti\u201c. Omezuj\u00edc\u00ed podm\u00ednka dle \u010dl. 57 odst.2 \u00dastavy \u010cR v tomto p\u0159\u00edpad\u011b svobodnou sout\u011b\u017e politick\u00fdch sil omezuje, proto\u017ee z n\u00ed vylu\u010duje politika, kter\u00fd by podle pr\u016fzkum\u016f ve\u0159ejn\u00e9ho m\u00edn\u011bn\u00ed m\u011bl velkou \u0161anci na zvolen\u00ed, a to nikoli politick\u00fdmi pletich\u00e1\u0159i, ale p\u0159\u00edmo lidem t\u00e9to zem\u011b.<\/p>\n<p>Ostatn\u011b s podobnou argumentac\u00ed se uch\u00e1zela p\u0159edsedkyn\u011b Nejvy\u0161\u0161\u00edho soudu \u010cR Iva Bro\u017eov\u00e1 o zvolen\u00ed ve\u0159ejnou ochr\u00e1nkyn\u00ed pr\u00e1v, p\u0159esto\u017ee ji ustanoven\u00ed z\u00e1kona o soudech a soudc\u00edch a z\u00e1kona o ve\u0159ejn\u00e9m ochr\u00e1nci pr\u00e1v vylu\u010dovaly ze sout\u011b\u017ee.<\/p>\n<p>Po ukon\u010den\u00ed vystoupen\u00ed zpravodajky se ve sn\u011bmovn\u011b rozhostilo ticho. Zkoprn\u011bl\u00ed poslanci zprvu nev\u011bd\u011bli, jak maj\u00ed reagovat. N\u00e1hl\u00e9 ticho probudilo Karla Schwarzenberga. Miroslav Kalousek jej pohotov\u011b informoval, co se stalo. Rozespal\u00fd ministr nedopat\u0159en\u00edm stiskl tla\u010d\u00edtko mikrofonu a zachrapt\u011bl, \u017ee je r\u00e1d, \u017ee tu blbost zaspal. T\u00edm uvolnil nap\u011bt\u00ed. Nejd\u0159\u00edve vypukl sm\u00edch, kter\u00fd ale vz\u00e1p\u011bt\u00ed p\u0159e\u0161el v zu\u0159iv\u00e9 bouch\u00e1n\u00ed do lavic, dup\u00e1n\u00ed, hv\u00edzd\u00e1n\u00ed, potlesk a pochvaln\u00e9 v\u00fdk\u0159iky. Miroslava N\u011bmcov\u00e1 nedok\u00e1zala bou\u0159i v\u00e1\u0161n\u00ed uklidnit, tak\u017ee nakonec vyhl\u00e1sila p\u016flhodinovou p\u0159est\u00e1vku.<\/p>\n<p>Po n\u00ed jako prvn\u00ed vystoupil rozzu\u0159en\u00fd p\u0159edseda vl\u00e1dy Petr Ne\u010das, kter\u00fd projevil rozho\u0159\u010den\u00ed nad t\u00edm, \u017ee pseudostrana, kter\u00e1 se nedostala do sn\u011bmovny standardn\u00edm zp\u016fsobem a dr\u017e\u00ed ministersk\u00e1 k\u0159esla jen z milosti koali\u010dn\u00edch partner\u016f, si dovolila p\u0159edlo\u017eit bez jeho souhlasu n\u00e1vrh z\u00e1kona, jen\u017e sm\u011b\u0159uje proti jeho z\u00e1m\u011bru vylou\u010dit kone\u010dn\u011b V\u00e1clava Klause z vlivu na politick\u00fd v\u00fdvoj \u010cR. Okam\u017eit\u011b mu odpov\u011bd\u011bla Karol\u00edna Peake, kter\u00e1 zd\u016fraznila, \u017ee v\u0161ichni poslanci LIDEM nad\u00e1le h\u00e1j\u00ed program, s kter\u00fdm je voli\u010di vyslali do sn\u011bmovny, tak\u017ee jejich postaven\u00ed je legitimn\u00ed. Proto\u017ee vid\u011bli, \u017ee ob\u011b velk\u00e9 vl\u00e1dn\u00ed strany maj\u00ed z\u00e1jem postavit p\u0159\u00edmou volbou do \u010dela st\u00e1tu slabou figurku, kter\u00e1 by jim nep\u0159ek\u00e1\u017eela v korup\u010dn\u00edm drancov\u00e1n\u00ed st\u00e1tu, nem\u011bli jinou mo\u017enost, ne\u017e se pokusit o prodlou\u017een\u00ed p\u016fsoben\u00ed V\u00e1clava Klause v \u00fa\u0159ad\u011b prezidenta republiky. Neform\u00e1ln\u00ed v\u016fdce TOP 09 Miroslav Kalousek ozna\u010dil vystoupen\u00ed LIDEM za podraz hlou\u010dku p\u0159eb\u011bhl\u00edk\u016f a samozvanc\u016f a zd\u016fraznil, \u017ee poslanci jeho strany nedopust\u00ed, aby V\u00e1clav Klaus konkuroval jejich kandid\u00e1tovi Karlu Schwarzenbergovi, kter\u00fd m\u00e1 v\u0161echny p\u0159edpoklady pro v\u00fdkon funkce a nav\u00edc jako rodov\u011b nejv\u00fd\u0161e postaven\u00fd p\u0159edstavitel \u010desk\u00e9 \u0161lechty by se mohl uch\u00e1zet i o postaven\u00ed \u010desk\u00e9ho kr\u00e1le. Bohuslav Sobotka v neslan\u00e9m-nemastn\u00e9m vystoupen\u00ed p\u0159ipustil racion\u00e1ln\u00ed j\u00e1dro \u00favah LIDEM, ale z\u00e1kon ozna\u010dil za nadbyte\u010dn\u00fd, proto\u017ee \u010cesk\u00e1 strana soci\u00e1ln\u011b demokratick\u00e1 jako jedin\u00e1 nab\u00edz\u00ed n\u00e1rodu v Ji\u0159\u00edm Dienstbierovi kandid\u00e1ta, kter\u00fd se V\u00e1clavu Klausovi p\u0159inejmen\u0161\u00edm vyrovn\u00e1, pokud jej nep\u0159ed\u010d\u00ed. Radek John za V\u011bci ve\u0159ejn\u00e9 vyslovil politov\u00e1n\u00ed nad p\u0159eb\u011bhlictv\u00edm poslanc\u016f LIDEM, nicm\u00e9n\u011b vyslovil podporu jejich z\u00e1m\u011bru, nebo\u0165 jeho koncept je v pln\u00e9m souhlasu s n\u00e1zory \u201ev\u00e9\u010dek\u201c. Pavel Kov\u00e1\u010dik p\u0159ipomn\u011bl, \u017ee komunist\u00e9 V\u00e1clava Klause \u010dasto kritizovali, nicm\u00e9n\u011b jako st\u00e1totvorn\u00e1 strana jej uzn\u00e1vaj\u00ed za sjednocuj\u00edc\u00ed svorn\u00edk politick\u00e9 reprezentace a v ka\u017ed\u00e9m p\u0159\u00edpad\u011b by mu dali p\u0159ednost p\u0159ed z\u00e1stupem lid\u00ed bez z\u00e1sluh, kte\u0159\u00ed se cpou na jeho m\u00edsto.<\/p>\n<p>N\u00e1sledovala mnohahodinov\u00e1 diskuse \u0159adov\u00fdch poslanc\u016f, kter\u00e1 byla jako obvykle p\u0159ev\u00e1\u017en\u011b jen p\u0159e\u017evykov\u00e1n\u00edm my\u0161lenek v\u016fdc\u016f a ml\u00e1cen\u00edm pr\u00e1zdn\u00e9 sl\u00e1my. \u010c\u00e1ste\u010dn\u011b z n\u00ed vybo\u010dilo vystoupen\u00ed Petra Tlucho\u0159e, kter\u00fd roztr\u017eku mezi ODS a V\u00e1clavem Klausem ozna\u010dil za d\u016fkaz katastrof\u00e1lnosti politiky Petra Ne\u010dase. Dal\u0161\u00edm jej\u00edm d\u016fkazem je nez\u00e1jem voli\u010d\u016f o ofici\u00e1ln\u00edho kandid\u00e1ta strany P\u0159emysla Sobotku. Ozn\u00e1mil, \u017ee bude hlasovat pro z\u00e1kon a vyzval Petra Ne\u010dase k odchodu ze v\u0161ech funkc\u00ed. Ji\u0159\u00ed Paroubek vyslovil podiven\u00ed nad t\u00edm, kdo v\u0161ecko pova\u017euje \u00fa\u0159ad prezidenta za honosnou \u201etrafiku\u201c a nab\u00edz\u00ed se, \u017ee se j\u00ed ujme. On s\u00e1m se zat\u00edm na n\u00e1ro\u010dnou funkci hlavy st\u00e1tu nec\u00edt\u00ed, ale v\u011b\u0159\u00ed, \u017ee za p\u011bt let bude pln\u011b zp\u016fsobil\u00fd p\u0159evz\u00edt od V\u00e1clava Klause \u0161tafetu. Doporu\u010duje proto p\u0159ijet\u00ed z\u00e1kona. Ur\u010dit\u00e9 uklidn\u011bn\u00ed p\u0159ineslo uv\u00e1\u017eliv\u00e9 vystoupen\u00ed poslance Stanislava K\u0159e\u010dka, kter\u00fd potvrdil, \u017ee \u00fastavn\u011bpr\u00e1vn\u00ed \u00favahy p\u0159edkladatel\u016f z\u00e1kona nejsou zcela nesmysln\u00e9.<\/p>\n<p>V n\u00e1sleduj\u00edc\u00edm hlasov\u00e1n\u00ed poslanci p\u0159ekvapiv\u011b z\u00e1kon p\u0159ijali 92% hlas\u016f. Proti jeho p\u0159ijet\u00ed z\u0159ejm\u011b hlasovala jen hrstka v\u011brn\u00fdch stoupenc\u016f Petra Ne\u010dase a Ji\u0159\u00edho Dienstbiera. Pobledl\u00fd Petr Ne\u010das pak p\u0159edstoupil p\u0159ed mikrofon a ozn\u00e1mil, \u017ee po takov\u00e9 zrad\u011b koali\u010dn\u00edch poslanc\u016f nem\u016f\u017ee nad\u00e1le st\u00e1t v \u010dele vl\u00e1dy, a resignoval.<\/p>\n<p>N\u00e1sleduj\u00edc\u00ed den Karel Schwarzenberg svolal poradu p\u0159edsed\u016f parlamentn\u00edch stran a p\u0159edsed\u016f poslaneck\u00fdch klub\u016f k vy\u0159e\u0161en\u00ed vznikl\u00e9 krizov\u00e9 situace. Petra Ne\u010dase na n\u00ed nahradila 1. m\u00edstop\u0159edsedkyn\u011b ODS Miroslava N\u011bmcov\u00e1. \u00da\u010dastn\u00edci se dohodli, \u017ee vl\u00e1da je schopn\u00e1 nad\u00e1le a\u017e do voleb fungovat na p\u016fdorysu sou\u010dasn\u00e9ho slo\u017een\u00ed vl\u00e1dn\u00ed koalice. Aby byla zaji\u0161t\u011bna kontinuita vl\u00e1dnut\u00ed, rozhodli se sv\u011b\u0159it funkci p\u0159edsedy vl\u00e1dy Karol\u00edn\u011b Peake a m\u00edsto protikorup\u010dn\u00edho m\u00edstop\u0159edsedy vl\u00e1dy obsadit m\u00edstop\u0159edsedou ODS Pavlem Drobilem. S t\u011bmito n\u00e1vrhy se odebrali k prezidentovi republiky, kter\u00fd vysoce ocenil jejich schopnost se dohodnout a na m\u00edst\u011b jmenoval Karol\u00ednu Peake p\u0159edsedkyn\u00ed vl\u00e1dy. Poslaneck\u00e1 sn\u011bmovna j\u00ed pak jednohlasn\u011b vyslovila d\u016fv\u011bru.<\/p>\n<p>Sou\u010dasn\u011b pan prezident vyslovil ochotu za zm\u011bn\u011bn\u00fdch pr\u00e1vn\u00edch podm\u00ednek uch\u00e1zet se pot\u0159et\u00ed o \u00fa\u0159ad hlavy st\u00e1tu. Aby pos\u00edlil sout\u011b\u017en\u00ed charakter p\u0159\u00edm\u00e9 volby prezidenta, po\u017e\u00e1dal politick\u00e9 strany, aby podpo\u0159ily tak\u00e9 kandidaturu jeho tajemn\u00edka Ladislava Jakla, jemu\u017e \u0159ehole slu\u017eby prezidentovi nedovoluje v\u011bnovat se sb\u00edr\u00e1n\u00ed podpis\u016f. Ve sn\u011bmovn\u011b se pak ustavily dv\u011b skupiny poslanc\u016f nap\u0159\u00ed\u010d politick\u00fdm spektrem, z nich\u017e jedna navrhla na \u00fa\u0159ad prezidenta republiky V\u00e1clava Klause, druh\u00e1 Ladislava Jakla. Voli\u010di pak moudrost politik\u016f zhodnotili zvolen\u00edm V\u00e1clava Klause na t\u0159et\u00ed funk\u010dn\u00ed obdob\u00ed.<\/p>\n<p>A zazvonil zvonec a rozpustil\u00e9 poh\u00e1dky je konec.<\/p>\n<p><a href=\"http:\/\/www.politikon.cz\/index.php\/publicistika\/6\/4758-zdenek-jemelik-rozpustile-o-prime-volbe\" target=\"_blank\">Zdroj<\/a><\/p>\n","protected":false},"excerpt":{"rendered":"<p>\u201eHabemus presidentem\u201c prohl\u00e1sila v mimo\u0159\u00e1dn\u00e9m televizn\u00edm vystoupen\u00ed p\u0159edsedkyn\u011b vl\u00e1dy Karol\u00edna Peake a p\u0159edstavila n\u00e1rodu jako staronov\u00e9ho prezidenta republiky V\u00e1clava Klause, jen\u017e v druh\u00e9m kole p\u0159\u00edm\u00e9 volby zv\u00edt\u011bzil o pouh\u00fd jeden hlas nad sv\u00fdm tajemn\u00edkem Ladislavem Jaklem.<\/p>\n","protected":false},"author":1,"featured_media":0,"comment_status":"open","ping_status":"open","sticky":false,"template":"","format":"standard","meta":{"ngg_post_thumbnail":0,"footnotes":""},"categories":[11],"tags":[],"class_list":["post-2530","post","type-post","status-publish","format-standard","hentry","category-ozvena"],"_links":{"self":[{"href":"https:\/\/www.ladislavjakl.cz\/index.php?rest_route=\/wp\/v2\/posts\/2530","targetHints":{"allow":["GET"]}}],"collection":[{"href":"https:\/\/www.ladislavjakl.cz\/index.php?rest_route=\/wp\/v2\/posts"}],"about":[{"href":"https:\/\/www.ladislavjakl.cz\/index.php?rest_route=\/wp\/v2\/types\/post"}],"author":[{"embeddable":true,"href":"https:\/\/www.ladislavjakl.cz\/index.php?rest_route=\/wp\/v2\/users\/1"}],"replies":[{"embeddable":true,"href":"https:\/\/www.ladislavjakl.cz\/index.php?rest_route=%2Fwp%2Fv2%2Fcomments&post=2530"}],"version-history":[{"count":1,"href":"https:\/\/www.ladislavjakl.cz\/index.php?rest_route=\/wp\/v2\/posts\/2530\/revisions"}],"predecessor-version":[{"id":2531,"href":"https:\/\/www.ladislavjakl.cz\/index.php?rest_route=\/wp\/v2\/posts\/2530\/revisions\/2531"}],"wp:attachment":[{"href":"https:\/\/www.ladislavjakl.cz\/index.php?rest_route=%2Fwp%2Fv2%2Fmedia&parent=2530"}],"wp:term":[{"taxonomy":"category","embeddable":true,"href":"https:\/\/www.ladislavjakl.cz\/index.php?rest_route=%2Fwp%2Fv2%2Fcategories&post=2530"},{"taxonomy":"post_tag","embeddable":true,"href":"https:\/\/www.ladislavjakl.cz\/index.php?rest_route=%2Fwp%2Fv2%2Ftags&post=2530"}],"curies":[{"name":"wp","href":"https:\/\/api.w.org\/{rel}","templated":true}]}}