{"id":2543,"date":"2012-09-05T15:30:27","date_gmt":"2012-09-05T13:30:27","guid":{"rendered":"http:\/\/www.ladislavjakl.cz\/?p=2543"},"modified":"2012-09-05T15:30:27","modified_gmt":"2012-09-05T13:30:27","slug":"muj-poradce-vaclav-klaus-rika-kandidat-na-prezidenta-jakl","status":"publish","type":"post","link":"https:\/\/www.ladislavjakl.cz\/?p=2543","title":{"rendered":"M\u016fj poradce? V\u00e1clav Klaus, \u0159\u00edk\u00e1 kandid\u00e1t na prezidenta Jakl"},"content":{"rendered":"<p><span> <\/span> Plat\u00ed za prezidentovy nejbli\u017e\u0161\u00ed spolupracovn\u00edky a  p\u0159esto\u017ee \u010dasto nejsou jeho poradci a vedouc\u00ed na ve\u0159ejnosti p\u0159\u00edli\u0161 vid\u011bt,  rozhodov\u00e1n\u00ed \u010desk\u00e9 hlavy st\u00e1tu ovliv\u0148uj\u00ed zna\u010dnou m\u011brou. Server  Lidovky.cz proto oslovil v\u00e1\u017en\u00e9 kandid\u00e1ty o prezidentsk\u00fd post s dotazem,  koho by si do sv\u00e9ho hradn\u00edho t\u00fdmu v p\u0159\u00edpad\u011b zvolen\u00ed vybrali.<\/p>\n<p><!--more--><\/p>\n<p>Po prezidentsk\u00fdch volb\u00e1ch, kter\u00e9 se budou konat ji\u017e p\u0159\u00ed\u0161t\u00ed rok, by se  V\u00e1clav Klaus nemusel z Pra\u017esk\u00e9ho hradu v\u016fbec st\u011bhovat. Do kl\u00e1n\u00ed o  nejvy\u0161\u0161\u00ed st\u00e1tnick\u00fd post se toti\u017e p\u0159ihl\u00e1sil i jeho sou\u010dasn\u00fd tajemn\u00edk  Ladislav Jakl a jak zjistil <a href=\"http:\/\/produkty.topkontakt.idnes.cz\/p\/potrebujete-zajistit-nepretrzity-pristup-k-siti-internet-od-990-kc-m-10949858\/10949858?rtype=V&amp;rmain=7844273&amp;ritem=10949858&amp;rclanek=13633632&amp;rslovo=426783&amp;showdirect=1\" target=\"_blank\">server<\/a> Lidovky.cz, v p\u0159\u00edpad\u011b v\u00edt\u011bzstv\u00ed by si Jakl mezi sv\u00e9 nejbli\u017e\u0161\u00ed spolupracovn\u00edky vybral pr\u00e1v\u011b sv\u00e9ho sou\u010dasn\u00e9ho \u0161\u00e9fa.<\/p>\n<p>\u201ePrezidentsk\u00fd  medv\u011bd p\u0159\u00ed\u0161t\u00edho volebn\u00edho obdob\u00ed je\u0161t\u011b \u010dile b\u011bh\u00e1 po lese a nemysl\u00edm, \u017ee  nyn\u00ed u\u017e je \u010das k d\u011blen\u00ed jeho k\u016f\u017ee v podob\u011b slibov\u00e1n\u00ed m\u00edst v p\u0159\u00ed\u0161t\u00edm  hradn\u00edm t\u00fdmu. Ale jeden tip na poradce u\u017e m\u00e1m: docela dobr\u00fd by se mi  zd\u00e1l V\u00e1clav Klaus,\u201c odpov\u011bd\u011bl Jakl serveru Lidovky.cz v anket\u011b\u00a0mezi  prezidentsk\u00fdmi kandid\u00e1ty.<\/p>\n<p>Z\u00e1jemci o Hrad\u00a0odpov\u00eddali pro server Lidovky.cz, koho by si vybrali v  p\u0159\u00edpad\u011b sv\u00e9ho zvolen\u00ed za poradce a vedouc\u00ed odbor\u016f prezidentsk\u00e9  kancel\u00e1\u0159e. Minul\u00fd t\u00fdden se\u00a0jeden z favorit\u016f volby Milo\u0161 Zeman nechal  sly\u0161et, \u017ee v oblasti zem\u011bd\u011blstv\u00ed by mu radila legend\u00e1rn\u00ed postava  minul\u00e9ho re\u017eimu \u2013 \u0159editel JZD Slu\u0161ovice Franti\u0161ek \u010cuba.<\/p>\n<p>Dal\u0161\u00ed  jm\u00e9na ale Zeman prozradit necht\u011bl. Prost\u0159ednictv\u00edm sv\u00e9 mluv\u010d\u00ed pouze  vzk\u00e1zal, \u017ee rozhodn\u011b nepo\u010d\u00edt\u00e1 s Miroslavem \u0160loufem, jen\u017e vystupoval jako  Zemanova prav\u00e1 ruka v dob\u00e1ch, kdy byl \u010desk\u00fdm premi\u00e9rem.<\/p>\n<h3 id=\"--wagnerova-rychetsky-i-spisovatel-houska\">Wagnerov\u00e1, Rychetsk\u00fd i spisovatel Hou\u0161ka<\/h3>\n<p>V\u016fbec  nej\u017ehav\u011bj\u0161\u00ed kandid\u00e1t na prezidentsk\u00e9 k\u0159eslo Jan Fischer oproti Zemanovi  neprozradil \u017e\u00e1dn\u00e9 jm\u00e9no. \u201eZe\u0161t\u00edhl\u00edm prezidentskou kancel\u00e1\u0159 a mnohem  v\u00edce se zam\u011b\u0159\u00edm na kontakty se z\u00e1stupci akademick\u00e9 sf\u00e9ry, ekonomiky a  nevl\u00e1dn\u00edch organizac\u00ed,\u201c vysv\u011btluje Fischer.<\/p>\n<p>Nejkonkr\u00e9tn\u011bj\u0161\u00ed byly v odpov\u011bd\u00edch dv\u011b kandid\u00e1tky-\u017eeny: Kl\u00e1ra Samkov\u00e1  by si do sv\u00e9ho t\u00fdmu vybrala spisovatele Tom\u00e1\u0161e Hou\u0161ku a T\u00e1\u0148a Fischerov\u00e1  by oslovila Eli\u0161ku Wagnerovou, Ji\u0159\u00edho P\u0159ib\u00e1n\u011b nebo Pavla Rychetsk\u00e9ho.<\/p>\n<p>Jedin\u00fdm osloven\u00fdm kandid\u00e1tem, kter\u00fd se ani po opakovan\u00e9 v\u00fdzv\u011b necht\u011bl ke sv\u00fdm mo\u017en\u00fdm poradc\u016fm vyjad\u0159ovat, byl Ji\u0159\u00ed Dienstbier.<\/p>\n<h3 id=\"--odpovedi-kandidatu-\">Odpov\u011bdi kandid\u00e1t\u016f:<\/h3>\n<p><em>(uv\u00e1d\u00edme podle\u00a0abecedn\u00edho po\u0159ad\u00ed, del\u0161\u00ed p\u0159\u00edsp\u011bvky byly redak\u010dn\u011b kr\u00e1ceny)<\/em><\/p>\n<ul>\n<li><strong>Jana Bobo\u0161\u00edkov\u00e1<br \/>\n<\/strong>Pokud  usp\u011bji v prezidentsk\u00e9 volb\u011b, budu se p\u0159 v\u00fdb\u011bru pracovn\u00edk\u016f Kancel\u00e1\u0159e  prezidenta republiky \u0159\u00eddit n\u00e1sleduj\u00edc\u00edmi krit\u00e9rii: vysok\u00e1 odbornost a  loajalita k \u010cesk\u00e9 republice a prezidentsk\u00e9mu \u00fa\u0159adu. Konkr\u00e9tn\u00ed jm\u00e9na  osobnost\u00ed, se kter\u00fdmi bych cht\u011bla spolupracovat, zat\u00edm zve\u0159ej\u0148ovat  nebudu.<\/li>\n<li><strong>Vladim\u00edr Dlouh\u00fd<br \/>\n<\/strong>\u201ePan Dlouh\u00fd m\u00e1 o person\u00e1ln\u00edm  obsazen\u00ed ur\u010ditou p\u0159edstavu, ale pova\u017euje za velmi p\u0159ed\u010dasn\u00e9 o tom  hovo\u0159it,\u201c vzk\u00e1zal serveru Lidovky.cz asistent kandid\u00e1ta Marek Zeman.<\/li>\n<\/ul>\n<ul>\n<li><strong>Jan Fischer<br \/>\n<\/strong>Rozd\u011blov\u00e1n\u00ed jak\u00fdchkoliv pozic v  souvislosti s prezidentskou funkc\u00ed v tuto chv\u00edli nen\u00ed vhodn\u00e9 a j\u00e1 se j\u00edm  nezab\u00fdv\u00e1m. Nikomu tak\u00e9 \u017e\u00e1dn\u00e9 posty nenab\u00edz\u00edm. Pokud budu zvolen  prezidentem republiky, nab\u00eddnu spolupr\u00e1ci <a href=\"http:\/\/produkty.topkontakt.idnes.cz\/p\/kazdy-clovek-muze-onemocnet-cernym-kaslem\/11046787?rtype=V&amp;rmain=7843486&amp;ritem=11046787&amp;rclanek=13633632&amp;rslovo=424328&amp;showdirect=1\" target=\"_blank\">lidem<\/a> bez\u00fahonn\u00fdm a zku\u0161en\u00fdm. Ze\u0161t\u00edhl\u00edm prezidentskou kancel\u00e1\u0159 a mnohem v\u00edce  se zam\u011b\u0159\u00edm na kontakty se z\u00e1stupci akademick\u00e9 sf\u00e9ry, ekonomiky a  nevl\u00e1dn\u00edch organizac\u00ed.<\/li>\n<\/ul>\n<ul>\n<li><strong>T\u00e1\u0148a Fischerov\u00e1<br \/>\n<\/strong>Ot\u00e1zku,  koho bych si vybrala jako vedouc\u00edho kancel\u00e1\u0159e v p\u0159\u00edpad\u011b \u00fasp\u011bchu ve  volb\u011b, pova\u017euji za p\u0159ed\u010dasnou. Asi bych se porozhl\u00e9dla mezi lidmi z  okruhu neziskov\u00fdch organizac\u00ed. D\u016fle\u017eit\u00e1 pro mne je jejich pracovn\u00ed i  lidsk\u00e1 spolehlivost. Jedn\u00edm z hlavn\u00edch \u00fakol\u016f prezidenta je chr\u00e1nit  \u00fastavnost z\u00e1kon\u016f.Tady bych oslovila nap\u0159\u00edklad Eli\u0161ku Wagnerovou, Ji\u0159\u00edho  P\u0159ib\u00e1n\u011b nebo Pavla Rychetsk\u00e9ho. Jinak bych si za poradce vyb\u00edrala  zejm\u00e9na lidi z alternativn\u00edch okruh\u016f ve v\u0161ech zm\u00edn\u011bn\u00fdch oborech.  Nam\u00e1tkou mohu jmenovat, Ilionu \u0160vihl\u00edkovou, Tom\u00e1\u0161e To\u017ei\u010dku, Milana  Smr\u017ee, Na\u010fu Johanisovou, profesora Zde\u0148ka Heluse a z\u00e1stupce r\u016fzn\u00fdch  neziskov\u00fdch obor\u016f v t\u011bchto oblastech.<\/li>\n<li><strong>Vladim\u00edr Franz<br \/>\n<\/strong>Deklaroval jsem, \u017ee hodl\u00e1m oslovit a tak\u00e9 oslovuji uzn\u00e1van\u00e9 autority z oblasti <a href=\"http:\/\/produkty.topkontakt.idnes.cz\/p\/pravo-dusevniho-vlastnictvi\/940631?rtype=V&amp;rmain=7832492&amp;ritem=940631&amp;rclanek=13633632&amp;rslovo=420036&amp;showdirect=1\" target=\"_blank\">pr\u00e1va<\/a>,  sociologie, ekonomie, mezin\u00e1rodn\u00edch vztah\u016f a dal\u0161\u00edch obor\u016f, kter\u00e9 chci  po\u017e\u00e1dat o inspirativn\u00ed spolupr\u00e1ci. Velmi pe\u010dliv\u011b db\u00e1m na to, aby to byli  lid\u00e9 nezkompromitovan\u00ed. \u00davahy o konkr\u00e9tn\u00edm obsazen\u00ed kl\u00ed\u010dov\u00fdch pozic  kancel\u00e1\u0159e prezidenta nyn\u00ed pokl\u00e1d\u00e1m opravdu za velmi p\u0159ed\u010dasn\u00e9.<\/li>\n<li><strong>Ladislav Jakl<br \/>\n<\/strong>Prezidentsk\u00fd medv\u011bd p\u0159\u00ed\u0161t\u00edho volebn\u00edho obdob\u00ed  je\u0161t\u011b \u010dile b\u011bh\u00e1 po lese a nemysl\u00edm, \u017ee nyn\u00ed u\u017e je \u010das k d\u011blen\u00ed jeho k\u016f\u017ee  v podob\u011b slibov\u00e1n\u00ed m\u00edst v p\u0159\u00ed\u0161t\u00edm hradn\u00edm t\u00fdmu. Ale jeden tip na  poradce u\u017e m\u00e1m: docela dobr\u00fd by se mi zd\u00e1l V\u00e1clav Klaus. Pokud ji\u017e dnes  n\u011bkdo z aspirant\u016f na Hrad mluv\u00ed o konkr\u00e9tn\u00edch jm\u00e9nech na konkr\u00e9tn\u00ed  m\u00edsta, nechov\u00e1 se zodpov\u011bdn\u011b. Mo\u017en\u00e1 by bylo dobr\u00e9 v\u016fbec se nejd\u0159\u00edv  sezn\u00e1mit s agendou a syst\u00e9mem jej\u00edho vy\u0159izov\u00e1n\u00ed. J\u00e1 zn\u00e1m oboj\u00ed, ale  nedovolil bych si nab\u00edzet funkce u\u017e v t\u00e9to f\u00e1zi.<\/li>\n<\/ul>\n<ul>\n<li><strong>Zuzana Roithov\u00e1<br \/>\n<\/strong>P\u016fl roku p\u0159ed volbou opravdu  nep\u0159em\u00fd\u0161l\u00edm o tom, komu bych nab\u00edzela konkr\u00e9tn\u00ed posty na Hrad\u011b. V tomto  smyslu nebudu ani \u201enafukovat marketingov\u00e9 bubliny\u201c, jako to d\u011blaj\u00ed  n\u011bkte\u0159\u00ed moji soupe\u0159i. S nik\u00fdm z m\u00fdch \u00factyhodn\u00fdch spolupracovn\u00edk\u016f jsem o  p\u0159\u00edpadn\u00e9m anga\u017em\u00e1 na Hrad\u011b nehovo\u0159ila, a proto by bylo neseriozn\u00ed uv\u00e9st  by\u0165 jen jedin\u00e9 konkr\u00e9tn\u00ed jm\u00e9no. Nicm\u00e9n\u011b z m\u00fdch webov\u00fdch str\u00e1nek lze  snadno usoudit alespo\u0148 na n\u011bkter\u00e9 z m\u00fdch spolupracovn\u00edk\u016f a pravideln\u00fdch  konzultant\u016f.<\/li>\n<\/ul>\n<ul>\n<li><strong>Kl\u00e1ra Samkov\u00e1<br \/>\n<\/strong>M\u00e1m sv\u016fj t\u00fdm  poradc\u016f a veden\u00ed jednotliv\u00fdch organiza\u010dn\u00edch slo\u017eek Hradu prakticky  hotov\u00fd. S konkr\u00e9tn\u00edmi jm\u00e9ny bych v\u0161ak cht\u011bla p\u0159ij\u00edt a\u017e pot\u00e9, co budu m\u00edt  on\u011bch 50 000 podpis\u016f. I tito lid\u00e9 maj\u00ed svoje soukrom\u00ed. Mohu uv\u00e9st jedno  jm\u00e9no a d\u00e1t obecn\u00fd n\u00e1vod k tomu,jak bude m\u016fj t\u00fdm sestaven: funkci  kancl\u00e9\u0159e by zast\u00e1val pan Tom\u00e1\u0161 Hou\u0161ka, \u010desk\u00fd spisovatel, sc\u00e9n\u00e1rista a  pedagog. Co se t\u00fdk\u00e1 ekonomick\u00fdch z\u00e1le\u017eitost\u00ed, m\u00fdmi poradci by byli lid\u00e9 z  okruhu Institutu Ludwiga van Mises. Obecn\u011b to jsou lid\u00e9, kte\u0159\u00ed nikdy  nebyli \u010dleny ani kandid\u00e1ty KS\u010c a maj\u00ed negativn\u00ed lustra\u010dn\u00ed osv\u011bd\u010den\u00ed. M\u016fj  t\u00fdm by byl slo\u017een zhruba p\u016fl na p\u016fl ze dvou kategori\u00ed: moji b\u00fdval\u00ed  kolegov\u00e9 z Feder\u00e1ln\u00edho shrom\u00e1\u017ed\u011bn\u00ed politicky z klub\u016f, ze kter\u00fdch se  nevyvinulo Ob\u010dansk\u00e9 hnut\u00ed, Soci\u00e1ln\u00ed demokracie apod. Druh\u00fdm zdrojem jsou  t\u00e9m\u011b\u0159 o generaci mlad\u0161\u00ed lid\u00e9 ne\u017e j\u00e1, kte\u0159\u00ed maj\u00ed za sebou studia  politologie a pr\u00e1va na nejlep\u0161\u00edch univerzit\u00e1ch po cel\u00e9m sv\u011bt\u011b.<\/li>\n<\/ul>\n<ul>\n<li><strong>P\u0159emysl Sobotka<br \/>\n<\/strong>V\u00a0p\u0159\u00edpad\u011b m\u00e9ho v\u00edt\u011bzstv\u00ed bude cel\u00fd t\u00fdm  obsazen kvalitn\u00edmi odborn\u00edky. U\u017e dlouhou dobu se kolem m\u011b pohybuj\u00ed  lid\u00e9, kte\u0159\u00ed budou schopni mnoh\u00e9 funkce vykon\u00e1vat. Jmenovat konkr\u00e9tn\u00ed  lidi, ale pova\u017euji v\u00a0tuto chv\u00edli za bezp\u0159edm\u011btn\u00e9.<\/li>\n<\/ul>\n<ul>\n<li><strong>Karel Schwarzenberg<br \/>\n<\/strong>Dle  m\u00e9ho n\u00e1zoru je p\u0159ed\u010dasn\u00e9 o t\u011bchto osobnostech mluvit. O n\u011bkter\u00fdch  uva\u017euji, ale samoz\u0159ejm\u011b je oslov\u00edm a\u017e v z\u00e1v\u011bre\u010dn\u00e9 f\u00e1zi volebn\u00edho boje.  Je ale pot\u0159eba tak\u00e9 v\u011bd\u011bt, jestli budou m\u00edt z\u00e1jem.<\/li>\n<\/ul>\n<ul>\n<li><strong>Jan \u0160vejnar<br \/>\n<\/strong>\u201ePan profesor si dovol\u00ed na ot\u00e1zky  odpov\u011bd\u011bt ve chv\u00edli, kdy by vyhl\u00e1sil kandidaturu,\u201c odpov\u011bd\u011bla serveru  Lidovky.cz mluv\u010d\u00ed kancel\u00e1\u0159e Jana \u0160vejnara Mark\u00e9ta Ml\u00edkov\u00e1.<\/li>\n<\/ul>\n<ul>\n<li><strong>Milo\u0161 Zeman<br \/>\n<\/strong>\u201eP\u0159ed  n\u011bkolika dny ozn\u00e1mil pan Zeman, \u017ee by\u00a0jako sv\u00e9ho\u00a0poradce v oblasti  zem\u011bd\u011blstv\u00ed cht\u011bl b\u00fdval\u00e9ho p\u0159edsedu JZD Slu\u0161ovice Franti\u0161ka \u010cubu. Jm\u00e9na  sv\u00fdch dal\u0161\u00edch p\u0159\u00edpadn\u00fdch spolupracovn\u00edk\u016f ale pan Zeman ozn\u00e1m\u00ed a\u017e v dal\u0161\u00ed  f\u00e1zi sv\u00e9 prezidentsk\u00e9 kampan\u011b. Ji\u017e n\u011bkolikr\u00e1t\u00a0p\u0159itom jasn\u011b sd\u011blil, \u017ee  ve sv\u00e9m t\u00fdmu nepo\u010d\u00edt\u00e1 s panem Miroslavem \u0160loufem, co\u017e se mu \u010dasto  podsouv\u00e1. Pan \u0160louf nen\u00ed ani \u010dlenem jeho volebn\u00edho t\u00fdmu,\u201c \u0159ekla serveru  Lidovky.cz Hana Burianov\u00e1, mluv\u010d\u00ed kampan\u011b b\u00fdval\u00e9ho premi\u00e9ra.<\/li>\n<\/ul>\n<p><a href=\"http:\/\/www.lidovky.cz\/muj-poradce-vaclav-klaus-rika-kandidat-na-prezidenta-ladislav-jakl-v-prezidentske-ankete-g6a-\/ln_domov.asp?c=A120904_170003_ln_domov_mev\" target=\"_blank\">Zdroj<\/a><\/p>\n","protected":false},"excerpt":{"rendered":"<p>Plat\u00ed za prezidentovy nejbli\u017e\u0161\u00ed spolupracovn\u00edky a p\u0159esto\u017ee \u010dasto nejsou jeho poradci a vedouc\u00ed na ve\u0159ejnosti p\u0159\u00edli\u0161 vid\u011bt, rozhodov\u00e1n\u00ed \u010desk\u00e9 hlavy st\u00e1tu ovliv\u0148uj\u00ed zna\u010dnou m\u011brou. Server Lidovky.cz proto oslovil v\u00e1\u017en\u00e9 kandid\u00e1ty o prezidentsk\u00fd post s dotazem, koho by si do sv\u00e9ho hradn\u00edho t\u00fdmu v p\u0159\u00edpad\u011b zvolen\u00ed vybrali.<\/p>\n","protected":false},"author":1,"featured_media":0,"comment_status":"open","ping_status":"open","sticky":false,"template":"","format":"standard","meta":{"ngg_post_thumbnail":0,"footnotes":""},"categories":[17,11],"tags":[],"class_list":["post-2543","post","type-post","status-publish","format-standard","hentry","category-jakl-president","category-ozvena"],"_links":{"self":[{"href":"https:\/\/www.ladislavjakl.cz\/index.php?rest_route=\/wp\/v2\/posts\/2543","targetHints":{"allow":["GET"]}}],"collection":[{"href":"https:\/\/www.ladislavjakl.cz\/index.php?rest_route=\/wp\/v2\/posts"}],"about":[{"href":"https:\/\/www.ladislavjakl.cz\/index.php?rest_route=\/wp\/v2\/types\/post"}],"author":[{"embeddable":true,"href":"https:\/\/www.ladislavjakl.cz\/index.php?rest_route=\/wp\/v2\/users\/1"}],"replies":[{"embeddable":true,"href":"https:\/\/www.ladislavjakl.cz\/index.php?rest_route=%2Fwp%2Fv2%2Fcomments&post=2543"}],"version-history":[{"count":1,"href":"https:\/\/www.ladislavjakl.cz\/index.php?rest_route=\/wp\/v2\/posts\/2543\/revisions"}],"predecessor-version":[{"id":2544,"href":"https:\/\/www.ladislavjakl.cz\/index.php?rest_route=\/wp\/v2\/posts\/2543\/revisions\/2544"}],"wp:attachment":[{"href":"https:\/\/www.ladislavjakl.cz\/index.php?rest_route=%2Fwp%2Fv2%2Fmedia&parent=2543"}],"wp:term":[{"taxonomy":"category","embeddable":true,"href":"https:\/\/www.ladislavjakl.cz\/index.php?rest_route=%2Fwp%2Fv2%2Fcategories&post=2543"},{"taxonomy":"post_tag","embeddable":true,"href":"https:\/\/www.ladislavjakl.cz\/index.php?rest_route=%2Fwp%2Fv2%2Ftags&post=2543"}],"curies":[{"name":"wp","href":"https:\/\/api.w.org\/{rel}","templated":true}]}}