{"id":2567,"date":"2012-09-11T10:37:00","date_gmt":"2012-09-11T08:37:00","guid":{"rendered":"http:\/\/www.ladislavjakl.cz\/?p=2567"},"modified":"2012-09-11T10:37:00","modified_gmt":"2012-09-11T08:37:00","slug":"klaus-by-mel-znovu-kandidovat-mini-spolek-salamoun-nahradou-by-mohl-byt-jakl","status":"publish","type":"post","link":"https:\/\/www.ladislavjakl.cz\/?p=2567","title":{"rendered":"Klaus by m\u011bl znovu kandidovat, m\u00edn\u00ed spolek \u0160alamoun. N\u00e1hradou by mohl b\u00fdt Jakl"},"content":{"rendered":"<p>Sou\u010dasn\u00ed kandid\u00e1ti jsou podle spolku \u0160alamoun pro prezidentsk\u00e9 k\u0159eslo  nevhodn\u00ed. Vyz\u00fdv\u00e1 tedy V\u00e1clava Klause, aby se rozhodl kandidovat je\u0161t\u011b  jednou, a to v p\u0159\u00edm\u00e9 volb\u011b. U\u017e p\u0159ed \u010dasem ale Klaus tento syst\u00e9m ozna\u010dil  za novodobou superstar.<\/p>\n<p><!--more--><\/p>\n<p>V\u00e1clav Klaus by m\u011bl zv\u00e1\u017eit svoji kandidaturu na hlavu st\u00e1tu v p\u0159\u00edm\u00e9 volb\u011b. Vyzval ho k tomu spolek \u0160alamoun.<\/p>\n<p>Jako hlavn\u00ed d\u016fvod spolek uvedl nespokojenost s kandid\u00e1ty, kte\u0159\u00ed se prozat\u00edm do boje o prezidentsk\u00e9 k\u0159eslo p\u0159ihl\u00e1sili.<\/p>\n<p>&#8222;U velk\u00e9 v\u011bt\u0161iny (uchaze\u010d\u016f) se ob\u00e1v\u00e1me, \u017ee  jejich p\u0159\u00edpadn\u00e9 zvolen\u00ed by m\u011blo za n\u00e1sledek men\u0161\u00ed nebo v\u011bt\u0161\u00ed poruchy v  chodu st\u00e1tn\u00ed spr\u00e1vy,&#8220; napsal v otev\u0159en\u00e9m dopise Klausovi spolek. Dopis  zve\u0159ejnil na sv\u00e9m <strong><a href=\"http:\/\/www.spoleksalamoun.com\/view.php?cisloclanku=2012090401\" target=\"_blank\">webu<\/a>.<\/strong><\/p>\n<div>\n<div><strong><span>Anketa<\/span><\/strong><\/div>\n<div><strong>Souhlas\u00edte s t\u00edm, aby se V\u00e1clav Klaus z\u00fa\u010dastnil p\u0159\u00edm\u00e9 prezidentsk\u00e9 volby?<br \/>\n<\/strong><\/p>\n<div>\n<div><strong>Ano\u00a0 34%<\/strong><\/div>\n<\/div>\n<div>\n<div><strong>Ne\u00a0\u00a0 66%<\/strong><\/div>\n<\/div>\n<div><strong>Hlasovalo 584 \u010dten\u00e1\u0159\u016f<\/strong><\/div>\n<\/div>\n<\/div>\n<p>Klaus by podle \u0160alamouna mohl z\u016fstat ve sv\u00e9 funkci je\u0161t\u011b jedno  volebn\u00ed obdob\u00ed. Za obdob\u00ed sv\u00e9ho p\u016fsoben\u00ed podle n\u011bj prok\u00e1zal uv\u00e1\u017elivost a  zp\u016fsobilost p\u0159ekon\u00e1vat vnitropolitick\u00e9 krize a urovn\u00e1vat rozbroje mezi  politiky. Pokud by Klaus kandidaturu p\u0159ijal, spolek by to vn\u00edmal jako  &#8222;jako pochopen\u00ed nutnosti a projev v\u016fle pomoci zemi ve slo\u017eit\u00e9 situaci&#8220;.<\/p>\n<p>Sou\u010dasn\u00fd prezident ale syst\u00e9m p\u0159\u00edm\u00e9 volby  ozna\u010dil za fat\u00e1ln\u00ed chybu a p\u0159irovnal ji k &#8222;nov\u00e9 velk\u00e9 \u010desk\u00e9 superstar&#8220;.  Nav\u00edc do \u00fa\u0159adu hlavy st\u00e1tu je mo\u017en\u00e9 b\u00fdt zvolen pouze dvakr\u00e1t za sebou.<\/p>\n<p>Stejn\u00e9 omezen\u00ed podle \u0160alamouna platilo i za  doby prvn\u00ed republiky, p\u0159esto byl Tom\u00e1\u0161 Garrigue Masaryk zvolen  prezidentem \u010dty\u0159ikr\u00e1t. Znovuzvolen\u00ed Klause by podle nich mohla umo\u017enit  v\u00fdjimka \u00fastavn\u00edho z\u00e1kona od\u016fvodn\u011bn\u00e1 z\u00e1sadn\u00ed zm\u011bnou volebn\u00edho syst\u00e9mu a  vst\u0159\u00edcnost\u00ed k po\u017eadavku na ochranu st\u00e1tu p\u0159ed mo\u017en\u00fdmi nep\u0159edv\u00eddateln\u00fdmi  d\u016fsledky zp\u016fsoben\u00e9 jinou formou volby prezidenta.<\/p>\n<p>Kdy\u017e nebude Klaus, m\u011bl by b\u00fdt Jakl<\/p>\n<p>Z dosavadn\u00edch uchaze\u010d\u016f by byl podle \u0160alamouna  nejvhodn\u011bj\u0161\u00edm prezidentsk\u00fdm kandid\u00e1tem Klaus\u016fv tajemn\u00edk Ladislav Jakl,  kter\u00fd podle n\u011bj m\u00e1 jasnou p\u0159edstavu o po\u017eadavc\u00edch na prezidenta a kter\u00fd  by byl schopen se s n\u00e1roky \u00fa\u0159adu d\u016fstojn\u011b vypo\u0159\u00e1dat. P\u0159esto se spolek  ob\u00e1v\u00e1, \u017ee Jakl je pro v\u011bt\u0161inu voli\u010d\u016f &#8222;celkem m\u00e1lo zaj\u00edmavou osobnost\u00ed&#8220;.<\/p>\n<p>\u0160ance z hlediska politick\u00e9 praxe maj\u00ed podle  spolku i b\u00fdval\u00fd premi\u00e9r a p\u0159edseda \u010cSSD Milo\u0161 Zeman a ministr zahrani\u010d\u00ed a  p\u0159edseda TOP 09 Karel Schwarzenberg. &#8222;Oba ale maj\u00ed ji\u017e sv\u00e9 nejlep\u0161\u00ed  roky za sebou,&#8220; uvedl spolek.<\/p>\n<p>Vladim\u00edr Dlouh\u00fd, dal\u0161\u00ed z kandid\u00e1t\u016f, je podle  \u0160alamouna u\u017e p\u0159\u00edli\u0161 dlouho mimo politiku. Kr\u00e1tkodob\u00e9 p\u016fsoben\u00ed Jana  Fischera ve funkci premi\u00e9ra pak spolek nazval &#8222;jen n\u00e1hodn\u00fdm vybo\u010den\u00edm z  \u0161ediv\u00e9 \u017eivotn\u00ed dr\u00e1hy statistika&#8220;.<\/p>\n<p><a href=\"http:\/\/zpravy.ihned.cz\/cesko\/c1-57340970-klaus-by-mel-znovu-kandidovat-mini-spolek-salamoun-nahradou-by-mohl-byt-jakl\" target=\"_blank\">Zdroj<\/a><\/p>\n","protected":false},"excerpt":{"rendered":"<p>Sou\u010dasn\u00ed kandid\u00e1ti jsou podle spolku \u0160alamoun pro prezidentsk\u00e9 k\u0159eslo nevhodn\u00ed. Vyz\u00fdv\u00e1 tedy V\u00e1clava Klause, aby se rozhodl kandidovat je\u0161t\u011b jednou, a to v p\u0159\u00edm\u00e9 volb\u011b. U\u017e p\u0159ed \u010dasem ale Klaus tento syst\u00e9m ozna\u010dil za novodobou superstar.<\/p>\n","protected":false},"author":1,"featured_media":0,"comment_status":"open","ping_status":"open","sticky":false,"template":"","format":"standard","meta":{"ngg_post_thumbnail":0,"footnotes":""},"categories":[17,11],"tags":[],"class_list":["post-2567","post","type-post","status-publish","format-standard","hentry","category-jakl-president","category-ozvena"],"_links":{"self":[{"href":"https:\/\/www.ladislavjakl.cz\/index.php?rest_route=\/wp\/v2\/posts\/2567","targetHints":{"allow":["GET"]}}],"collection":[{"href":"https:\/\/www.ladislavjakl.cz\/index.php?rest_route=\/wp\/v2\/posts"}],"about":[{"href":"https:\/\/www.ladislavjakl.cz\/index.php?rest_route=\/wp\/v2\/types\/post"}],"author":[{"embeddable":true,"href":"https:\/\/www.ladislavjakl.cz\/index.php?rest_route=\/wp\/v2\/users\/1"}],"replies":[{"embeddable":true,"href":"https:\/\/www.ladislavjakl.cz\/index.php?rest_route=%2Fwp%2Fv2%2Fcomments&post=2567"}],"version-history":[{"count":2,"href":"https:\/\/www.ladislavjakl.cz\/index.php?rest_route=\/wp\/v2\/posts\/2567\/revisions"}],"predecessor-version":[{"id":2569,"href":"https:\/\/www.ladislavjakl.cz\/index.php?rest_route=\/wp\/v2\/posts\/2567\/revisions\/2569"}],"wp:attachment":[{"href":"https:\/\/www.ladislavjakl.cz\/index.php?rest_route=%2Fwp%2Fv2%2Fmedia&parent=2567"}],"wp:term":[{"taxonomy":"category","embeddable":true,"href":"https:\/\/www.ladislavjakl.cz\/index.php?rest_route=%2Fwp%2Fv2%2Fcategories&post=2567"},{"taxonomy":"post_tag","embeddable":true,"href":"https:\/\/www.ladislavjakl.cz\/index.php?rest_route=%2Fwp%2Fv2%2Ftags&post=2567"}],"curies":[{"name":"wp","href":"https:\/\/api.w.org\/{rel}","templated":true}]}}