{"id":257,"date":"2010-02-23T09:05:36","date_gmt":"2010-02-23T08:05:36","guid":{"rendered":"http:\/\/www.ladislavjakl.cz\/?p=257"},"modified":"2010-02-23T09:06:22","modified_gmt":"2010-02-23T08:06:22","slug":"jak-znicit-politiku-regionalizaci","status":"publish","type":"post","link":"https:\/\/www.ladislavjakl.cz\/?p=257","title":{"rendered":"Jak zni\u010dit politiku? Regionalizac\u00ed!"},"content":{"rendered":"<p>Politiku je t\u0159eba zlikvidovat. Je t\u0159eba ji degradovat na \u00farove\u0148 pitv\u00e1n\u00ed m\u00edstn\u00edch \u010di region\u00e1ln\u00edch probl\u00e9m\u016f, je t\u0159eba z\u00a0n\u00ed vytla\u010dit obecn\u00e9 ideje, vyt\u011bsnit z\u00e1kladn\u00ed hodnoty.<br \/>\n<!--more-->Je t\u0159eba odebrat j\u00ed t\u00e9mata, jako je svoboda jednotlivce, role st\u00e1tu, m\u00edra p\u0159erozd\u011blov\u00e1n\u00ed, m\u00edra regulace, pom\u011br pr\u00e1va ve\u0159ejn\u00e9ho a soukrom\u00e9ho, jako je debata o nutn\u00e9m rozsahu ve\u0159ejn\u00fdch statk\u016f. Politici nap\u0159\u00ed\u0161t\u011b maj\u00ed u\u017e jen sout\u011b\u017eit o to, kdo um\u00ed l\u00e9pe spravit vodovod, ut\u00e1hnout matku nebo \u0161roubek, vyprosit si bal\u00edk pen\u011bz na tom kter\u00e9m \u00fa\u0159adu.<\/p>\n<p>O d\u016fle\u017eit\u00fdch v\u011bcech je p\u0159ece d\u00e1vno rozhodnuto, z\u00a0Bruselu n\u00e1m m\u00e1 u\u017e nav\u017edy vl\u00e1dnout politicky korektn\u00ed, soci\u00e1ln\u011b spravedliv\u00e1 a pat\u0159i\u010dn\u011b zezelenal\u00e1 moc elit havlovsk\u00e9ho typu. Na\u010d se zaob\u00edrat z\u00e1kladn\u00edmi univerz\u00e1ln\u00edmi t\u00e9maty, je t\u0159eba u\u017e jen polevi\u010d\u00e1cku \u0159e\u0161it za lidi jejich denn\u00ed strasti, vnucovat jim schv\u00e1lenou podobu dobra a\u017e do jejich ob\u00fdv\u00e1k\u016f, kuchyn\u00ed a lo\u017enic.<\/p>\n<p>Tomu se p\u0159izp\u016fsobuje i avantgardn\u00ed p\u0159edvoj nov\u00e9, omyvateln\u00e9 a aseptick\u00e9 eurocivilizace: \u010cesk\u00e1 televize. A tak u\u017e pon\u011bkolik\u00e1t\u00e9 rozbila p\u0159edvolebn\u00ed kampa\u0148 na sv\u00fdch obrazovk\u00e1ch do jednotliv\u00fdch region\u016f. A pt\u00e1 se tamn\u00edch l\u00eddr\u016f, co hezk\u00e9ho ud\u011blaj\u00ed pro sv\u016fj kraj, pro m\u00edstn\u00ed nemocnici, n\u00e1dra\u017e\u00ed, spalovnu. A nikomu to nen\u00ed divn\u00e9. Nikdo ne\u0159ekne: to ale nejsou krajsk\u00e9 volby, to jsou celost\u00e1tn\u00ed parlamentn\u00ed volby, jejich t\u00e9matem m\u00e1 b\u00fdt z\u00e1sadn\u00ed sm\u011b\u0159ov\u00e1n\u00ed cel\u00e9 republiky!<\/p>\n<p>Jen\u017ee co je ob\u010dan\u016fm do n\u011bjak\u00e9ho z\u00e1sadn\u00edho sm\u011b\u0159ov\u00e1n\u00ed, to u\u017e bylo dohodnuto jinde. A tak je t\u0159eba vnutit voli\u010d\u016fm p\u0159edstavu, \u017ee lep\u0161\u00ed kandid\u00e1t je ten, co um\u00ed odrecitovat, kde v\u0161ude v\u00a0kraji sprav\u00ed most a kter\u00fd kopec zachr\u00e1n\u00ed p\u0159ed zl\u00fdmi podnikateli.<\/p>\n<p>A hlavn\u00ed politick\u00e9 strany tuhle hru nad\u0161en\u011b p\u0159ij\u00edmaj\u00ed. Politiku u\u017e v\u00a0nich ned\u011bl\u00e1 skoro nikdo, jejich veden\u00ed ovl\u00e1dli region\u00e1ln\u00ed bossov\u00e9, na ideje nen\u00ed \u010das, nab\u00edz\u00ed se dokola jen sam\u00e1 \u0159e\u0161en\u00ed, nab\u00edz\u00ed se operativa, nab\u00edz\u00ed se d\u00edl\u010d\u00ed dobra, o jejich\u017e nadstranick\u00e9 u\u017eite\u010dnosti p\u0159ece nikdo nepochybuje.<\/p>\n<p>A my budeme spokojeni, proto\u017ee od t\u00e9 hnusn\u00e9 politiky bude nav\u017edy pokoj.<\/p>\n","protected":false},"excerpt":{"rendered":"<p>Politiku je t\u0159eba zlikvidovat. Je t\u0159eba ji degradovat na \u00farove\u0148 pitv\u00e1n\u00ed m\u00edstn\u00edch \u010di region\u00e1ln\u00edch probl\u00e9m\u016f, je t\u0159eba z\u00a0n\u00ed vytla\u010dit obecn\u00e9 ideje, vyt\u011bsnit z\u00e1kladn\u00ed hodnoty.<\/p>\n","protected":false},"author":1,"featured_media":0,"comment_status":"open","ping_status":"open","sticky":false,"template":"","format":"standard","meta":{"ngg_post_thumbnail":0,"footnotes":""},"categories":[8,1],"tags":[],"class_list":["post-257","post","type-post","status-publish","format-standard","hentry","category-hlavni-stranka","category-publikovane-clanky"],"_links":{"self":[{"href":"https:\/\/www.ladislavjakl.cz\/index.php?rest_route=\/wp\/v2\/posts\/257","targetHints":{"allow":["GET"]}}],"collection":[{"href":"https:\/\/www.ladislavjakl.cz\/index.php?rest_route=\/wp\/v2\/posts"}],"about":[{"href":"https:\/\/www.ladislavjakl.cz\/index.php?rest_route=\/wp\/v2\/types\/post"}],"author":[{"embeddable":true,"href":"https:\/\/www.ladislavjakl.cz\/index.php?rest_route=\/wp\/v2\/users\/1"}],"replies":[{"embeddable":true,"href":"https:\/\/www.ladislavjakl.cz\/index.php?rest_route=%2Fwp%2Fv2%2Fcomments&post=257"}],"version-history":[{"count":3,"href":"https:\/\/www.ladislavjakl.cz\/index.php?rest_route=\/wp\/v2\/posts\/257\/revisions"}],"predecessor-version":[{"id":260,"href":"https:\/\/www.ladislavjakl.cz\/index.php?rest_route=\/wp\/v2\/posts\/257\/revisions\/260"}],"wp:attachment":[{"href":"https:\/\/www.ladislavjakl.cz\/index.php?rest_route=%2Fwp%2Fv2%2Fmedia&parent=257"}],"wp:term":[{"taxonomy":"category","embeddable":true,"href":"https:\/\/www.ladislavjakl.cz\/index.php?rest_route=%2Fwp%2Fv2%2Fcategories&post=257"},{"taxonomy":"post_tag","embeddable":true,"href":"https:\/\/www.ladislavjakl.cz\/index.php?rest_route=%2Fwp%2Fv2%2Ftags&post=257"}],"curies":[{"name":"wp","href":"https:\/\/api.w.org\/{rel}","templated":true}]}}