{"id":2570,"date":"2012-09-11T10:40:29","date_gmt":"2012-09-11T08:40:29","guid":{"rendered":"http:\/\/www.ladislavjakl.cz\/?p=2570"},"modified":"2012-09-11T10:40:29","modified_gmt":"2012-09-11T08:40:29","slug":"odpovedi-l-jakla-na-prezidentskou-anketu-idnes","status":"publish","type":"post","link":"https:\/\/www.ladislavjakl.cz\/?p=2570","title":{"rendered":"Odpov\u011bdi L. Jakla na prezidentskou anketu iDNES"},"content":{"rendered":"<p>V\u00e1\u017een\u00fd pane Jakle, dovolujeme si V\u00e1s oslovit jako jednoho z kandid\u00e1t\u016f na prezidenta. Kandid\u00e1t\u016fm, kte\u0159\u00ed maj\u00ed \u0161anci v p\u0159\u00edm\u00e9 volb\u011b z\u00edskat v\u011bt\u0161\u00ed podporu, pos\u00edl\u00e1me deset ot\u00e1zek (+ jednu bonusovou na z\u00e1v\u011br). Na prvn\u00edch deset ot\u00e1zek pros\u00edm odpov\u011bzte jednodu\u0161e ano \/ ne. M\u016f\u017eete p\u0159ipojit i kr\u00e1tk\u00fd koment\u00e1\u0159, pros\u00edme ale o stru\u010dnost &#8211; maxim\u00e1ln\u011b na dv\u011b t\u0159i v\u011bty.<\/p>\n<p><!--more--><strong>Souhlas\u00edte s c\u00edrkevn\u00edmi restitucemi? <\/strong><\/p>\n<p>V sou\u010dasn\u00e9 podob\u011b ne.<\/p>\n<p><strong>Souhlas\u00edte se zv\u00fd\u0161en\u00edm DPH, jak ho navrhuje vl\u00e1da Petra Ne\u010dase? <\/strong><\/p>\n<p><strong> <\/strong>Nesouhlas\u00edm s \u017e\u00e1dn\u00fdm zvy\u0161ov\u00e1n\u00edm dan\u00ed, tedy ani s t\u00edmto.<\/p>\n<p><strong>Souhlas\u00edte s postupn\u00fdm zvy\u0161ov\u00e1n\u00edm hranice pro odchod do d\u016fchodu? <\/strong><\/p>\n<p><strong> <\/strong>Nesouhlas\u00edm s institutem &#8222;hranice pro odchod do d\u016fchodu&#8220;. Ka\u017ed\u00fd by m\u011bl j\u00edt do d\u016fchodu, kdy chce. Ale m\u00e1 m\u00edt od st\u00e1tu n\u00e1rok jen na minim\u00e1ln\u00ed d\u016fchod. Zbytek si v\u010das mus\u00ed za\u0159\u00eddit s\u00e1m.<\/p>\n<p><strong>Podpo\u0159il byste adopce d\u011bt\u00ed homosexu\u00e1ln\u00edmi p\u00e1ry? <\/strong><\/p>\n<p><strong> <\/strong>Nikdo nem\u00e1 n\u00e1rok na adopci d\u00edt\u011bte. To \u0159\u00edk\u00e1m jako \u010dlov\u011bk, kter\u00fd d\u00edt\u011b adoptoval. P\u0159i rozhodov\u00e1n\u00ed, komu sv\u011b\u0159it d\u00edt\u011b do trval\u00e9 p\u00e9\u010de, mus\u00ed rozhodovat pouze z\u00e1jem d\u00edt\u011bte a ne &#8222;pr\u00e1vo&#8220; kohokoli na \u017eivou hra\u010dku.<\/p>\n<p><strong>Byl byste pro zaveden\u00ed eutan\u00e1zie? <\/strong><\/p>\n<p><strong> <\/strong>Ne.<\/p>\n<p><strong>Podpo\u0159il byste zaveden\u00ed trestu smrti?<\/strong><\/p>\n<p><strong> <\/strong>Ne.<\/p>\n<p><strong>M\u011bla by se \u010cR sna\u017eit o rychl\u00e9 p\u0159ijet\u00ed eura?<\/strong><\/p>\n<p><strong> <\/strong>Ne. Ani o pomal\u00e9.<\/p>\n<p><strong>Dal byste vyznamen\u00e1n\u00ed bratr\u016fm Ma\u0161\u00ednov\u00fdm?<\/strong><\/p>\n<p><strong> <\/strong>Ne.<\/p>\n<p><strong>Jste pro legalizaci marihuany?<\/strong><\/p>\n<p><strong> <\/strong>Ne.<\/p>\n<p><strong>P\u0159edstavuje isl\u00e1m nebezpe\u010d\u00ed pro Evropu?<\/strong><\/p>\n<p><strong> <\/strong>Ne. Nebezpe\u010d\u00edm je ztr\u00e1ta vlastn\u00edch civiliza\u010dn\u00edch hodnot. Tu vid\u00edme v p\u0159\u00edm\u00e9m p\u0159enosu kolem sebe.<\/p>\n<p><strong>A n\u011bco na odleh\u010denou: Jak\u00e9 je  Va\u0161e nejobl\u00edben\u011bj\u0161\u00ed \u010desk\u00e9 j\u00eddlo? <\/strong><\/p>\n<p><strong> <\/strong>To nen\u00ed na odleh\u010denou, to je v\u00e1\u017en\u00e1 v\u011bc. M\u00fdm nejobl\u00edben\u011bj\u0161\u00edm j\u00eddlem je to, kter\u00e9 mi n\u011bkdo uva\u0159\u00ed s l\u00e1skou.<\/p>\n<p>Martina Topinkov\u00e1<br \/>\nRedaktorka iDNES.cz<\/p>\n","protected":false},"excerpt":{"rendered":"<p>V\u00e1\u017een\u00fd pane Jakle, dovolujeme si V\u00e1s oslovit jako jednoho z kandid\u00e1t\u016f na prezidenta. Kandid\u00e1t\u016fm, kte\u0159\u00ed maj\u00ed \u0161anci v p\u0159\u00edm\u00e9 volb\u011b z\u00edskat v\u011bt\u0161\u00ed podporu, pos\u00edl\u00e1me deset ot\u00e1zek (+ jednu bonusovou na z\u00e1v\u011br). Na prvn\u00edch deset ot\u00e1zek pros\u00edm odpov\u011bzte jednodu\u0161e ano \/ ne. M\u016f\u017eete p\u0159ipojit i kr\u00e1tk\u00fd koment\u00e1\u0159, pros\u00edme ale o stru\u010dnost &#8211; maxim\u00e1ln\u011b na dv\u011b t\u0159i [&hellip;]<\/p>\n","protected":false},"author":1,"featured_media":0,"comment_status":"open","ping_status":"open","sticky":false,"template":"","format":"standard","meta":{"ngg_post_thumbnail":0,"footnotes":""},"categories":[17,13],"tags":[],"class_list":["post-2570","post","type-post","status-publish","format-standard","hentry","category-jakl-president","category-rozhovory"],"_links":{"self":[{"href":"https:\/\/www.ladislavjakl.cz\/index.php?rest_route=\/wp\/v2\/posts\/2570","targetHints":{"allow":["GET"]}}],"collection":[{"href":"https:\/\/www.ladislavjakl.cz\/index.php?rest_route=\/wp\/v2\/posts"}],"about":[{"href":"https:\/\/www.ladislavjakl.cz\/index.php?rest_route=\/wp\/v2\/types\/post"}],"author":[{"embeddable":true,"href":"https:\/\/www.ladislavjakl.cz\/index.php?rest_route=\/wp\/v2\/users\/1"}],"replies":[{"embeddable":true,"href":"https:\/\/www.ladislavjakl.cz\/index.php?rest_route=%2Fwp%2Fv2%2Fcomments&post=2570"}],"version-history":[{"count":1,"href":"https:\/\/www.ladislavjakl.cz\/index.php?rest_route=\/wp\/v2\/posts\/2570\/revisions"}],"predecessor-version":[{"id":2571,"href":"https:\/\/www.ladislavjakl.cz\/index.php?rest_route=\/wp\/v2\/posts\/2570\/revisions\/2571"}],"wp:attachment":[{"href":"https:\/\/www.ladislavjakl.cz\/index.php?rest_route=%2Fwp%2Fv2%2Fmedia&parent=2570"}],"wp:term":[{"taxonomy":"category","embeddable":true,"href":"https:\/\/www.ladislavjakl.cz\/index.php?rest_route=%2Fwp%2Fv2%2Fcategories&post=2570"},{"taxonomy":"post_tag","embeddable":true,"href":"https:\/\/www.ladislavjakl.cz\/index.php?rest_route=%2Fwp%2Fv2%2Ftags&post=2570"}],"curies":[{"name":"wp","href":"https:\/\/api.w.org\/{rel}","templated":true}]}}