{"id":2572,"date":"2012-09-11T10:42:13","date_gmt":"2012-09-11T08:42:13","guid":{"rendered":"http:\/\/www.ladislavjakl.cz\/?p=2572"},"modified":"2012-09-11T10:42:13","modified_gmt":"2012-09-11T08:42:13","slug":"martin-komarek-je-koko","status":"publish","type":"post","link":"https:\/\/www.ladislavjakl.cz\/?p=2572","title":{"rendered":"Martin Kom\u00e1rek je koko"},"content":{"rendered":"<p>Komunistick\u00fd novin\u00e1\u0159 Martin Kom\u00e1rek z den\u00edku Mlad\u00e1 fronta je \u0161koln\u00ed p\u0159\u00edklad agit\u00e1tora. V dne\u0161n\u00edm koment\u00e1\u0159i (MFD, 7. 9.) p\u00ed\u0161e o tom, \u017ee V\u00e1clav Klaus v\u00e1\u0161niv\u011b podpo\u0159il vzbou\u0159ence v ODS.<\/p>\n<p><!--more-->Co na tom, \u017ee ony poslance V\u00e1clav Klaus slovem nepodpo\u0159il, nato\u017e s v\u00e1\u0161n\u00ed (koko se nenam\u00e1h\u00e1 s citac\u00ed nebo ud\u00e1n\u00edm zdroje). Co na tom, \u017ee konzistentn\u011b  a dlouhodob\u011b byl Klaus v\u017edy proti zvy\u0161ov\u00e1n\u00ed dan\u00ed a \u017ee i proti tomuto konkr\u00e9tn\u00edmu zv\u00fd\u0161en\u00ed sazeb DPH vystoupil d\u0159\u00edve ne\u017e tito poslanci. Co na tom, \u017ee ti poslanci jsou vesm\u011bs nejv\u011bt\u0161\u00edmi kritiky V\u00e1clava Klause v ODS. To je agit\u00e1torovi Kom\u00e1rkovi jedno. Nepot\u0159ebuje fakta, pot\u0159ebuje sledovat vyt\u00fd\u010den\u00fd agita\u010dn\u00ed sm\u011br: p\u0159edv\u00e9st prezidenta jako \u0161k\u016fdce. Tenhle novin\u00e1\u0159 je prost\u011b koko. KOmunista KOm\u00e1rek.<\/p>\n<p>L. J.<\/p>\n","protected":false},"excerpt":{"rendered":"<p>Komunistick\u00fd novin\u00e1\u0159 Martin Kom\u00e1rek z den\u00edku Mlad\u00e1 fronta je \u0161koln\u00ed p\u0159\u00edklad agit\u00e1tora. V dne\u0161n\u00edm koment\u00e1\u0159i (MFD, 7. 9.) p\u00ed\u0161e o tom, \u017ee V\u00e1clav Klaus v\u00e1\u0161niv\u011b podpo\u0159il vzbou\u0159ence v ODS.<\/p>\n","protected":false},"author":1,"featured_media":0,"comment_status":"open","ping_status":"open","sticky":false,"template":"","format":"standard","meta":{"ngg_post_thumbnail":0,"footnotes":""},"categories":[6],"tags":[],"class_list":["post-2572","post","type-post","status-publish","format-standard","hentry","category-co-jsem-nerekl"],"_links":{"self":[{"href":"https:\/\/www.ladislavjakl.cz\/index.php?rest_route=\/wp\/v2\/posts\/2572","targetHints":{"allow":["GET"]}}],"collection":[{"href":"https:\/\/www.ladislavjakl.cz\/index.php?rest_route=\/wp\/v2\/posts"}],"about":[{"href":"https:\/\/www.ladislavjakl.cz\/index.php?rest_route=\/wp\/v2\/types\/post"}],"author":[{"embeddable":true,"href":"https:\/\/www.ladislavjakl.cz\/index.php?rest_route=\/wp\/v2\/users\/1"}],"replies":[{"embeddable":true,"href":"https:\/\/www.ladislavjakl.cz\/index.php?rest_route=%2Fwp%2Fv2%2Fcomments&post=2572"}],"version-history":[{"count":2,"href":"https:\/\/www.ladislavjakl.cz\/index.php?rest_route=\/wp\/v2\/posts\/2572\/revisions"}],"predecessor-version":[{"id":2574,"href":"https:\/\/www.ladislavjakl.cz\/index.php?rest_route=\/wp\/v2\/posts\/2572\/revisions\/2574"}],"wp:attachment":[{"href":"https:\/\/www.ladislavjakl.cz\/index.php?rest_route=%2Fwp%2Fv2%2Fmedia&parent=2572"}],"wp:term":[{"taxonomy":"category","embeddable":true,"href":"https:\/\/www.ladislavjakl.cz\/index.php?rest_route=%2Fwp%2Fv2%2Fcategories&post=2572"},{"taxonomy":"post_tag","embeddable":true,"href":"https:\/\/www.ladislavjakl.cz\/index.php?rest_route=%2Fwp%2Fv2%2Ftags&post=2572"}],"curies":[{"name":"wp","href":"https:\/\/api.w.org\/{rel}","templated":true}]}}