{"id":2579,"date":"2012-09-11T10:48:53","date_gmt":"2012-09-11T08:48:53","guid":{"rendered":"http:\/\/www.ladislavjakl.cz\/?p=2579"},"modified":"2012-09-11T10:48:53","modified_gmt":"2012-09-11T08:48:53","slug":"ladislav-jakl-pro-anketu-svobodnych-novin","status":"publish","type":"post","link":"https:\/\/www.ladislavjakl.cz\/?p=2579","title":{"rendered":"Ladislav Jakl pro anketu Svobodn\u00fdch novin"},"content":{"rendered":"<p>V\u00e1\u017een\u00ed uchaze\u010di o kandidaturu na prezidenta! S mo\u017enost\u00ed volit prezidenta v\u0161emi ob\u010dany se podle o\u010dek\u00e1v\u00e1n\u00ed roztrhl pytel s uchaze\u010di o tento \u00fa\u0159ad. B\u011b\u017en\u00fd ob\u010dan &#8211; voli\u010d nem\u00e1 proto re\u00e1lnou mo\u017enost<br \/>\nporovnat srovnateln\u011b vlastnosti uchaze\u010d\u016f, kter\u00e9 jsou v r\u016fzn\u00fdch zdroj\u00edch, nebo v\u016fbec nejsou.<\/p>\n<p><!--more-->Navrhuji proto sestavit jejich soupis v jak\u00e9msi dotazn\u00edku, kter\u00fd by tento probl\u00e9m m\u011bl do jist\u00e9 m\u00edry\u00a0 odstranit. \u0158adu ot\u00e1zek jste ji\u017e jist\u011b zodpov\u011bd\u011bli jinde a v jin\u00e9 form\u011b, jejich soust\u0159ed\u011bn\u00ed je v\u0161ak obt\u00ed\u017en\u00e9 a pou\u017eit\u00ed jinde nar\u00e1\u017e\u00ed ob\u010das na autorsk\u00e1 i jin\u00e1 pr\u00e1va. Vyhov\u011bn\u00edm, nebo nevyhov\u011bn\u00edm t\u00e9to \u017e\u00e1dosti usnadn\u00edme voli\u010d\u016fm v\u00fdb\u011br toho z v\u00e1s nejlep\u0161\u00edho.<br \/>\nZodpov\u011bzen\u00ed dotaz\u016f je zcela dobrovoln\u00e9, i odm\u00edtnut\u00ed odpov\u011bd\u011bt, nebo vyh\u00fdbav\u00e1 odpov\u011b\u010f jsou ale v\u00fdmluvn\u00e9. Ze z\u00edskan\u00fdch informac\u00ed bude moci b\u00fdt na str\u00e1nk\u00e1ch pana He\u0159m\u00e1nka, nebo Svobodn\u00fdch novin sestaveno nez\u00e1visl\u00e9 srovn\u00e1n\u00ed, o kter\u00e9 usilujeme. V\u011b\u0159\u00edm proto, \u017ee m\u00e9 \u017e\u00e1dosti vyhov\u00edte, t\u0159eba\u017ee n\u011bkter\u00e9 ot\u00e1zky jsou takov\u00e9, o kter\u00fdch se v b\u011b\u017en\u00e9 kampani rad\u011bji nemluv\u00ed. Jsou v\u0161ak pro v\u00fdsledek volby a kvalitu nov\u011b zvolen\u00e9ho prezidenta d\u016fle\u017eit\u00e9. Jsou na p\u0159ipojen\u00e9m seznamu a lze na n\u011b odpov\u011bd\u011bt e-mailem i jen podle \u010d\u00edsel.<br \/>\nD\u00edk p\u0159edem<br \/>\ning. Vladim\u00edr Vesel\u00fd, z\u00e1stupce \u0161\u00e9fredaktora Svobodn\u00fdch novin<\/p>\n<p>Dotazn\u00edk pro uchaze\u010de o kandidaturu na prezidenta republiky 2013 \u00dadaje, kter\u00e9 mus\u00ed b\u00fdt vypln\u011bny:<br \/>\n<strong> 1. jm\u00e9no, titul:<\/strong><\/p>\n<p><strong> <\/strong>Nem\u00e1m \u017e\u00e1dn\u00e9 tituly.<\/p>\n<p><strong>2. rok a zem\u011b narozen\u00ed: v\u00fd\u010det p\u0159\u00edpadn\u00fdch dob \u017eivota mimo republiku<\/strong><\/p>\n<p><strong> <\/strong>Mimo republiku jsem ne\u017eil.<\/p>\n<p><strong>3. rodinn\u00fd stav:<\/strong><\/p>\n<p><strong> <\/strong>P\u0159im\u011b\u0159en\u00fd.<\/p>\n<p><strong>4. ukon\u010den\u00e1 vzd\u011bl\u00e1n\u00ed:<\/strong><\/p>\n<p><strong> <\/strong>Fakulta \u017eurnalistiky Univerzity Karlovy.<\/p>\n<p><strong>5. st\u00e1tn\u00ed p\u0159\u00edslu\u0161nost: (od, do &#8211; \u00fapln\u00fd v\u00fd\u010det), sou\u010dasn\u00fd stav<\/strong><\/p>\n<p><strong> <\/strong>\u010cesk\u00e1 republika.<\/p>\n<p><strong>6. Prohl\u00e1\u0161en\u00ed, \u017ee se nikdy neprovinil \u010dinnost\u00ed, kter\u00e1 by mohla u\u0161kodit na\u0161\u00ed republice, nebo jej\u00edm ob\u010dan\u016fm:<\/strong><\/p>\n<p><strong> <\/strong>Takov\u00e9 prohl\u00e1\u0161en\u00ed bohu\u017eel nemohu u\u010dinit. Takovou \u010dinnost\u00ed jsem se provinil tis\u00edckr\u00e1t. Nap\u0159\u00edklad jako neku\u0159\u00e1k jsem ochudil st\u00e1tn\u00ed rozpo\u010det o tis\u00edce korun na spot\u0159ebn\u00ed dani, m\u00e1lo jsem u televize fandil na\u0161im fotbalist\u016fm a v cizin\u011b nenav\u0161t\u011bvuji muzea ale pivovary.<\/p>\n<p>Citliv\u00e9 \u00fadaje, kter\u00e9 by ale m\u011bly b\u00fdt vypln\u011bny:<br \/>\n<strong> 7. etnick\u00e1 p\u0159\u00edslu\u0161nost kandid\u00e1ta, jeho rodi\u010d\u016f a prarodi\u010d\u016f: (dolo\u017eiteln\u00e1, ke kter\u00e9 se p\u016fvodem hl\u00e1s\u00ed, zejm\u00e9na u men\u0161in).<\/strong><\/p>\n<p><strong> <\/strong>Moje maminka byla Polka.<\/p>\n<p><strong>8. n\u00e1bo\u017eenstv\u00ed: bezv\u011brec, budhista, muslim, katol\u00edk, protestant, \u017did a dal\u0161\u00ed<\/strong><\/p>\n<p><strong> <\/strong>Jsem v\u011brec.<\/p>\n<p><strong>9. politick\u00e1 p\u0159\u00edslu\u0161nost: (sou\u010dasn\u00e1 a v\u00fd\u010det v\u0161ech od, do)<\/strong><\/p>\n<p><strong> <\/strong>\u017d\u00e1dn\u00e1.<\/p>\n<p><strong>10. stranick\u00e9, st\u00e1tn\u00ed a jin\u00e9 v\u00fdznamn\u00e9 funkce: (v\u00fd\u010det, od, do)<\/strong><\/p>\n<p><strong> <\/strong>Funkci rostlin\u00e1\u0159e jsem nikdy nezast\u00e1val.<\/p>\n<p><strong>11. zku\u0161enosti v diplomacii a mezist\u00e1tn\u00edch jedn\u00e1n\u00edch:<\/strong><\/p>\n<p><strong> <\/strong>V r\u00e1mci sv\u00e9 pr\u00e1ce v posledn\u00edch 15 letech b\u011b\u017en\u011b. V partnersk\u00fdch vztaz\u00edch m\u00e1m zku\u0161enosti v diplomacii celo\u017eivotn\u00ed.<\/p>\n<p><strong>12. spole\u010densk\u00e9 zam\u011b\u0159en\u00ed podle vlastn\u00ed \u00favahy: (pravice, levice, st\u0159ed)<\/strong><\/p>\n<p><strong> <\/strong>Nev\u00edm, jestli se tomu \u0159\u00edk\u00e1 spole\u010densk\u00e9 zam\u011b\u0159en\u00ed, ale z nab\u00edzen\u00fdch mo\u017enost\u00ed jsem pravice.<\/p>\n<p><strong>13. co chce v p\u0159\u00edpad\u011b zvolen\u00ed do funkce prosazovat a podporovat, co by cht\u011bl z na\u0161\u00ed spole\u010dnosti vym\u00fdtit: &#8211; stru\u010dn\u011b (max na deset \u0159\u00e1dk\u016f, zbytek na jin\u00e9 str\u00e1nce)<\/strong><\/p>\n<p><strong> <\/strong>M\u00fdtit chci stromy. Nejen ty zasa\u017een\u00e9 k\u016frovcem. Je to u n\u00e1s v\u0161ude sam\u00fd strom. P\u0159ek\u00e1\u017eej\u00ed ve v\u00fdhledu, zakr\u00fdvaj\u00ed pam\u00e1tky, vytv\u00e1\u0159ej\u00ed hou\u0161t\u00ed ve m\u011bstech. Pop\u00edlil bych to v\u0161echno. Prosazovat a podporovat chci \u010dlov\u011bka.<\/p>\n<p><strong>14. Pro\u010d si mysl\u00edm, \u017ee pr\u00e1v\u011b j\u00e1 bych byl t\u00edm nejlep\u0161\u00edm prezidentem:<\/strong><\/p>\n<p><strong> <\/strong>Proto\u017ee ostatn\u00ed jsou hor\u0161\u00ed.<\/p>\n<p><strong>15. Kdo kandid\u00e1ta navrhuje a podporuje:<\/strong><\/p>\n<p>V\u0161ichni, kdo podepisuj\u00ed m\u00e9 peti\u010dn\u00ed archy.<\/p>\n<p><strong>16. Prost\u0159edky, kter\u00e9 m\u00e1 na volebn\u00ed kampa\u0148:<\/strong><\/p>\n<p><strong> <\/strong>Srdce, hlava, ruce.<\/p>\n","protected":false},"excerpt":{"rendered":"<p>V\u00e1\u017een\u00ed uchaze\u010di o kandidaturu na prezidenta! S mo\u017enost\u00ed volit prezidenta v\u0161emi ob\u010dany se podle o\u010dek\u00e1v\u00e1n\u00ed roztrhl pytel s uchaze\u010di o tento \u00fa\u0159ad. B\u011b\u017en\u00fd ob\u010dan &#8211; voli\u010d nem\u00e1 proto re\u00e1lnou mo\u017enost porovnat srovnateln\u011b vlastnosti uchaze\u010d\u016f, kter\u00e9 jsou v r\u016fzn\u00fdch zdroj\u00edch, nebo v\u016fbec nejsou.<\/p>\n","protected":false},"author":1,"featured_media":0,"comment_status":"open","ping_status":"open","sticky":false,"template":"","format":"standard","meta":{"ngg_post_thumbnail":0,"footnotes":""},"categories":[17,13],"tags":[],"class_list":["post-2579","post","type-post","status-publish","format-standard","hentry","category-jakl-president","category-rozhovory"],"_links":{"self":[{"href":"https:\/\/www.ladislavjakl.cz\/index.php?rest_route=\/wp\/v2\/posts\/2579","targetHints":{"allow":["GET"]}}],"collection":[{"href":"https:\/\/www.ladislavjakl.cz\/index.php?rest_route=\/wp\/v2\/posts"}],"about":[{"href":"https:\/\/www.ladislavjakl.cz\/index.php?rest_route=\/wp\/v2\/types\/post"}],"author":[{"embeddable":true,"href":"https:\/\/www.ladislavjakl.cz\/index.php?rest_route=\/wp\/v2\/users\/1"}],"replies":[{"embeddable":true,"href":"https:\/\/www.ladislavjakl.cz\/index.php?rest_route=%2Fwp%2Fv2%2Fcomments&post=2579"}],"version-history":[{"count":2,"href":"https:\/\/www.ladislavjakl.cz\/index.php?rest_route=\/wp\/v2\/posts\/2579\/revisions"}],"predecessor-version":[{"id":2581,"href":"https:\/\/www.ladislavjakl.cz\/index.php?rest_route=\/wp\/v2\/posts\/2579\/revisions\/2581"}],"wp:attachment":[{"href":"https:\/\/www.ladislavjakl.cz\/index.php?rest_route=%2Fwp%2Fv2%2Fmedia&parent=2579"}],"wp:term":[{"taxonomy":"category","embeddable":true,"href":"https:\/\/www.ladislavjakl.cz\/index.php?rest_route=%2Fwp%2Fv2%2Fcategories&post=2579"},{"taxonomy":"post_tag","embeddable":true,"href":"https:\/\/www.ladislavjakl.cz\/index.php?rest_route=%2Fwp%2Fv2%2Ftags&post=2579"}],"curies":[{"name":"wp","href":"https:\/\/api.w.org\/{rel}","templated":true}]}}