{"id":2588,"date":"2012-09-11T10:57:22","date_gmt":"2012-09-11T08:57:22","guid":{"rendered":"http:\/\/www.ladislavjakl.cz\/?p=2588"},"modified":"2012-09-11T10:57:22","modified_gmt":"2012-09-11T08:57:22","slug":"ladislav-jakl-na-otazky-studenta-o-urednickych-vladach","status":"publish","type":"post","link":"https:\/\/www.ladislavjakl.cz\/?p=2588","title":{"rendered":"Ladislav Jakl na ot\u00e1zky studenta o \u00fa\u0159ednick\u00fdch vl\u00e1d\u00e1ch"},"content":{"rendered":"<p>Dobr\u00fd den, v\u00e1\u017een\u00fd pane Jakle, obrac\u00edm se na V\u00e1s jako na prezidentsk\u00e9ho kandid\u00e1ta a jako mnohalet\u00e9ho \u00fa\u010dastn\u00edka \u010desk\u00e9ho politick\u00e9ho d\u011bn\u00ed ohledn\u011b m\u00e9 diplomov\u00e9 pr\u00e1ce na t\u00e9ma &#8222;\u00da\u0159ednick\u00e9 vl\u00e1dy v kontextu vl\u00e1dn\u00edho syst\u00e9mu \u010cesk\u00e9 republiky. D\u016fvody vzniku, hodnocen\u00ed \u010dinnosti, p\u0159\u00ed\u010diny obl\u00edbenosti.&#8220; V t\u00e9to souvislosti bych V\u00e1s r\u00e1d po\u017e\u00e1dal o Va\u0161e n\u00e1zory, kter\u00e9 by byly pro moji diplomovou pr\u00e1ci jist\u011b velk\u00fdm p\u0159\u00ednosem. R\u00e1d bych znal Va\u0161e n\u00e1zory na n\u00e1sleduj\u00edc\u00ed ot\u00e1zky:<\/p>\n<p><!--more--><br \/>\n<strong>1) Co si mysl\u00edte o \u00fa\u0159ednick\u00fdch vl\u00e1d\u00e1ch v\u0161eobecn\u011b?<\/strong><\/p>\n<p>\u017de se k nim v d\u011bjin\u00e1ch a v r\u016fzn\u00fdch zem\u00edch p\u0159istupovalo \u010dast\u011bji, ne\u017e by bylo dobr\u00e9.<\/p>\n<p><strong> 2) Co si mysl\u00edte o \u00fa\u0159ednick\u00fdch vl\u00e1d\u00e1ch v \u010cesk\u00e9 republice?<br \/>\n<\/strong><br \/>\n\u017de je to \u0159e\u0161en\u00ed pro krajn\u011b krizovou situaci.<\/p>\n<p><strong>3) Jak\u00e9 jsou p\u0159\u00ed\u010diny vzniku \u00fa\u0159ednick\u00fdch vl\u00e1d v \u010cesk\u00e9 republice?<\/strong><\/p>\n<p>Rozt\u0159\u00ed\u0161t\u011bnost politick\u00e9ho spektra, sklon voli\u010d\u016f vyva\u017eovat a kontrolovat siln\u00e9, \u00fa\u010dast komunist\u016f (se kter\u00fdmi nikdo vl\u00e1du nechce sestavit) v parlamentu a strach z men\u0161inov\u00fdch vl\u00e1d (p\u0159edev\u0161\u00edm po hysterick\u00e9 diskreditaci druh\u00e9 opozi\u010dn\u00ed smlouvy). Ze v\u0161ech t\u011bchto d\u016fvod\u016f je u n\u00e1s t\u011b\u017ek\u00e9 skl\u00e1dat vl\u00e1dn\u00ed v\u011bt\u0161inu.<\/p>\n<p><strong> 4) Pro\u010d maj\u00ed \u00fa\u0159ednick\u00e9 vl\u00e1dy v \u010cesk\u00e9 republice vy\u0161\u0161\u00ed podporu ob\u010dan\u016f ne\u017e vl\u00e1dy politick\u00e9?<br \/>\n<\/strong><br \/>\nKdo nic ned\u011bl\u00e1, nic nezkaz\u00ed.<\/p>\n<p><strong>5) Je tato obliba \u00fa\u0159ednick\u00fdch vl\u00e1d podlo\u017eena v\u00fdsledky?<br \/>\n<\/strong><br \/>\nNe. Naopak je s v\u00fdsledky v rozporu.<\/p>\n<p><strong> 6) Co maj\u00ed spole\u010dn\u00e9ho vl\u00e1dy Josefa To\u0161ovsk\u00e9ho a Jana Fischera a v \u010dem se li\u0161\u00ed?<br \/>\n<\/strong><br \/>\nSpole\u010dn\u00fd maj\u00ed p\u0159edev\u0161\u00edm alibismus a neschopnost konat pot\u0159ebn\u00e9 reformy. Neli\u0161\u00ed se v ni\u010dem podstatn\u00e9m. Ani ve \u010dlenst\u00ed premi\u00e9r\u016f v KS\u010c.<\/p>\n<p><strong> 7) M\u016f\u017eeme i v budoucnu o\u010dek\u00e1vat sestaven\u00ed \u00fa\u0159ednick\u00e9 vl\u00e1dy?<br \/>\n<\/strong><br \/>\nTo nelze vylou\u010dit. Bylo by dobr\u00e9 ale na tuto mo\u017enost myslet a\u017e jako na tu posledn\u00ed z nouze, ne jako na prvn\u00ed bezbolestn\u00e9 \u0159e\u0161en\u00ed.<\/p>\n<p>D\u011bkuji a p\u0159eji hezk\u00fd den<br \/>\nA. B.<\/p>\n","protected":false},"excerpt":{"rendered":"<p>Dobr\u00fd den, v\u00e1\u017een\u00fd pane Jakle, obrac\u00edm se na V\u00e1s jako na prezidentsk\u00e9ho kandid\u00e1ta a jako mnohalet\u00e9ho \u00fa\u010dastn\u00edka \u010desk\u00e9ho politick\u00e9ho d\u011bn\u00ed ohledn\u011b m\u00e9 diplomov\u00e9 pr\u00e1ce na t\u00e9ma &#8222;\u00da\u0159ednick\u00e9 vl\u00e1dy v kontextu vl\u00e1dn\u00edho syst\u00e9mu \u010cesk\u00e9 republiky. D\u016fvody vzniku, hodnocen\u00ed \u010dinnosti, p\u0159\u00ed\u010diny obl\u00edbenosti.&#8220; V t\u00e9to souvislosti bych V\u00e1s r\u00e1d po\u017e\u00e1dal o Va\u0161e n\u00e1zory, kter\u00e9 by byly pro moji [&hellip;]<\/p>\n","protected":false},"author":1,"featured_media":0,"comment_status":"open","ping_status":"open","sticky":false,"template":"","format":"standard","meta":{"ngg_post_thumbnail":0,"footnotes":""},"categories":[17,13],"tags":[],"class_list":["post-2588","post","type-post","status-publish","format-standard","hentry","category-jakl-president","category-rozhovory"],"_links":{"self":[{"href":"https:\/\/www.ladislavjakl.cz\/index.php?rest_route=\/wp\/v2\/posts\/2588","targetHints":{"allow":["GET"]}}],"collection":[{"href":"https:\/\/www.ladislavjakl.cz\/index.php?rest_route=\/wp\/v2\/posts"}],"about":[{"href":"https:\/\/www.ladislavjakl.cz\/index.php?rest_route=\/wp\/v2\/types\/post"}],"author":[{"embeddable":true,"href":"https:\/\/www.ladislavjakl.cz\/index.php?rest_route=\/wp\/v2\/users\/1"}],"replies":[{"embeddable":true,"href":"https:\/\/www.ladislavjakl.cz\/index.php?rest_route=%2Fwp%2Fv2%2Fcomments&post=2588"}],"version-history":[{"count":1,"href":"https:\/\/www.ladislavjakl.cz\/index.php?rest_route=\/wp\/v2\/posts\/2588\/revisions"}],"predecessor-version":[{"id":2589,"href":"https:\/\/www.ladislavjakl.cz\/index.php?rest_route=\/wp\/v2\/posts\/2588\/revisions\/2589"}],"wp:attachment":[{"href":"https:\/\/www.ladislavjakl.cz\/index.php?rest_route=%2Fwp%2Fv2%2Fmedia&parent=2588"}],"wp:term":[{"taxonomy":"category","embeddable":true,"href":"https:\/\/www.ladislavjakl.cz\/index.php?rest_route=%2Fwp%2Fv2%2Fcategories&post=2588"},{"taxonomy":"post_tag","embeddable":true,"href":"https:\/\/www.ladislavjakl.cz\/index.php?rest_route=%2Fwp%2Fv2%2Ftags&post=2588"}],"curies":[{"name":"wp","href":"https:\/\/api.w.org\/{rel}","templated":true}]}}