{"id":2590,"date":"2012-09-11T11:00:03","date_gmt":"2012-09-11T09:00:03","guid":{"rendered":"http:\/\/www.ladislavjakl.cz\/?p=2590"},"modified":"2012-11-29T14:37:01","modified_gmt":"2012-11-29T13:37:01","slug":"koukejte-podepsat-nebo-uvidite-vzkazuje-jakl-v-prezidentske-kampani","status":"publish","type":"post","link":"https:\/\/www.ladislavjakl.cz\/?p=2590","title":{"rendered":"Koukejte podepsat, nebo uvid\u00edte, vzkazuje Jakl v prezidentsk\u00e9 kampani"},"content":{"rendered":"<p>Na \u0159idi\u010de a chodce se u\u017e brzy bude  hrozit z billboard\u016f a plak\u00e1t\u016f prezident\u016fv tajemn\u00edk Ladislav Jakl. Jejich  podobu v p\u00e1tek zve\u0159ejnil na sv\u00e9m webu. Lidem skrze n\u011b vzkazuje, \u017ee kdy\u017e  mu nedaj\u00ed sv\u016fj podpis, uvid\u00ed mezi prezidentsk\u00fdmi kandid\u00e1ty jen &#8222;sam\u00e9  zoufal\u00e9 levi\u010d\u00e1ky&#8220;.<\/p>\n<p><!--more--><br \/>\n<img loading=\"lazy\" decoding=\"async\" title=\"Plak\u00e1ty a billboardy prezidentsk\u00e9ho kandid\u00e1ta Ladislava Jakla.\" src=\"http:\/\/i.idnes.cz\/12\/091\/cl6\/HV45b76b_LJ_megaboard_2012_3.JPG\" alt=\"Plak\u00e1ty a billboardy prezidentsk\u00e9ho kandid\u00e1ta Ladislava Jakla.\" width=\"411\" height=\"289\" \/><\/p>\n<p>Plak\u00e1ty a billboardy prezidentsk\u00e9ho kandid\u00e1ta Ladislava Jakla. | foto: ladislavjakl.cz<\/p>\n<p>Jakl iDNES.cz potvrdil, \u017ee plak\u00e1t je sou\u010d\u00e1st\u00ed jeho prezidentsk\u00e9 kampan\u011b a \u017ee ho po\u0161le do sv\u011bta mimo jin\u00e9 i v podob\u011b billboard\u016f. Na ot\u00e1zku, kde budou viset, ale napsal jen tajemn\u00e9: V\u0161ude.<\/p>\n<p>Jakl sv\u00fdm p\u0159\u00edznivc\u016fm tak\u00e9 na sv\u00fdch str\u00e1nk\u00e1ch nen\u00e1padn\u011b sd\u011blil, \u017ee m\u00e1 ke kandidatu\u0159e ofici\u00e1ln\u00ed web: www.jakl2013.cz. Na nich vis\u00ed jeho stru\u010dn\u00fd \u017eivotopis v\u010detn\u011b informace, \u017ee se &#8222;teoreticky i prakticky v\u011bnuje pivu&#8220;. Na videu pak mohou n\u00e1v\u0161t\u011bvn\u00edci zhl\u00e9dnout nap\u0159\u00edklad vysv\u011btlen\u00ed, jak se Ladislav Jakl li\u0161\u00ed od Klausova vicekancl\u00e9\u0159e Petra H\u00e1jka. To aby v tom m\u011bli jasno ti, kte\u0159\u00ed je ob\u010das zam\u011b\u0148uj\u00ed.<\/p>\n<p>Jaklovu kandidaturu v \u010dervnu podpo\u0159ila neparlamentn\u00ed Strana svobodn\u00fdch ob\u010dan\u016f. Ta pro n\u011bj sb\u00edr\u00e1 podpisy lid\u00ed na zhruba pades\u00e1tce m\u00edst po cel\u00e9 republice. Aby se Jakl mohl skute\u010dn\u011b uch\u00e1zet o prezidentsk\u00fd post, pot\u0159ebuje jich 50 tis\u00edc. Svobodn\u00ed cht\u011bj\u00ed Jakla podpo\u0159it i finan\u010dn\u011b a\u017e 1,5 milionem korun (v\u00edce \u010dt\u011bte zde).<\/p>\n<p>V rozhovoru pro MF DNES Jakl u\u017e d\u0159\u00edve uvedl, \u017ee na Hrad chce kv\u016fli &#8222;kolekci medi\u00e1ln\u00edch favorit\u016f&#8220;, s nimi\u017e se st\u0159etne. Za dal\u0161\u00ed d\u016fvod pokl\u00e1d\u00e1 svou vytrvalost v ochran\u011b svobody.<\/p>\n<p>A koho by si vzal v p\u0159\u00edpad\u011b v\u00edt\u011bzstv\u00ed jako poradce? &#8222;Prezidentsk\u00fd medv\u011bd p\u0159\u00ed\u0161t\u00edho volebn\u00edho obdob\u00ed je\u0161t\u011b \u010dile b\u011bh\u00e1 po lese a nemysl\u00edm, \u017ee nyn\u00ed u\u017e je \u010das k d\u011blen\u00ed jeho k\u016f\u017ee v podob\u011b slibov\u00e1n\u00ed m\u00edst v p\u0159\u00ed\u0161t\u00edm hradn\u00edm t\u00fdmu. Ale jeden tip na poradce u\u017e m\u00e1m: docela dobr\u00fd by se mi zd\u00e1l V\u00e1clav Klaus,&#8220; odpov\u011bd\u011bl Jakl serveru Lidovky.cz v anket\u011b mezi prezidentsk\u00fdmi kandid\u00e1ty.<\/p>\n<p><a href=\"http:\/\/zpravy.idnes.cz\/billboardy-prezidentskeho-kandidata-jakla-fj7-\/domaci.aspx?c=A120907_213555_domaci_hv\" target=\"_blank\">Zdroj<\/a><\/p>\n","protected":false},"excerpt":{"rendered":"<p>Na \u0159idi\u010de a chodce se u\u017e brzy bude hrozit z billboard\u016f a plak\u00e1t\u016f prezident\u016fv tajemn\u00edk Ladislav Jakl. Jejich podobu v p\u00e1tek zve\u0159ejnil na sv\u00e9m webu. Lidem skrze n\u011b vzkazuje, \u017ee kdy\u017e mu nedaj\u00ed sv\u016fj podpis, uvid\u00ed mezi prezidentsk\u00fdmi kandid\u00e1ty jen &#8222;sam\u00e9 zoufal\u00e9 levi\u010d\u00e1ky&#8220;.<\/p>\n","protected":false},"author":1,"featured_media":0,"comment_status":"open","ping_status":"open","sticky":false,"template":"","format":"standard","meta":{"ngg_post_thumbnail":0,"footnotes":""},"categories":[17,11],"tags":[],"class_list":["post-2590","post","type-post","status-publish","format-standard","hentry","category-jakl-president","category-ozvena"],"_links":{"self":[{"href":"https:\/\/www.ladislavjakl.cz\/index.php?rest_route=\/wp\/v2\/posts\/2590","targetHints":{"allow":["GET"]}}],"collection":[{"href":"https:\/\/www.ladislavjakl.cz\/index.php?rest_route=\/wp\/v2\/posts"}],"about":[{"href":"https:\/\/www.ladislavjakl.cz\/index.php?rest_route=\/wp\/v2\/types\/post"}],"author":[{"embeddable":true,"href":"https:\/\/www.ladislavjakl.cz\/index.php?rest_route=\/wp\/v2\/users\/1"}],"replies":[{"embeddable":true,"href":"https:\/\/www.ladislavjakl.cz\/index.php?rest_route=%2Fwp%2Fv2%2Fcomments&post=2590"}],"version-history":[{"count":4,"href":"https:\/\/www.ladislavjakl.cz\/index.php?rest_route=\/wp\/v2\/posts\/2590\/revisions"}],"predecessor-version":[{"id":3236,"href":"https:\/\/www.ladislavjakl.cz\/index.php?rest_route=\/wp\/v2\/posts\/2590\/revisions\/3236"}],"wp:attachment":[{"href":"https:\/\/www.ladislavjakl.cz\/index.php?rest_route=%2Fwp%2Fv2%2Fmedia&parent=2590"}],"wp:term":[{"taxonomy":"category","embeddable":true,"href":"https:\/\/www.ladislavjakl.cz\/index.php?rest_route=%2Fwp%2Fv2%2Fcategories&post=2590"},{"taxonomy":"post_tag","embeddable":true,"href":"https:\/\/www.ladislavjakl.cz\/index.php?rest_route=%2Fwp%2Fv2%2Ftags&post=2590"}],"curies":[{"name":"wp","href":"https:\/\/api.w.org\/{rel}","templated":true}]}}