{"id":2594,"date":"2012-09-11T11:05:25","date_gmt":"2012-09-11T10:05:25","guid":{"rendered":"http:\/\/www.ladislavjakl.cz\/?p=2594"},"modified":"2012-11-29T14:34:39","modified_gmt":"2012-11-29T13:34:39","slug":"ladislav-jakl-pro-ceskou-televizi-o-zvysovani-sazeb-dph","status":"publish","type":"post","link":"https:\/\/www.ladislavjakl.cz\/?p=2594","title":{"rendered":"Ladislav Jakl pro \u010ceskou televizi o zvy\u0161ov\u00e1n\u00ed sazeb DPH."},"content":{"rendered":"<p>Odkaz na videoz\u00e1znam uvnit\u0159 \u010dl\u00e1nku.<\/p>\n<p><!--more--><\/p>\n<p><a href=\"http:\/\/www.ceskatelevize.cz\/porady\/10101491767-studio-ct24\/212411058030904\/\" target=\"_blank\">VIDEO ZDE<\/a> \u010das cca. 6:35<\/p>\n","protected":false},"excerpt":{"rendered":"<p>Odkaz na videoz\u00e1znam uvnit\u0159 \u010dl\u00e1nku.<\/p>\n","protected":false},"author":1,"featured_media":0,"comment_status":"open","ping_status":"open","sticky":false,"template":"","format":"standard","meta":{"ngg_post_thumbnail":0,"footnotes":""},"categories":[13,12],"tags":[],"class_list":["post-2594","post","type-post","status-publish","format-standard","hentry","category-rozhovory","category-video"],"_links":{"self":[{"href":"https:\/\/www.ladislavjakl.cz\/index.php?rest_route=\/wp\/v2\/posts\/2594","targetHints":{"allow":["GET"]}}],"collection":[{"href":"https:\/\/www.ladislavjakl.cz\/index.php?rest_route=\/wp\/v2\/posts"}],"about":[{"href":"https:\/\/www.ladislavjakl.cz\/index.php?rest_route=\/wp\/v2\/types\/post"}],"author":[{"embeddable":true,"href":"https:\/\/www.ladislavjakl.cz\/index.php?rest_route=\/wp\/v2\/users\/1"}],"replies":[{"embeddable":true,"href":"https:\/\/www.ladislavjakl.cz\/index.php?rest_route=%2Fwp%2Fv2%2Fcomments&post=2594"}],"version-history":[{"count":2,"href":"https:\/\/www.ladislavjakl.cz\/index.php?rest_route=\/wp\/v2\/posts\/2594\/revisions"}],"predecessor-version":[{"id":3234,"href":"https:\/\/www.ladislavjakl.cz\/index.php?rest_route=\/wp\/v2\/posts\/2594\/revisions\/3234"}],"wp:attachment":[{"href":"https:\/\/www.ladislavjakl.cz\/index.php?rest_route=%2Fwp%2Fv2%2Fmedia&parent=2594"}],"wp:term":[{"taxonomy":"category","embeddable":true,"href":"https:\/\/www.ladislavjakl.cz\/index.php?rest_route=%2Fwp%2Fv2%2Fcategories&post=2594"},{"taxonomy":"post_tag","embeddable":true,"href":"https:\/\/www.ladislavjakl.cz\/index.php?rest_route=%2Fwp%2Fv2%2Ftags&post=2594"}],"curies":[{"name":"wp","href":"https:\/\/api.w.org\/{rel}","templated":true}]}}