{"id":2596,"date":"2012-09-11T11:06:45","date_gmt":"2012-09-11T09:06:45","guid":{"rendered":"http:\/\/www.ladislavjakl.cz\/?p=2596"},"modified":"2012-09-11T11:06:45","modified_gmt":"2012-09-11T09:06:45","slug":"jakl-z-hradu-nikdo-necasovu-omluvu-nevynesl-zazdil-bych-ho-do-hladomorny","status":"publish","type":"post","link":"https:\/\/www.ladislavjakl.cz\/?p=2596","title":{"rendered":"Jakl: Z Hradu nikdo Ne\u010dasovu omluvu nevynesl, zazdil bych ho do hladomorny"},"content":{"rendered":"<p>Z\u00e1stupci prezidenta V\u00e1clava Klause pop\u0159eli, \u017ee by soukrom\u00fd omluvn\u00fd dopis  premi\u00e9ra Petra Ne\u010dase unikl do m\u00e9di\u00ed z Hradu. Jak prezident\u016fv mluv\u010d\u00ed  Radim Ochvat, tak Klaus\u016fv tajemn\u00edk Ladislav Jakl to pova\u017euj\u00ed za  vylou\u010den\u00e9. Ne\u010dasova soukrom\u00e1 p\u00edsemn\u00e1 omluva za slova o &#8222;ekonomick\u00e9  debilit\u011b&#8220; unikla do m\u00e9di\u00ed a premi\u00e9r t\u00edm byl zdrcen.<\/p>\n<p><!--more--><\/p>\n<p>Ne\u010das se Klausovi v dopise omluvil za sv\u016fj v\u00fdrok, \u017ee nep\u0159ijet\u00ed  stabiliza\u010dn\u00edho bal\u00ed\u010dku by byl krok \u201eza hranic\u00ed politick\u00e9 a ekonomick\u00e9  hlouposti, to u\u017e je na hranici politick\u00e9 a ekonomick\u00e9 debility\u201c. U\u010dinil  to v\u00a0soukrom\u00e9m dopise, a\u00a0kdy\u017e byl s\u00a0obsahem dopisu konfrontov\u00e1n v\u00a0po\u0159adu  Ot\u00e1zky V\u00e1clava Moravce v\u00a0\u010cT, byl nep\u0159\u00edjemn\u011b zasko\u010den. Bylo na n\u011bm  vid\u011bt, \u017ee je \u00fanikem informace doslova zdrcen.<\/p>\n<h4>&#8222;Z Hradu? Nikdy!&#8220;<\/h4>\n<p>Pokud  zm\u00edn\u011bn\u00fd soukrom\u00fd dopis m\u011bli zn\u00e1t jen autor a\u00a0adres\u00e1t, mohl uniknout  z\u00a0Hradu, nap\u0159\u00edklad od nejbli\u017e\u0161\u00edch spolupracovn\u00edk\u016f prezidenta.<\/p>\n<p>Mluv\u010d\u00ed  Hradu Radim Ochvat to ale vylou\u010dil. \u201eJe to naprosto nemo\u017en\u00e9  a\u00a0vylou\u010den\u00e9! Nic takov\u00e9ho se z\u00a0na\u0161\u00ed strany nestalo! Pan prezident dostal  dopis zalepen\u00fd a\u00a0nedal ho nikomu ze sv\u00fdch rukou,\u201c sd\u011blil Pr\u00e1vu v\u00a0SMS  Ochvat.<\/p>\n<p>Tak\u00e9 Klaus\u016fv tajemn\u00edk Ladislav Jakl odm\u00edtl, \u017ee by informace o\u00a0dopise unikla z\u00a0Hradu.<\/p>\n<p>\u201eInformace  neut\u00edkaj\u00ed, nemaj\u00ed no\u017ei\u010dky. N\u011bkdo je don\u00e1\u0161\u00ed. Na Hrad\u011b nikdo takov\u00fd nen\u00ed,  to bych ho zazdil do hladomorny,\u201c napsal Jakl Pr\u00e1vu.<\/p>\n<p>\u201eTo, \u017ee je  tato informace uvoln\u011bna, m\u011b p\u0159ekvapuje, lidsky m\u011b to zasahuje. To, co se  sd\u011bl\u00ed v\u00a0soukrom\u00ed, pova\u017euji za neve\u0159ejnou z\u00e1le\u017eitost, a\u00a0nikdy jsem  nikomu nesd\u011bloval obsah soukrom\u00e9 komunikace a\u00a0korespondence,\u201c uvedl  Ne\u010das. \u201eNecht\u011bl jsem se dotknout pana prezidenta a\u00a0omluvil jsem se mu,  ale mus\u00edm \u0159\u00edci, \u017ee osobn\u00edm, soukrom\u00fdm dopisem Petra Ne\u010dase V\u00e1clavu  Klausovi,\u201c dodal premi\u00e9r.<\/p>\n<h4>Klaus p\u0159im\u011bl Ne\u010dase k sebekritice<\/h4>\n<p>A\u0165  u\u017e dopis unikl odkudkoliv, sv\u011bd\u010d\u00ed o\u00a0jednom: premi\u00e9r si uv\u011bdomil, \u017ee  volbou nep\u0159im\u011b\u0159en\u00fdch slov p\u0159est\u0159elil. A\u00a0\u017ee Klaus, kter\u00fd v\u00a0kritice  zv\u00fd\u0161en\u00ed dan\u00ed nepolevil, Ne\u010dase p\u0159im\u011bl k\u00a0sebekritice, by\u0165 neve\u0159ejn\u00e9.<\/p>\n<p>Klaus  m\u00e1 n\u011bkolik poradc\u016f, vedle Jakla i\u00a0Petra H\u00e1jka \u010di Ji\u0159\u00edho Payna, kte\u0159\u00ed se  kritikou Ne\u010dase a\u00a0ODS netaj\u00ed. A\u00a0z\u00e1kulisn\u00ed tah, j\u00edm\u017e zve\u0159ejn\u011bn\u00ed  d\u016fv\u011brn\u00e9ho dopisu nepochybn\u011b je, Ne\u010dase p\u0159ed televizn\u00edmi div\u00e1ky pon\u00ed\u017eil.<\/p>\n<p>Ne\u010das  sv\u00e1 slova o\u00a0politick\u00e9 debilit\u011b uvedl na dotaz, jestli nep\u0159em\u00fd\u0161l\u00ed  o\u00a0sta\u017een\u00ed da\u0148ov\u00e9ho bal\u00ed\u010dku vl\u00e1dou, \u0159ada kritik\u016f zvy\u0161ov\u00e1n\u00ed dan\u00ed si ale  v\u00fdrok vzt\u00e1hla na sebe. Mnoz\u00ed ho za\u010dali spojovat i\u00a0s\u00a0prezidentem Klausem.  Ten se kritikou vl\u00e1dn\u00edho bal\u00ed\u010dku netajil a\u00a0p\u0159ed hlasov\u00e1n\u00edm uvedl, \u017ee  zvy\u0161ov\u00e1n\u00ed dan\u00ed je chyba a\u00a0\u201epolitick\u00e1 sebevra\u017eda\u201c. Pak p\u0159idal i\u00a0v\u00fdzvu,  aby poslanci zapojili \u201ezdrav\u00fd rozum\u201c.<\/p>\n<h4>Ob\u010das spolu nesouhlas\u00ed<\/h4>\n<p>Podle  premi\u00e9ra jsou vztahy mezi n\u00edm a\u00a0prezidentem standardn\u00ed. \u201eM\u00e1me mezi  sebou b\u011b\u017en\u00fd dialog na \u00farovni premi\u00e9ra a\u00a0prezidenta. S\u00a0t\u00edm \u010di on\u00edm m\u00fdm  krokem pan prezident nesouhlas\u00ed, stejn\u011b jako j\u00e1 ob\u010das nesouhlas\u00edm s\u00a0t\u00edm  \u010di on\u00edm krokem pana prezidenta,\u201c poznamenal v\u010dera Ne\u010das.<\/p>\n<p>Klaus  za\u010dal v\u00a0posledn\u00edch t\u00fddnech tvrd\u011b kritizovat vl\u00e1dn\u00ed kroky. Krom\u011b dan\u00ed si  od premi\u00e9ra vy\u017e\u00e1dal garanci, \u017ee c\u00edrkevn\u00ed restituce neprolom\u00ed hranici  1948, a\u00a0t\u00edm nep\u0159\u00edmo podpo\u0159il i\u00a0nespokojen\u00e9 vl\u00e1dn\u00ed poslance, kte\u0159\u00ed jsou v  t\u00e9to v\u011bci na v\u00e1\u017ek\u00e1ch.<\/p>\n<p><a href=\"http:\/\/www.novinky.cz\/domaci\/278237-jakl-z-hradu-nikdo-necasovu-omluvu-nevynesl-zazdil-bych-ho-do-hladomorny.html\" target=\"_blank\">Zdroj<\/a><\/p>\n","protected":false},"excerpt":{"rendered":"<p>Z\u00e1stupci prezidenta V\u00e1clava Klause pop\u0159eli, \u017ee by soukrom\u00fd omluvn\u00fd dopis premi\u00e9ra Petra Ne\u010dase unikl do m\u00e9di\u00ed z Hradu. Jak prezident\u016fv mluv\u010d\u00ed Radim Ochvat, tak Klaus\u016fv tajemn\u00edk Ladislav Jakl to pova\u017euj\u00ed za vylou\u010den\u00e9. Ne\u010dasova soukrom\u00e1 p\u00edsemn\u00e1 omluva za slova o &#8222;ekonomick\u00e9 debilit\u011b&#8220; unikla do m\u00e9di\u00ed a premi\u00e9r t\u00edm byl zdrcen.<\/p>\n","protected":false},"author":1,"featured_media":0,"comment_status":"open","ping_status":"open","sticky":false,"template":"","format":"standard","meta":{"ngg_post_thumbnail":0,"footnotes":""},"categories":[11],"tags":[],"class_list":["post-2596","post","type-post","status-publish","format-standard","hentry","category-ozvena"],"_links":{"self":[{"href":"https:\/\/www.ladislavjakl.cz\/index.php?rest_route=\/wp\/v2\/posts\/2596","targetHints":{"allow":["GET"]}}],"collection":[{"href":"https:\/\/www.ladislavjakl.cz\/index.php?rest_route=\/wp\/v2\/posts"}],"about":[{"href":"https:\/\/www.ladislavjakl.cz\/index.php?rest_route=\/wp\/v2\/types\/post"}],"author":[{"embeddable":true,"href":"https:\/\/www.ladislavjakl.cz\/index.php?rest_route=\/wp\/v2\/users\/1"}],"replies":[{"embeddable":true,"href":"https:\/\/www.ladislavjakl.cz\/index.php?rest_route=%2Fwp%2Fv2%2Fcomments&post=2596"}],"version-history":[{"count":1,"href":"https:\/\/www.ladislavjakl.cz\/index.php?rest_route=\/wp\/v2\/posts\/2596\/revisions"}],"predecessor-version":[{"id":2597,"href":"https:\/\/www.ladislavjakl.cz\/index.php?rest_route=\/wp\/v2\/posts\/2596\/revisions\/2597"}],"wp:attachment":[{"href":"https:\/\/www.ladislavjakl.cz\/index.php?rest_route=%2Fwp%2Fv2%2Fmedia&parent=2596"}],"wp:term":[{"taxonomy":"category","embeddable":true,"href":"https:\/\/www.ladislavjakl.cz\/index.php?rest_route=%2Fwp%2Fv2%2Fcategories&post=2596"},{"taxonomy":"post_tag","embeddable":true,"href":"https:\/\/www.ladislavjakl.cz\/index.php?rest_route=%2Fwp%2Fv2%2Ftags&post=2596"}],"curies":[{"name":"wp","href":"https:\/\/api.w.org\/{rel}","templated":true}]}}