{"id":26,"date":"2009-12-07T17:05:46","date_gmt":"2009-12-07T16:05:46","guid":{"rendered":"http:\/\/www.ladislavjakl.cz\/?p=26"},"modified":"2026-01-21T16:05:36","modified_gmt":"2026-01-21T15:05:36","slug":"aktualita","status":"publish","type":"post","link":"https:\/\/www.ladislavjakl.cz\/?p=26","title":{"rendered":"Ladislav Jakl"},"content":{"rendered":"<p>Ladislav Jakl se narodil 17. 12. 1959 v Chebu. Je synem Stefanie (zem\u0159ela roku 2011) a V\u00e1clava (zem\u0159el 2024) Jaklov\u00fdch, m\u00e1 t\u0159i star\u0161\u00ed bratry (Miroslav, Ji\u0159\u00ed, V\u00e1clav). Maturoval na chebsk\u00e9m gymn\u00e1ziu. Po\u0159\u00e1dal poslechov\u00e9 fonot\u00e9ky o zahrani\u010dn\u00ed rockov\u00e9 hudb\u011b a stal se spolupracovn\u00edkem Jazzov\u00e9 sekce. V roce 1979 p\u0159es\u00eddlil do Prahy, p\u016fvodn\u011b na studia Fakulty \u017eurnalistiky Univerzity Karlovy. Z n\u00ed byl v roce 1981 vylou\u010den, na \u010dem\u017e se pod\u00edlela StB a jej\u00ed d\u016fv\u011brnick\u00e1 s\u00edt mezi pedagogy \u0161koly.<\/p>\n<p><!--more--><\/p>\n<p>Po 43 letech konstatoval \u00da\u0159ad pro vy\u0161et\u0159ov\u00e1n\u00ed komunismu, \u017ee p\u0159i tomto vylou\u010den\u00ed byl na L. Jaklovi sp\u00e1ch\u00e1n trestn\u00fd \u010din, p\u0159i\u010dem\u017e st\u00edh\u00e1n\u00ed bylo zastaveno, nebo\u0165 pachatel\u00e9 u\u017e jsou po smrti. L. Jakl pak pracoval jako z\u00e1vozn\u00edk, po roce se mu poda\u0159ilo na fakultu se vr\u00e1tit a dostudovat ji. Pot\u00e9 pracoval jako redaktor zdravotnick\u00fdch \u010dasopis\u016f nebo vedouc\u00ed kulturn\u00edho st\u0159ediska. V 80. letech p\u016fsobil tak\u00e9 v divadeln\u00edm souboru Divadlo v uvozovk\u00e1ch, pro kter\u00fd psal hudbu a jednu divadeln\u00ed hru, tak\u00e9 re\u017e\u00edroval a s\u00e1m i hr\u00e1l. Vojenskou z\u00e1kladn\u00ed slu\u017ebu absolvoval v Kutn\u00e9 Ho\u0159e (v roce 1991 Vojensk\u00e1 spr\u00e1va konstatovala, \u017ee L. Jaklovi byla z politick\u00fdch d\u016fvod\u016f odep\u0159ena odpov\u00eddaj\u00edc\u00ed hodnost a ten byl dodate\u010dn\u011b pov\u00fd\u0161en). Ihned po vojn\u011b byl zat\u010den na protikomunistick\u00e9 demonstraci na V\u00e1clavsk\u00e9m n\u00e1m\u011bst\u00ed, na\u010de\u017e mu mj. byl odep\u0159en n\u00e1vrat na m\u00edsto odpov\u00eddaj\u00edc\u00ed vzd\u011bl\u00e1n\u00ed, pracoval pak jako mana\u017eer Lidov\u00e9 konzervato\u0159e.<\/p>\n<p>Tam ho zastihl p\u00e1d komunismu v \u010ceskoslovensku (byl tak\u00e9 \u00fa\u010dastn\u00edkem zlomov\u00e9 demonstrace 17. listopadu). Byl aktivn\u00edm \u00fa\u010dastn\u00edkem procesu liberalizace v kultu\u0159e, stal se p\u0159edsedou \u010cesk\u00e9 komory sdru\u017een\u00ed kulturn\u00edch st\u0159edisek Osv\u011bta a \u010dlenem kulturn\u00ed komise Koordina\u010dn\u00edho centra Ob\u010dansk\u00e9ho f\u00f3ra. V prvn\u00edch svobodn\u00fdch volb\u00e1ch byl zvolen poslancem \u010cesk\u00e9 n\u00e1rodn\u00ed rady za Ob\u010dansk\u00e9 f\u00f3rum. Tam se anga\u017eoval p\u0159i vzniku Meziparlamentn\u00edho klubu demokratick\u00e9 pravice a pod\u00edlel se p\u0159edev\u0161\u00edm na tvorb\u011b medi\u00e1ln\u00ed legislativy, kter\u00e1 umo\u017enila vznik nez\u00e1visl\u00fdch soukrom\u00fdch rozhlasov\u00fdch a televizn\u00edch subjekt\u016f. V roce 1992 se stal prvn\u00edm a zakl\u00e1daj\u00edc\u00edm vedouc\u00edm \u00da\u0159adu Rady \u010cR pro rozhlasov\u00e9 a televizn\u00ed vys\u00edl\u00e1n\u00ed.<\/p>\n<p>V roce 1994 nastoupil do Lidov\u00fdch novin, kde p\u016fsobil jako vedouc\u00ed zpravodajstv\u00ed, vedouc\u00ed vyd\u00e1n\u00ed a politick\u00fd koment\u00e1tor. Po tzv. Sarajevsk\u00e9ho atent\u00e1tu v roce 1997 nab\u00eddl pomoc tehdej\u0161\u00edmu odstupuj\u00edc\u00edmu premi\u00e9rovi V\u00e1clavu Klausovi, od t\u00e9 doby je jeho bl\u00edzk\u00fdm spolupracovn\u00edkem, nejd\u0159\u00edve jako \u0159editel Odborn\u00e9ho \u00fatvaru p\u0159edsedy Poslaneck\u00e9 sn\u011bmovny, od roku 2003 do 2013 pak byl tajemn\u00edkem prezidenta republiky a \u0159editelem Odboru politick\u00e9ho prezidentsk\u00e9 kancel\u00e1\u0159e, nyn\u00ed pracuje v Institutu V\u00e1clava Klause. V roce 2012 mu Strana svobodn\u00fdch nab\u00eddla kandidaturu na prezidenta republiky, av\u0161ak nakonec nez\u00edskala p\u0159edepsan\u00fd po\u010det podp\u016frn\u00fdch podpis\u016f. V roce 2018 kandidoval do Sen\u00e1tu Parlamentu \u010cR jako nez\u00e1visl\u00fd za SPD, do druh\u00e9ho kola nepostoupil. V roce 2019 byl Poslaneckou sn\u011bmovnou Parlamentu \u010cR zvolen \u010dlenem Rady \u010cR pro rozhlasov\u00e9 a televizn\u00ed vys\u00edl\u00e1n\u00ed. Je prezidentem ob\u010dansk\u00e9ho sdru\u017een\u00ed Prvn\u00ed pivn\u00ed extraliga a \u010dlenem spr\u00e1vn\u00ed rady Institutu V\u00e1clava Klause.<\/p>\n<p>Je rockov\u00fdm hudebn\u00edkem a autorem, aktivn\u011b hraje des\u00edtky let, od 80. let m\u011bl kapelu Etal a od roku 1993 kapelu Folimanka Blues. S tou m\u011bl stovky koncert\u016f po cel\u00e9 republice, v Rakousku, na Slovensku, v Polsku, N\u011bmecku a USA. S touto kapelou vydal \u010dty\u0159i CD alba a v roce 2025 autorsk\u00e9 vinylov\u00e9 album s nov\u00fdmi p\u00edsn\u011bmi Odpo\u010d\u00edvej v pokoji. Odborn\u011b se v\u011bnuje pivu, po\u0159\u00e1d\u00e1 degustace, je \u010dlenem porot na nejuzn\u00e1van\u011bj\u0161\u00edch pivovarsk\u00fdch sout\u011b\u017e\u00edch (s Danielou Kov\u00e1\u0159ovou napsal didaktickou knihu Piva\u0159 a Blond\u00fdna), nav\u0161t\u011bvuje pivovary a pivn\u00ed p\u0159ehl\u00eddky u n\u00e1s i ve sv\u011bt\u011b. Od roku 1979 nav\u0161t\u011bvuje pravideln\u011b stejnou hospodu, od roku 1988 ka\u017ed\u00fd \u010dtvrtek s pr\u016fm\u011brnou absenc\u00ed jednou ro\u010dn\u011b. Tyto \u010dtvrtky jsou uvedeny v ofici\u00e1ln\u00ed Knize rekord\u016f jako nejstar\u0161\u00ed zn\u00e1m\u00e1 stoln\u00ed spole\u010dnost s evidovanou \u00fa\u010dast\u00ed.<\/p>\n<p>V letech 1988\u20132005 byl \u017eenat\u00fd s Danou. M\u00e1 dosp\u011bl\u00e9ho syna Mat\u011bje. Je autorem mnoha set \u010dl\u00e1nk\u016f a esej\u016f o \u010desk\u00e9 i mezin\u00e1rodn\u00ed politice \u010di o m\u00e9di\u00edch a tak\u00e9 \u0159ady sloupk\u016f \u010di fejeton\u016f, vystupoval na mnoha konferenc\u00edch a semin\u00e1\u0159\u00edch. Slo\u017eil n\u011bkolik des\u00edtek p\u00edsn\u00ed, k nim\u017e napsal i texty. Je lev\u00e1k, nos\u00ed dlouh\u00e9 vlasy, kter\u00fdch u\u017e m\u00e1 ale jen m\u00e1lo. Jezd\u00ed star\u0161\u00ed octavi\u00ed po cel\u00e9 \u010cesk\u00e9 republice, r\u00e1d pozn\u00e1v\u00e1 kouty na\u0161\u00ed vlasti. Jeho ide\u00e1lem je svoboda \u010dlov\u011bka, co nejm\u00e9n\u011b omezovan\u00e1 st\u00e1tn\u00edm n\u00e1sil\u00edm.<\/p>\n<p>Mezi jeho kr\u00e9da pat\u0159\u00ed nap\u0159\u00edklad \u201cJe lep\u0161\u00ed, kdy\u017e je tak, jak m\u00e1 b\u00fdt, ne\u017e aby bylo dob\u0159e.\u201c, \u201eD\u011bjiny politiky jsou d\u011bjinami souboje mezi dobrem a svobodou. V tomto boji jsem na stran\u011b svobody.\u201c nebo \u201eNe v\u0161e se hod\u00ed k pivu, ale pivo se hod\u00ed ke v\u0161emu.\u201c<\/p>\n<p><a href=\"https:\/\/www.ladislavjakl.cz\/wp-content\/uploads\/2009\/12\/L.-J.-Folimanka-009.jpg\"><img loading=\"lazy\" decoding=\"async\" class=\"alignnone wp-image-8846\" src=\"https:\/\/www.ladislavjakl.cz\/wp-content\/uploads\/2009\/12\/L.-J.-Folimanka-009.jpg\" alt=\"Ladislav Jakl\" width=\"570\" height=\"380\" srcset=\"https:\/\/www.ladislavjakl.cz\/wp-content\/uploads\/2009\/12\/L.-J.-Folimanka-009.jpg 1366w, https:\/\/www.ladislavjakl.cz\/wp-content\/uploads\/2009\/12\/L.-J.-Folimanka-009-264x176.jpg 264w, https:\/\/www.ladislavjakl.cz\/wp-content\/uploads\/2009\/12\/L.-J.-Folimanka-009-768x512.jpg 768w, https:\/\/www.ladislavjakl.cz\/wp-content\/uploads\/2009\/12\/L.-J.-Folimanka-009-900x600.jpg 900w\" sizes=\"auto, (max-width: 570px) 100vw, 570px\" \/><\/a><\/p>\n","protected":false},"excerpt":{"rendered":"<p>Ladislav Jakl se narodil 17. 12. 1959 v Chebu. Je synem Stefanie (zem\u0159ela roku 2011) a V\u00e1clava (zem\u0159el 2024) Jaklov\u00fdch, m\u00e1 t\u0159i star\u0161\u00ed bratry (Miroslav, Ji\u0159\u00ed, V\u00e1clav). Maturoval na chebsk\u00e9m gymn\u00e1ziu. Po\u0159\u00e1dal poslechov\u00e9 fonot\u00e9ky o zahrani\u010dn\u00ed rockov\u00e9 hudb\u011b a stal se spolupracovn\u00edkem Jazzov\u00e9 sekce. V roce 1979 p\u0159es\u00eddlil do Prahy, p\u016fvodn\u011b na studia Fakulty \u017eurnalistiky [&hellip;]<\/p>\n","protected":false},"author":1,"featured_media":0,"comment_status":"open","ping_status":"open","sticky":false,"template":"","format":"standard","meta":{"ngg_post_thumbnail":0,"footnotes":""},"categories":[3],"tags":[],"class_list":["post-26","post","type-post","status-publish","format-standard","hentry","category-zivotopis"],"_links":{"self":[{"href":"https:\/\/www.ladislavjakl.cz\/index.php?rest_route=\/wp\/v2\/posts\/26","targetHints":{"allow":["GET"]}}],"collection":[{"href":"https:\/\/www.ladislavjakl.cz\/index.php?rest_route=\/wp\/v2\/posts"}],"about":[{"href":"https:\/\/www.ladislavjakl.cz\/index.php?rest_route=\/wp\/v2\/types\/post"}],"author":[{"embeddable":true,"href":"https:\/\/www.ladislavjakl.cz\/index.php?rest_route=\/wp\/v2\/users\/1"}],"replies":[{"embeddable":true,"href":"https:\/\/www.ladislavjakl.cz\/index.php?rest_route=%2Fwp%2Fv2%2Fcomments&post=26"}],"version-history":[{"count":17,"href":"https:\/\/www.ladislavjakl.cz\/index.php?rest_route=\/wp\/v2\/posts\/26\/revisions"}],"predecessor-version":[{"id":15033,"href":"https:\/\/www.ladislavjakl.cz\/index.php?rest_route=\/wp\/v2\/posts\/26\/revisions\/15033"}],"wp:attachment":[{"href":"https:\/\/www.ladislavjakl.cz\/index.php?rest_route=%2Fwp%2Fv2%2Fmedia&parent=26"}],"wp:term":[{"taxonomy":"category","embeddable":true,"href":"https:\/\/www.ladislavjakl.cz\/index.php?rest_route=%2Fwp%2Fv2%2Fcategories&post=26"},{"taxonomy":"post_tag","embeddable":true,"href":"https:\/\/www.ladislavjakl.cz\/index.php?rest_route=%2Fwp%2Fv2%2Ftags&post=26"}],"curies":[{"name":"wp","href":"https:\/\/api.w.org\/{rel}","templated":true}]}}