{"id":2602,"date":"2012-09-12T13:00:09","date_gmt":"2012-09-12T11:00:09","guid":{"rendered":"http:\/\/www.ladislavjakl.cz\/?p=2602"},"modified":"2012-11-29T14:34:04","modified_gmt":"2012-11-29T13:34:04","slug":"kandidat-na-prezidenta-jakl-vyhrozuje-koukejte-podepsat-nebo-uvidite","status":"publish","type":"post","link":"https:\/\/www.ladislavjakl.cz\/?p=2602","title":{"rendered":"Kandid\u00e1t na prezidenta Jakl vyhro\u017euje: Koukejte podepsat nebo uvid\u00edte!"},"content":{"rendered":"<div>\n<div>\n<div>Jeden z prezidentsk\u00fdch kandid\u00e1t\u016f Ladislav Jakl  spustil svou  prezidentskou kampa\u0148. Voli\u010d\u016fm vyhro\u017euje: Koukejte podepsat  mou  kandidaturu nebo uvid\u00edte!<\/div>\n<div><!--more--><\/div>\n<div><a rel=\"lightbox\" href=\"http:\/\/img.cz.prg.cmestatic.com\/media\/images\/750x750\/Sep2012\/1355520.jpg?6d21\"><img loading=\"lazy\" decoding=\"async\" title=\"Billboard Jakl\" src=\"http:\/\/img.cz.prg.cmestatic.com\/media\/images\/600x338\/Sep2012\/1355520.jpg?6d21\" border=\"0\" alt=\"Billboard Jakl\" width=\"361\" height=\"203\" \/><\/a><\/div>\n<div>\n<p>Drobn\u00fdm titulkem ale tajemn\u00edk sou\u010dasn\u00e9ho prezidenta V\u00e1clava Klause dod\u00e1v\u00e1: Nebo uvid\u00edte mezi kandid\u00e1ty sam\u00e9 zoufal\u00e9 levi\u010d\u00e1ky.<\/p>\n<p>Ladislav Jakl je zn\u00e1m sv\u00fdmi kontroverzn\u00edmi prohl\u00e1\u0161en\u00edmi, naposledy  byl ve\u0159ejnost\u00ed pran\u00fd\u0159ovan\u00fd za v\u00fdrok: &#8222;Nyn\u00ed soud na p\u0159\u00e1n\u00ed aktivist\u016f  zve\u0159ej\u0148uje vybran\u00e9 jednotlivce z tis\u00edc\u016f &#8218;p\u0159\u00edjemc\u016f ve\u0159ejn\u00fdch prost\u0159edk\u016f\u2018,  aby na n\u011b po\u0161tval l\u016fzu nebo lidi, kte\u0159\u00ed je nen\u00e1vid\u00ed pro jejich n\u00e1zory.\u201c  Jaklovi se toti\u017e nel\u00edbilo, \u017ee soud p\u0159ik\u00e1zal zve\u0159ejnit jeho p\u0159\u00edjem.<\/p>\n<p>V souvislosti se svoj\u00ed kandidaturou pro zm\u011bnu prohl\u00e1sil, \u017ee  po\u010d\u00edt\u00e1 jen s hlasy mysl\u00edc\u00edch lid\u00ed a vzk\u00e1zal, a\u0165 o ty ostatn\u00ed usiluj\u00ed  jin\u00ed uchaze\u010di.<\/p>\n<p>V rozhovoru pro port\u00e1l Lidovky.cz u\u017e se sv\u011b\u0159il sv\u00fdmi pl\u00e1ny, a\u017e  usedne do prezidentsk\u00e9ho k\u0159esla. Jakl \u0159ekl, \u017ee u\u017e m\u00e1 tip na poradce,  podle n\u011bj by se mu zd\u00e1l docela dobr\u00fd V\u00e1clav Klaus.<\/p><\/div>\n<div>Dvaapades\u00e1tilet\u00fd Ladislav Jakl je tajemn\u00edkem sou\u010dasn\u00e9ho prezidenta  republiky V\u00e1clava Klause, z\u00e1rove\u0148 je \u0159editelem politick\u00e9ho odboru  Kancel\u00e1\u0159e prezidenta republiky. P\u0159es rok byl poslancem \u010cesk\u00e9 n\u00e1rodn\u00ed  rady za Ob\u010dansk\u00e9 f\u00f3rum.Ve slu\u017eb\u00e1ch V\u00e1clava Klause je od roku 1997, kdy  se stal jeho poradcem.<\/div>\n<\/div>\n<div><a href=\"http:\/\/tn.nova.cz\/zpravy\/domaci\/kandidat-na-prezidenta-jakl-vyhrozuje-koukejte-podepsat-nebo-uvidite.html\" target=\"_blank\">Zdroj<\/a><\/div>\n<\/div>\n","protected":false},"excerpt":{"rendered":"<p>Jeden z prezidentsk\u00fdch kandid\u00e1t\u016f Ladislav Jakl spustil svou prezidentskou kampa\u0148. Voli\u010d\u016fm vyhro\u017euje: Koukejte podepsat mou kandidaturu nebo uvid\u00edte!<\/p>\n","protected":false},"author":1,"featured_media":0,"comment_status":"open","ping_status":"open","sticky":false,"template":"","format":"standard","meta":{"ngg_post_thumbnail":0,"footnotes":""},"categories":[17,11],"tags":[],"class_list":["post-2602","post","type-post","status-publish","format-standard","hentry","category-jakl-president","category-ozvena"],"_links":{"self":[{"href":"https:\/\/www.ladislavjakl.cz\/index.php?rest_route=\/wp\/v2\/posts\/2602","targetHints":{"allow":["GET"]}}],"collection":[{"href":"https:\/\/www.ladislavjakl.cz\/index.php?rest_route=\/wp\/v2\/posts"}],"about":[{"href":"https:\/\/www.ladislavjakl.cz\/index.php?rest_route=\/wp\/v2\/types\/post"}],"author":[{"embeddable":true,"href":"https:\/\/www.ladislavjakl.cz\/index.php?rest_route=\/wp\/v2\/users\/1"}],"replies":[{"embeddable":true,"href":"https:\/\/www.ladislavjakl.cz\/index.php?rest_route=%2Fwp%2Fv2%2Fcomments&post=2602"}],"version-history":[{"count":2,"href":"https:\/\/www.ladislavjakl.cz\/index.php?rest_route=\/wp\/v2\/posts\/2602\/revisions"}],"predecessor-version":[{"id":3233,"href":"https:\/\/www.ladislavjakl.cz\/index.php?rest_route=\/wp\/v2\/posts\/2602\/revisions\/3233"}],"wp:attachment":[{"href":"https:\/\/www.ladislavjakl.cz\/index.php?rest_route=%2Fwp%2Fv2%2Fmedia&parent=2602"}],"wp:term":[{"taxonomy":"category","embeddable":true,"href":"https:\/\/www.ladislavjakl.cz\/index.php?rest_route=%2Fwp%2Fv2%2Fcategories&post=2602"},{"taxonomy":"post_tag","embeddable":true,"href":"https:\/\/www.ladislavjakl.cz\/index.php?rest_route=%2Fwp%2Fv2%2Ftags&post=2602"}],"curies":[{"name":"wp","href":"https:\/\/api.w.org\/{rel}","templated":true}]}}