{"id":2614,"date":"2012-09-13T15:01:02","date_gmt":"2012-09-13T13:01:02","guid":{"rendered":"http:\/\/www.ladislavjakl.cz\/?p=2614"},"modified":"2012-09-13T15:01:02","modified_gmt":"2012-09-13T13:01:02","slug":"prebaleny-schwarzenberg","status":"publish","type":"post","link":"https:\/\/www.ladislavjakl.cz\/?p=2614","title":{"rendered":"P\u0159ebalen\u00fd Schwarzenberg"},"content":{"rendered":"<p>Pan ministr (ze) zahrani\u010d\u00ed Karel Schwarzenberg se obul do premi\u00e9ra Ne\u010dase, \u017ee m\u00e1 &#8222;pln\u00e1 ka\u0165ata&#8220;, kdy\u017e se mu nel\u00edb\u00ed adorace rusk\u00fdch ultralevicov\u00fdch pornografick\u00fdch satanistek a tibetsk\u00e9ho marxistick\u00e9ho p\u0159evt\u011blen\u00e9ho teokratick\u00e9ho v\u016fdce.<\/p>\n<p><!--more-->Mo\u017en\u00e1 by bylo dobr\u00e9 dodat, \u017ee pan premi\u00e9r n\u011bco takov\u00e9ho ne\u0159ekl poprv\u00e9. \u0158ekl to u\u017e na ned\u00e1vn\u00e9m setk\u00e1n\u00ed s \u010desk\u00fdmi diplomaty. Pan ministr byl p\u0159\u00edtomen a dokonce mimo\u0159\u00e1dn\u011b zrovna nespal. A ani nep\u00edpnul. Asi m\u011bl tehdy pln\u00e1 ka\u0165ata on. A \u017ee se dnes najednou v\u016f\u010di premi\u00e9rovi tak pochlapil? Mo\u017en\u00e1 se od t\u00e9 doby u\u017e stihl p\u0159ebalit. A nebo si na sil\u00e1ka hraje jen p\u0159ed sp\u0159\u00e1telen\u00fdmi novin\u00e1\u0159i, zat\u00edmco jako chlap chlapovi&#8230; no, nechme u\u017e ta ka\u0165ata.<\/p>\n","protected":false},"excerpt":{"rendered":"<p>Pan ministr (ze) zahrani\u010d\u00ed Karel Schwarzenberg se obul do premi\u00e9ra Ne\u010dase, \u017ee m\u00e1 &#8222;pln\u00e1 ka\u0165ata&#8220;, kdy\u017e se mu nel\u00edb\u00ed adorace rusk\u00fdch ultralevicov\u00fdch pornografick\u00fdch satanistek a tibetsk\u00e9ho marxistick\u00e9ho p\u0159evt\u011blen\u00e9ho teokratick\u00e9ho v\u016fdce.<\/p>\n","protected":false},"author":1,"featured_media":0,"comment_status":"open","ping_status":"open","sticky":false,"template":"","format":"standard","meta":{"ngg_post_thumbnail":0,"footnotes":""},"categories":[6],"tags":[],"class_list":["post-2614","post","type-post","status-publish","format-standard","hentry","category-co-jsem-nerekl"],"_links":{"self":[{"href":"https:\/\/www.ladislavjakl.cz\/index.php?rest_route=\/wp\/v2\/posts\/2614","targetHints":{"allow":["GET"]}}],"collection":[{"href":"https:\/\/www.ladislavjakl.cz\/index.php?rest_route=\/wp\/v2\/posts"}],"about":[{"href":"https:\/\/www.ladislavjakl.cz\/index.php?rest_route=\/wp\/v2\/types\/post"}],"author":[{"embeddable":true,"href":"https:\/\/www.ladislavjakl.cz\/index.php?rest_route=\/wp\/v2\/users\/1"}],"replies":[{"embeddable":true,"href":"https:\/\/www.ladislavjakl.cz\/index.php?rest_route=%2Fwp%2Fv2%2Fcomments&post=2614"}],"version-history":[{"count":2,"href":"https:\/\/www.ladislavjakl.cz\/index.php?rest_route=\/wp\/v2\/posts\/2614\/revisions"}],"predecessor-version":[{"id":2616,"href":"https:\/\/www.ladislavjakl.cz\/index.php?rest_route=\/wp\/v2\/posts\/2614\/revisions\/2616"}],"wp:attachment":[{"href":"https:\/\/www.ladislavjakl.cz\/index.php?rest_route=%2Fwp%2Fv2%2Fmedia&parent=2614"}],"wp:term":[{"taxonomy":"category","embeddable":true,"href":"https:\/\/www.ladislavjakl.cz\/index.php?rest_route=%2Fwp%2Fv2%2Fcategories&post=2614"},{"taxonomy":"post_tag","embeddable":true,"href":"https:\/\/www.ladislavjakl.cz\/index.php?rest_route=%2Fwp%2Fv2%2Ftags&post=2614"}],"curies":[{"name":"wp","href":"https:\/\/api.w.org\/{rel}","templated":true}]}}