{"id":2617,"date":"2012-09-13T15:03:08","date_gmt":"2012-09-13T13:03:08","guid":{"rendered":"http:\/\/www.ladislavjakl.cz\/?p=2617"},"modified":"2012-09-13T15:03:08","modified_gmt":"2012-09-13T13:03:08","slug":"koukejte-podepsat-jinak-uvidite-vyzyva-jakl-billboardy-pry-zaplavi-republiku","status":"publish","type":"post","link":"https:\/\/www.ladislavjakl.cz\/?p=2617","title":{"rendered":"Koukejte podepsat, jinak uvid\u00edte, vyz\u00fdv\u00e1 Jakl. Billboardy pr\u00fd zaplav\u00ed republiku"},"content":{"rendered":"<p>D\u011bsiv\u00fd v\u00fdraz prezidentsk\u00e9ho kandid\u00e1ta Ladislava Jakla vyz\u00fdv\u00e1 k  podepisov\u00e1n\u00ed jeho prezidentsk\u00e9 kandidatury. Jinak pr\u00fd ob\u010dan\u00e9 uvid\u00ed.  Podpisov\u00e1 kampa\u0148 tajemn\u00edka sou\u010dasn\u00e9 hlavy st\u00e1tu tak chce nejsp\u00ed\u0161 vsadit  na zastra\u0161ov\u00e1n\u00ed.<\/p>\n<p><!--more--><\/p>\n<p>V\u00a0p\u00e1tek se na osobn\u00edm webu prezidentsk\u00e9ho kandid\u00e1ta Ladislava Jakla  objevil plak\u00e1t, kter\u00fd by v\u00a0podob\u011b billboardu m\u011bl zanedlouho viset po  cel\u00e9 zemi. Kandid\u00e1t se v\u00a0n\u011bm sna\u017e\u00ed popohnat ob\u010dany, aby podepisovali  podpisov\u00e9 archy podporuj\u00edc\u00ed jeho kandidaturu. Podle z\u00e1kona je t\u0159eba  vybrat pades\u00e1t tis\u00edc podpis\u016f.<\/p>\n<p>Z\u00a0plak\u00e1tu shl\u00ed\u017e\u00ed v\u00a0modr\u00e9 ko\u0161ili zachmu\u0159en\u00fd Ladislav Jakl, kter\u00fd varovn\u011b  zdvih\u00e1 prst. Vedle n\u011bj je vyobrazeno panorama Pra\u017esk\u00e9ho hradu a nad n\u00edm  je dvojbarevn\u011b vyveden\u00fd vzkaz pro voli\u010de. V\u00fdraznou \u010dernou barvou jsou  uvedena slova \u201eKoukejte podepsat\u201c a \u201eJinak uvid\u00edte\u201c. Mezi nimi je na  sv\u011btle modr\u00e9m podklad\u011b vyvedeno b\u00edlou barvou (tedy o pozn\u00e1n\u00ed h\u016f\u0159e  viditeln\u011b) vysv\u011btlen\u00ed, \u017ee se m\u00e1 podepisovat Jaklova prezidentsk\u00e1  kandidatura.<\/p>\n<p><strong>Uvid\u00edte zoufal\u00e9 levi\u010d\u00e1ky<\/strong><\/p>\n<p>A pod varov\u00e1n\u00edm je op\u011bt b\u00edle, a tentokr\u00e1t je\u0161t\u011b men\u0161\u00edm p\u00edsmem,  vysv\u011btleno, co vlastn\u011b ob\u010dan\u00e9 uvid\u00ed, pokud Jaklovu kandidaturu  nepodep\u00ed\u0161\u00ed. Podle n\u011bj v\u00a0tom p\u0159\u00edpad\u011b uvid\u00ed ve volb\u011b jen sam\u00e9 zoufal\u00e9  levi\u010d\u00e1ky.<\/p>\n<p>Kdy\u017e se redakto\u0159i MF DNES ptali prezidentsk\u00e9ho kandid\u00e1ta, kde bude  mo\u017en\u00e9 jeho p\u0159edvolebn\u00ed prezentaci vid\u011bt, odpov\u011bd\u011bl jim tajemn\u011b, \u017ee  \u201ev\u0161ude\u201c. Tajemn\u00edk sou\u010dasn\u00e9ho prezidenta, kter\u00e9ho do hradn\u00edho kl\u00e1n\u00ed  vys\u00edl\u00e1 neparlamentn\u00ed Strana svobodn\u00fdch ob\u010dan\u016f, tak chce nejsp\u00ed\u0161 pohrozit  cel\u00e9 zemi.<\/p>\n<p><a href=\"http:\/\/www.parlamentnilisty.cz\/arena\/monitor\/Koukejte-podepsat-jinak-uvidite-vyzyva-Jakl-Billboardy-pry-zaplavi-republiku-245662\" target=\"_blank\">Zdroj<\/a><\/p>\n","protected":false},"excerpt":{"rendered":"<p>D\u011bsiv\u00fd v\u00fdraz prezidentsk\u00e9ho kandid\u00e1ta Ladislava Jakla vyz\u00fdv\u00e1 k podepisov\u00e1n\u00ed jeho prezidentsk\u00e9 kandidatury. Jinak pr\u00fd ob\u010dan\u00e9 uvid\u00ed. Podpisov\u00e1 kampa\u0148 tajemn\u00edka sou\u010dasn\u00e9 hlavy st\u00e1tu tak chce nejsp\u00ed\u0161 vsadit na zastra\u0161ov\u00e1n\u00ed.<\/p>\n","protected":false},"author":1,"featured_media":0,"comment_status":"open","ping_status":"open","sticky":false,"template":"","format":"standard","meta":{"ngg_post_thumbnail":0,"footnotes":""},"categories":[17,11],"tags":[],"class_list":["post-2617","post","type-post","status-publish","format-standard","hentry","category-jakl-president","category-ozvena"],"_links":{"self":[{"href":"https:\/\/www.ladislavjakl.cz\/index.php?rest_route=\/wp\/v2\/posts\/2617","targetHints":{"allow":["GET"]}}],"collection":[{"href":"https:\/\/www.ladislavjakl.cz\/index.php?rest_route=\/wp\/v2\/posts"}],"about":[{"href":"https:\/\/www.ladislavjakl.cz\/index.php?rest_route=\/wp\/v2\/types\/post"}],"author":[{"embeddable":true,"href":"https:\/\/www.ladislavjakl.cz\/index.php?rest_route=\/wp\/v2\/users\/1"}],"replies":[{"embeddable":true,"href":"https:\/\/www.ladislavjakl.cz\/index.php?rest_route=%2Fwp%2Fv2%2Fcomments&post=2617"}],"version-history":[{"count":2,"href":"https:\/\/www.ladislavjakl.cz\/index.php?rest_route=\/wp\/v2\/posts\/2617\/revisions"}],"predecessor-version":[{"id":2619,"href":"https:\/\/www.ladislavjakl.cz\/index.php?rest_route=\/wp\/v2\/posts\/2617\/revisions\/2619"}],"wp:attachment":[{"href":"https:\/\/www.ladislavjakl.cz\/index.php?rest_route=%2Fwp%2Fv2%2Fmedia&parent=2617"}],"wp:term":[{"taxonomy":"category","embeddable":true,"href":"https:\/\/www.ladislavjakl.cz\/index.php?rest_route=%2Fwp%2Fv2%2Fcategories&post=2617"},{"taxonomy":"post_tag","embeddable":true,"href":"https:\/\/www.ladislavjakl.cz\/index.php?rest_route=%2Fwp%2Fv2%2Ftags&post=2617"}],"curies":[{"name":"wp","href":"https:\/\/api.w.org\/{rel}","templated":true}]}}