{"id":2625,"date":"2012-09-17T11:15:57","date_gmt":"2012-09-17T09:15:57","guid":{"rendered":"http:\/\/www.ladislavjakl.cz\/?p=2625"},"modified":"2012-11-29T14:33:18","modified_gmt":"2012-11-29T13:33:18","slug":"prezidentsky-kandidat-schwarzenberg-kritizuje-premiera-sam-ma-nadelano-v-kalhotach","status":"publish","type":"post","link":"https:\/\/www.ladislavjakl.cz\/?p=2625","title":{"rendered":"Prezidentsk\u00fd kandid\u00e1t: Schwarzenberg kritizuje premi\u00e9ra, s\u00e1m m\u00e1 nad\u011bl\u00e1no v kalhot\u00e1ch"},"content":{"rendered":"<p>Potencion\u00e1ln\u00ed kandid\u00e1t na p\u0159\u00ed\u0161t\u00edho prezidenta \u010cesk\u00e9  republiky a z\u00e1rove\u0148 tajemn\u00edk sou\u010dasn\u00e9 hlavy st\u00e1tu Ladislav Jakl  upozornil, \u017ee kdy\u017e premi\u00e9r Ne\u010das poprv\u00e9 kritizoval p\u0159ehnanou podporu  Pussy Riot a dalajl\u00e1my, Schwarzenberg u toho byl a tehdy ani nep\u00edpnul.  &#8222;Asi m\u011bl tehdy pln\u00e1 ka\u0165ata on,&#8220; p\u00ed\u0161e.<\/p>\n<p><!--more--><img loading=\"lazy\" decoding=\"async\" src=\"http:\/\/cms.parlamentnilisty.cz\/image.ashx?w=632&amp;h=307&amp;f=jakl.jpg&amp;id=1929\" alt=\"\" width=\"408\" height=\"198\" \/><\/p>\n<p>&#8222;Pan ministr (ze) zahrani\u010d\u00ed Karel Schwarzenberg se obul do premi\u00e9ra  Ne\u010dase, \u017ee m\u00e1 &#8218;pln\u00e1 ka\u0165ata&#8216;, kdy\u017e se mu nel\u00edb\u00ed adorace rusk\u00fdch  ultralevicov\u00fdch pornografick\u00fdch satanistek a tibetsk\u00e9ho marxistick\u00e9ho  p\u0159evt\u011blen\u00e9ho teokratick\u00e9ho v\u016fdce,&#8220; pustil se Jakl do ministra zahrani\u010d\u00ed v  koment\u00e1\u0159i na sv\u00e9m webu.<\/p>\n<p>Podle n\u011bho by bylo mo\u017en\u00e1 dobr\u00e9 dodat, \u017ee premi\u00e9r Ne\u010das n\u011bco takov\u00e9ho  ne\u0159ekl poprv\u00e9. &#8222;\u0158ekl to u\u017e na ned\u00e1vn\u00e9m setk\u00e1n\u00ed s \u010desk\u00fdmi diplomaty. Pan  ministr byl p\u0159\u00edtomen a dokonce mimo\u0159\u00e1dn\u011b zrovna nespal. A ani nep\u00edpnul,&#8220;  upozornil.<\/p>\n<p>&#8222;Asi m\u011bl tehdy pln\u00e1 ka\u0165ata on. A \u017ee se dnes najednou v\u016f\u010di premi\u00e9rovi  tak pochlapil? Mo\u017en\u00e1 se od t\u00e9 doby u\u017e stihl p\u0159ebalit. A nebo si na  sil\u00e1ka hraje jen p\u0159ed sp\u0159\u00e1telen\u00fdmi novin\u00e1\u0159i, zat\u00edmco jako chlap  chlapovi\u2026 no, nechme u\u017e ta ka\u0165ata,&#8220; nech\u00e1pe Schwarzenberg\u016fv p\u0159\u00edstup  Ladislav Jakl.<\/p>\n<p><a href=\"http:\/\/www.parlamentnilisty.cz\/zpravy\/Prezidentsky-kandidat-Schwarzenberg-kritizuje-premiera-sam-ma-nadelano-v-kalhotach-246239\" target=\"_blank\">Zdroj<\/a><\/p>\n","protected":false},"excerpt":{"rendered":"<p>Potencion\u00e1ln\u00ed kandid\u00e1t na p\u0159\u00ed\u0161t\u00edho prezidenta \u010cesk\u00e9 republiky a z\u00e1rove\u0148 tajemn\u00edk sou\u010dasn\u00e9 hlavy st\u00e1tu Ladislav Jakl upozornil, \u017ee kdy\u017e premi\u00e9r Ne\u010das poprv\u00e9 kritizoval p\u0159ehnanou podporu Pussy Riot a dalajl\u00e1my, Schwarzenberg u toho byl a tehdy ani nep\u00edpnul. &#8222;Asi m\u011bl tehdy pln\u00e1 ka\u0165ata on,&#8220; p\u00ed\u0161e.<\/p>\n","protected":false},"author":1,"featured_media":0,"comment_status":"open","ping_status":"open","sticky":false,"template":"","format":"standard","meta":{"ngg_post_thumbnail":0,"footnotes":""},"categories":[11],"tags":[],"class_list":["post-2625","post","type-post","status-publish","format-standard","hentry","category-ozvena"],"_links":{"self":[{"href":"https:\/\/www.ladislavjakl.cz\/index.php?rest_route=\/wp\/v2\/posts\/2625","targetHints":{"allow":["GET"]}}],"collection":[{"href":"https:\/\/www.ladislavjakl.cz\/index.php?rest_route=\/wp\/v2\/posts"}],"about":[{"href":"https:\/\/www.ladislavjakl.cz\/index.php?rest_route=\/wp\/v2\/types\/post"}],"author":[{"embeddable":true,"href":"https:\/\/www.ladislavjakl.cz\/index.php?rest_route=\/wp\/v2\/users\/1"}],"replies":[{"embeddable":true,"href":"https:\/\/www.ladislavjakl.cz\/index.php?rest_route=%2Fwp%2Fv2%2Fcomments&post=2625"}],"version-history":[{"count":2,"href":"https:\/\/www.ladislavjakl.cz\/index.php?rest_route=\/wp\/v2\/posts\/2625\/revisions"}],"predecessor-version":[{"id":3232,"href":"https:\/\/www.ladislavjakl.cz\/index.php?rest_route=\/wp\/v2\/posts\/2625\/revisions\/3232"}],"wp:attachment":[{"href":"https:\/\/www.ladislavjakl.cz\/index.php?rest_route=%2Fwp%2Fv2%2Fmedia&parent=2625"}],"wp:term":[{"taxonomy":"category","embeddable":true,"href":"https:\/\/www.ladislavjakl.cz\/index.php?rest_route=%2Fwp%2Fv2%2Fcategories&post=2625"},{"taxonomy":"post_tag","embeddable":true,"href":"https:\/\/www.ladislavjakl.cz\/index.php?rest_route=%2Fwp%2Fv2%2Ftags&post=2625"}],"curies":[{"name":"wp","href":"https:\/\/api.w.org\/{rel}","templated":true}]}}