{"id":2627,"date":"2012-09-17T11:17:30","date_gmt":"2012-09-17T09:17:30","guid":{"rendered":"http:\/\/www.ladislavjakl.cz\/?p=2627"},"modified":"2012-09-17T11:17:30","modified_gmt":"2012-09-17T09:17:30","slug":"jakl-neomezene-moznosti-chteji-jen-lide-omezeni","status":"publish","type":"post","link":"https:\/\/www.ladislavjakl.cz\/?p=2627","title":{"rendered":"Jakl: Neomezen\u00e9 mo\u017enosti cht\u011bj\u00ed jen lid\u00e9 omezen\u00ed"},"content":{"rendered":"<p><strong>Tajemn\u00edk prezidenta \u010cesk\u00e9 republiky  Ladislav Jakl se narodil p\u0159ed pades\u00e1ti t\u0159emi lety v Chebu. V osmdes\u00e1t\u00fdch  letech vystudoval Fakultu \u017eurnalistiky UK, sv\u00e9 novin\u00e1\u0159sk\u00e9 zku\u0161enosti  z\u00edskal v Lidov\u00fdch novin\u00e1ch. Od devades\u00e1t\u00fdch let se v\u011bnuje rockov\u00e9 hudb\u011b. <\/strong><\/p>\n<p><!--more--><strong>Po sametov\u00e9 revoluci se stal poslancem za Ob\u010dansk\u00e9 f\u00f3rum a ve sv\u00e9  politick\u00e9 kari\u00e9\u0159e pokra\u010doval jako \u0161\u00e9f politick\u00e9ho odboru kancel\u00e1\u0159e  prezidenta republiky, poradce \u010di tajemn\u00edk V\u00e1clava Klause. Publikuje  mnoh\u00e9 \u010dl\u00e1nky, eseje \u010di fejetony, ve kter\u00fdch \u010dasto projevuje sv\u00e9 zn\u00e1m\u00e9  kontroverzn\u00ed n\u00e1zory. \u017dije s partnerkou Radkou Rafaelovou, s n\u00ed\u017e  vychov\u00e1v\u00e1 syna Mat\u011bje.<\/strong><\/p>\n<p><strong>1.\tCo vn\u00edm\u00e1te jako hlavn\u00ed posl\u00e1n\u00ed prezidenta a jeho povinnost v\u016f\u010di ob\u010dan\u016fm?<\/strong><\/p>\n<p>Slova jako \u201eposl\u00e1n\u00ed\u201c a \u201epovinnost\u201c jsou velmi  siln\u00e9 kategorie a nezaslou\u017e\u00ed si, aby se o nich povrchn\u011b mudrovalo. Snad  jen, \u017ee prezident je od toho, aby h\u00e1jil z\u00e1jmy ob\u010dan\u016f sv\u00e9ho st\u00e1tu a aby  jim poskytoval personifikovanou podobu atribut\u016f st\u00e1tnosti.<\/p>\n<p><strong>2.\tCo pova\u017eujete za sv\u00e9 nejsiln\u011bj\u0161\u00ed p\u0159ednosti a v\u00fdhody oproti ostatn\u00edm kandid\u00e1t\u016fm?<\/strong><\/p>\n<p>Mezi ostatn\u00edmi kandid\u00e1ty nen\u00ed ani jeden  nesocialista. V\u0161ichni jsou to bu\u010f socialist\u00e9, nebo levicov\u00ed  intelektu\u00e1lov\u00e9. Nen\u00ed mezi nimi ani jeden, kdo by m\u011bl svobodu jednotlivce  jako svou z\u00e1sadn\u00ed \u017eivotn\u00ed prioritu.<\/p>\n<p><strong>3.\tJak\u00fd m\u00e1te pohled na zaveden\u00ed \u0161koln\u00e9ho a sm\u011b\u0159ov\u00e1n\u00ed \u0161kolstv\u00ed v \u010cR v\u016fbec?<\/strong><\/p>\n<p>\u0160koln\u00e9 p\u0159ich\u00e1z\u00ed v \u00favahu jen na vysok\u00fdch  \u0161kol\u00e1ch. Ale jen jako do\u010dasn\u00e9 \u0159e\u0161en\u00ed kv\u016fli sv\u00e9 funkci regul\u00e1tora  popt\u00e1vky. Fin\u00e1ln\u00edm \u0159e\u0161en\u00edm m\u016f\u017ee b\u00fdt jen odst\u00e1tn\u011bn\u00ed vysok\u00e9ho \u0161kolstv\u00ed,  proto\u017ee vysoko\u0161kolsk\u00e9 vzd\u011bl\u00e1n\u00ed je typick\u00fdm soukrom\u00fdm, nikoli ve\u0159ejn\u00fdm  statkem. A sm\u011b\u0159ov\u00e1n\u00ed \u201e\u0161kolstv\u00ed v \u010cR v\u016fbec\u201c? To je fakt moc obecn\u00e1  ot\u00e1zka. Mo\u017en\u00e1 by bylo dobr\u00e9, kdyby se dosp\u011bl\u00ed n\u011bkdy pod\u00edvali do u\u010debnic  sv\u00fdch d\u011bt\u00ed. Najdou tam jen samou rudou a zelenou propagandu.<\/p>\n<p><strong>4.\tJakou v\u011bc byste na \u010cesk\u00e9 republice zm\u011bnil, kdybyste m\u011bl neomezen\u00e9 mo\u017enosti?<\/strong><\/p>\n<p>Necht\u011bl bych m\u00edt neomezen\u00e9 mo\u017enosti. To cht\u011bj\u00ed jen lid\u00e9 omezen\u00ed.<\/p>\n<p><strong>5.\tJak hodnot\u00edte p\u016fsoben\u00ed p\u0159edchoz\u00edch dvou prezident\u016f Havla a Klause?<\/strong><\/p>\n<p><strong> <\/strong>O mrtv\u00fdch a vlastn\u00edch \u0161\u00e9fech jen dob\u0159e.<\/p>\n<p><strong>6.\tDiskutoval jste o sv\u00e9 kandidatu\u0159e s panem prezidentem? Podporuje Va\u0161i kandidaturu? <\/strong><\/p>\n<p><strong> <\/strong>Ano. M\u00e1 to povinn\u00e9.<\/p>\n<p><strong>7.\tP\u0159ed rokem jste v rozhovoru s  B\u00e1rou Tachec\u00ed \u0159ekl, \u017ee na n\u00e1vrat do politiky se u\u017e c\u00edt\u00edte star\u00fd a nav\u00edc  nev\u00edte, zda se do politiky hod\u00ed Va\u0161e n\u00e1zorov\u00e1 vyhran\u011bnost. Zm\u011bnil jste  n\u00e1zor? <\/strong><br \/>\nNikoli. Ob\u011b tyto v\u00fdhrady c\u00edt\u00edm st\u00e1le. Ale p\u0159\u00edm\u00e1  volba prezidenta a zoufal\u00e1 sestava dosavadn\u00edch kandid\u00e1t\u016f m\u011b p\u0159im\u011bly op\u011bt  zv\u00e1\u017eit klady a z\u00e1pory sv\u00e9ho ve\u0159ejn\u00e9ho anga\u017eov\u00e1n\u00ed.<br \/>\n<strong> <\/strong><\/p>\n<p><strong>8.\t&#8222;Mysl\u00edm, \u017ee pro lidi, kte\u0159\u00ed mi  dnes vyjad\u0159uj\u00ed podporu, jsem u\u017e n\u011bco vykonal,&#8220; \u0159\u00edk\u00e1te v rozhovoru pro MF  DNES. M\u016f\u017eete Va\u0161e skutky p\u0159ibl\u00ed\u017eit?<\/strong><br \/>\nNemysl\u00edm, \u017ee jsou natolik vzd\u00e1len\u00e9, abych je musel p\u0159ibli\u017eovat. Dvacet  let ned\u011bl\u00e1m v r\u016fzn\u00fdch rol\u00edch nic jin\u00e9ho, ne\u017e \u017ee h\u00e1j\u00edm svobodu \u010dlov\u011bka  p\u0159ed n\u00e1siln\u00fdm kolektivismem v\u0161eho druhu.<\/p>\n<p><a href=\"http:\/\/studenti.ihned.cz\/c1-57479150-yes-prime-minister-za-dvacet-let-jsem-toho-pro-lidi-vykonal-mnoho-rika-kandidat-na-prezidenta-ladislav-jakl\" target=\"_blank\">Zdroj<\/a><\/p>\n","protected":false},"excerpt":{"rendered":"<p>Tajemn\u00edk prezidenta \u010cesk\u00e9 republiky Ladislav Jakl se narodil p\u0159ed pades\u00e1ti t\u0159emi lety v Chebu. V osmdes\u00e1t\u00fdch letech vystudoval Fakultu \u017eurnalistiky UK, sv\u00e9 novin\u00e1\u0159sk\u00e9 zku\u0161enosti z\u00edskal v Lidov\u00fdch novin\u00e1ch. Od devades\u00e1t\u00fdch let se v\u011bnuje rockov\u00e9 hudb\u011b.<\/p>\n","protected":false},"author":1,"featured_media":0,"comment_status":"open","ping_status":"open","sticky":false,"template":"","format":"standard","meta":{"ngg_post_thumbnail":0,"footnotes":""},"categories":[17,13],"tags":[],"class_list":["post-2627","post","type-post","status-publish","format-standard","hentry","category-jakl-president","category-rozhovory"],"_links":{"self":[{"href":"https:\/\/www.ladislavjakl.cz\/index.php?rest_route=\/wp\/v2\/posts\/2627","targetHints":{"allow":["GET"]}}],"collection":[{"href":"https:\/\/www.ladislavjakl.cz\/index.php?rest_route=\/wp\/v2\/posts"}],"about":[{"href":"https:\/\/www.ladislavjakl.cz\/index.php?rest_route=\/wp\/v2\/types\/post"}],"author":[{"embeddable":true,"href":"https:\/\/www.ladislavjakl.cz\/index.php?rest_route=\/wp\/v2\/users\/1"}],"replies":[{"embeddable":true,"href":"https:\/\/www.ladislavjakl.cz\/index.php?rest_route=%2Fwp%2Fv2%2Fcomments&post=2627"}],"version-history":[{"count":1,"href":"https:\/\/www.ladislavjakl.cz\/index.php?rest_route=\/wp\/v2\/posts\/2627\/revisions"}],"predecessor-version":[{"id":2628,"href":"https:\/\/www.ladislavjakl.cz\/index.php?rest_route=\/wp\/v2\/posts\/2627\/revisions\/2628"}],"wp:attachment":[{"href":"https:\/\/www.ladislavjakl.cz\/index.php?rest_route=%2Fwp%2Fv2%2Fmedia&parent=2627"}],"wp:term":[{"taxonomy":"category","embeddable":true,"href":"https:\/\/www.ladislavjakl.cz\/index.php?rest_route=%2Fwp%2Fv2%2Fcategories&post=2627"},{"taxonomy":"post_tag","embeddable":true,"href":"https:\/\/www.ladislavjakl.cz\/index.php?rest_route=%2Fwp%2Fv2%2Ftags&post=2627"}],"curies":[{"name":"wp","href":"https:\/\/api.w.org\/{rel}","templated":true}]}}