{"id":2629,"date":"2012-09-17T11:18:59","date_gmt":"2012-09-17T09:18:59","guid":{"rendered":"http:\/\/www.ladislavjakl.cz\/?p=2629"},"modified":"2012-09-17T11:18:59","modified_gmt":"2012-09-17T09:18:59","slug":"jakl-kritizuje-prohibici-je-to-blbost","status":"publish","type":"post","link":"https:\/\/www.ladislavjakl.cz\/?p=2629","title":{"rendered":"Jakl kritizuje prohibici: Je to blbost"},"content":{"rendered":"<div>Podle prezidentsk\u00e9ho tajemn\u00edka a z\u00e1rove\u0148 kandid\u00e1ta na funkci prezidenta \u010cR Ladislava Jakla je plo\u0161n\u00fd z\u00e1kaz alkoholu &#8222;blbost&#8220;.<\/div>\n<div style=\"margin-top: 15px;\"><strong><!--more--><\/strong><\/div>\n<p>Jakl to uvedl na  sv\u00e9m blogu po \u00fatern\u00edm z\u00e1kazu prodeje tvrd\u00e9ho alkoholu u st\u00e1nk\u016f. To je\u0161t\u011b  netu\u0161il, \u017ee ministr zdravotnictv\u00ed v p\u00e1tek z\u00e1kaz roz\u0161\u00ed\u0159\u00ed na ve\u0161ker\u00fd  prodej tvrd\u00e9ho alkoholu.<\/p>\n<p>&#8222;St\u00e1t do toho vlet\u011bl, jak um\u00ed. A zase \u0161patn\u011b,&#8220; glosoval tehdy je\u0161t\u011b \u010d\u00e1ste\u010dnou prohibici Jakl.<\/p>\n<p>&#8222;Minist\u0159i  pot\u0159ebovali vyk\u00e1zat n\u011bjakou \u010dinnost, aby se n\u00e1rod uklidnil, \u017ee vl\u00e1da  opravdu bojuje proti otrav\u00e1m. M\u00edsto nalezen\u00ed zdroje a zni\u010den\u00ed z\u00e1sob um\u00ed  jedin\u00e9. Zak\u00e1zat milion\u016fm lid\u00ed pan\u00e1ka na ulici. Plo\u0161n\u00fd z\u00e1kaz rozl\u00e9van\u00e9ho  alkoholu u st\u00e1nk\u016f je blbost,&#8220; napsal tak\u00e9 Jakl.<\/p>\n<p>Podle n\u011bho podobn\u00e9 opat\u0159en\u00ed pouze p\u0159esune popt\u00e1vku po \u201e\u00b4zaru\u010den\u011b dom\u00e1c\u00edch\u00b4 samohonk\u00e1ch zna\u010dky Utrejch.&#8220;<\/p>\n<p>&#8222;Lidi  si na podzim nedaj\u00ed u st\u00e1nku u\u017e ani grog, ani n\u011bkde na hor\u00e1ch,&#8220;  posteskl si Jakl nad projevem st\u00e1tn\u00ed represe. &#8222;Uka\u017e st\u00e1tu probl\u00e9m,  vymysl\u00ed z\u00e1kaz,&#8220; uzav\u0159el svou glosu.<\/p>\n<p><a href=\"http:\/\/www.prvnizpravy.cz\/zpravy\/z-domova\/jakl-kritizuje-prohibici-je-to-blbost\/\" target=\"_blank\">Zdroj<\/a><\/p>\n","protected":false},"excerpt":{"rendered":"<p>Podle prezidentsk\u00e9ho tajemn\u00edka a z\u00e1rove\u0148 kandid\u00e1ta na funkci prezidenta \u010cR Ladislava Jakla je plo\u0161n\u00fd z\u00e1kaz alkoholu &#8222;blbost&#8220;.<\/p>\n","protected":false},"author":1,"featured_media":0,"comment_status":"open","ping_status":"open","sticky":false,"template":"","format":"standard","meta":{"ngg_post_thumbnail":0,"footnotes":""},"categories":[11],"tags":[],"class_list":["post-2629","post","type-post","status-publish","format-standard","hentry","category-ozvena"],"_links":{"self":[{"href":"https:\/\/www.ladislavjakl.cz\/index.php?rest_route=\/wp\/v2\/posts\/2629","targetHints":{"allow":["GET"]}}],"collection":[{"href":"https:\/\/www.ladislavjakl.cz\/index.php?rest_route=\/wp\/v2\/posts"}],"about":[{"href":"https:\/\/www.ladislavjakl.cz\/index.php?rest_route=\/wp\/v2\/types\/post"}],"author":[{"embeddable":true,"href":"https:\/\/www.ladislavjakl.cz\/index.php?rest_route=\/wp\/v2\/users\/1"}],"replies":[{"embeddable":true,"href":"https:\/\/www.ladislavjakl.cz\/index.php?rest_route=%2Fwp%2Fv2%2Fcomments&post=2629"}],"version-history":[{"count":1,"href":"https:\/\/www.ladislavjakl.cz\/index.php?rest_route=\/wp\/v2\/posts\/2629\/revisions"}],"predecessor-version":[{"id":2630,"href":"https:\/\/www.ladislavjakl.cz\/index.php?rest_route=\/wp\/v2\/posts\/2629\/revisions\/2630"}],"wp:attachment":[{"href":"https:\/\/www.ladislavjakl.cz\/index.php?rest_route=%2Fwp%2Fv2%2Fmedia&parent=2629"}],"wp:term":[{"taxonomy":"category","embeddable":true,"href":"https:\/\/www.ladislavjakl.cz\/index.php?rest_route=%2Fwp%2Fv2%2Fcategories&post=2629"},{"taxonomy":"post_tag","embeddable":true,"href":"https:\/\/www.ladislavjakl.cz\/index.php?rest_route=%2Fwp%2Fv2%2Ftags&post=2629"}],"curies":[{"name":"wp","href":"https:\/\/api.w.org\/{rel}","templated":true}]}}