{"id":2640,"date":"2012-09-18T14:46:23","date_gmt":"2012-09-18T12:46:23","guid":{"rendered":"http:\/\/www.ladislavjakl.cz\/?p=2640"},"modified":"2012-09-18T14:46:23","modified_gmt":"2012-09-18T12:46:23","slug":"brzobohateho-vybral-uz-na-jare-brani-klause-jakl","status":"publish","type":"post","link":"https:\/\/www.ladislavjakl.cz\/?p=2640","title":{"rendered":"Brzobohat\u00e9ho vybral u\u017e na ja\u0159e, br\u00e1n\u00ed Klause Jakl"},"content":{"rendered":"<p>Prezident Klaus u\u017e na ja\u0159e pojal \u00famysl vyznamenat herce Radoslava Brzobohat\u00e9ho. Na jeho smrti se tedy nijak \u00b4nep\u0159i\u017eivuje\u00b4 .<\/p>\n<p><!--more--><\/p>\n<p>T\u011bmito slovy  reagoval pro Prvnizpravy.cz prezident\u016fv tajemn\u00edk Ladislav Jakl na  v\u00fd\u010ditku vdovy po zesnul\u00e9m herci, kter\u00e1 se na prezidenta pro jeho z\u00e1m\u011br  vyznamenat Brzobohat\u00e9ho, jak Hrad p\u0159ed n\u011bkolika dny tlumo\u010dil, obo\u0159ila.<\/p>\n<p>&#8222;Prezident  do neju\u017e\u0161\u00edho v\u00fdb\u011bru pro st\u00e1tn\u00ed vyznamen\u00e1n\u00ed za\u0159adil pana Brzobohat\u00e9ho u\u017e  na ja\u0159e. Rozhodn\u011b tedy neplat\u00ed, \u017ee se chce \u00b4p\u0159i\u017eivit\u00b4na jeho smrti, jak  tvrd\u00ed vdova po panu Brzobohat\u00e9m, pan\u00ed Gregorov\u00e1,&#8220; \u0159ekl Jakl. &#8222;Smutek  n\u011bkdy \u010dlov\u011bku vsune do \u00fast slova, kter\u00e1 by pak nejrad\u011bji vzal zp\u011bt,&#8220;  dodal.<\/p>\n<p>Man\u017eelka zesnul\u00e9ho herce Radoslava Brzobohat\u00e9ho Hana  Gregorov\u00e1 se toti\u017e ohradila proti z\u00e1m\u011bru prezidenta republiky  Brzobohat\u00e9ho vyznamenat in memoriam u p\u0159\u00edle\u017eitost\u00ed st\u00e1tn\u00edho sv\u00e1tku 28.  \u0159\u00edjna.<\/p>\n<p>A Gregorov\u00e1 si pr\u00fd rozhodn\u011b nep\u0159eje, aby na p\u00e1te\u010dn\u00ed poh\u0159eb  jej\u00edho man\u017eela p\u0159i\u0161li politici &#8211; s v\u00fdjimkou Jana Fischera, se kter\u00fdm se  rodina p\u0159\u00e1telila.<\/p>\n<p>\u201eLidi ho m\u011bli r\u00e1di a Radek by si to tak p\u0159\u00e1l,  aby se s n\u00edm p\u0159i\u0161li rozlou\u010dit. Ale v \u017e\u00e1dn\u00e9m p\u0159\u00edpad\u011b si tam nep\u0159eju m\u00edt  nikoho z politiky. Pr\u00e1v\u011b jsem sly\u0161ela, \u017ee mu cht\u011bl prezident ud\u011blit  vyznamen\u00e1n\u00ed. A\u0165 si ho ale laskav\u011b str\u010d\u00ed n\u011bkam. N\u011bkolik let Radka lid\u00e9 na  ocen\u011bn\u00ed navrhovali a v\u017edy to bylo smeteno ze stolu, tak\u017ee te\u010f se mu na  to \u010dlov\u011bk m\u016f\u017ee zvysoka vyka\u0161lat,\u201c \u0159ekla Gregorov\u00e1 bulv\u00e1rn\u00edmu serveru  Super.cz.<\/p>\n<p>Brzobohat\u00e9ho poh\u0159eb se uskute\u010dn\u00ed v p\u00e1tek 21. z\u00e1\u0159\u00ed od dvan\u00e1cti hodin ve stra\u0161nick\u00e9m krematoriu.<\/p>\n<p>Zn\u00e1m\u00fd herec zem\u0159el den p\u0159ed sv\u00fdmi osmdes\u00e1t\u00fdmi narozeninami.<\/p>\n<p><a href=\"http:\/\/www.prvnizpravy.cz\/zpravy\/z-domova\/brzobohateho-vybral-uz-na-jare-brani-klause-jakl\/\" target=\"_blank\">Zdroj<\/a><\/p>\n","protected":false},"excerpt":{"rendered":"<p>Prezident Klaus u\u017e na ja\u0159e pojal \u00famysl vyznamenat herce Radoslava Brzobohat\u00e9ho. Na jeho smrti se tedy nijak \u00b4nep\u0159i\u017eivuje\u00b4 .<\/p>\n","protected":false},"author":1,"featured_media":0,"comment_status":"open","ping_status":"open","sticky":false,"template":"","format":"standard","meta":{"ngg_post_thumbnail":0,"footnotes":""},"categories":[11],"tags":[],"class_list":["post-2640","post","type-post","status-publish","format-standard","hentry","category-ozvena"],"_links":{"self":[{"href":"https:\/\/www.ladislavjakl.cz\/index.php?rest_route=\/wp\/v2\/posts\/2640","targetHints":{"allow":["GET"]}}],"collection":[{"href":"https:\/\/www.ladislavjakl.cz\/index.php?rest_route=\/wp\/v2\/posts"}],"about":[{"href":"https:\/\/www.ladislavjakl.cz\/index.php?rest_route=\/wp\/v2\/types\/post"}],"author":[{"embeddable":true,"href":"https:\/\/www.ladislavjakl.cz\/index.php?rest_route=\/wp\/v2\/users\/1"}],"replies":[{"embeddable":true,"href":"https:\/\/www.ladislavjakl.cz\/index.php?rest_route=%2Fwp%2Fv2%2Fcomments&post=2640"}],"version-history":[{"count":2,"href":"https:\/\/www.ladislavjakl.cz\/index.php?rest_route=\/wp\/v2\/posts\/2640\/revisions"}],"predecessor-version":[{"id":2642,"href":"https:\/\/www.ladislavjakl.cz\/index.php?rest_route=\/wp\/v2\/posts\/2640\/revisions\/2642"}],"wp:attachment":[{"href":"https:\/\/www.ladislavjakl.cz\/index.php?rest_route=%2Fwp%2Fv2%2Fmedia&parent=2640"}],"wp:term":[{"taxonomy":"category","embeddable":true,"href":"https:\/\/www.ladislavjakl.cz\/index.php?rest_route=%2Fwp%2Fv2%2Fcategories&post=2640"},{"taxonomy":"post_tag","embeddable":true,"href":"https:\/\/www.ladislavjakl.cz\/index.php?rest_route=%2Fwp%2Fv2%2Ftags&post=2640"}],"curies":[{"name":"wp","href":"https:\/\/api.w.org\/{rel}","templated":true}]}}