{"id":2646,"date":"2012-09-19T09:21:33","date_gmt":"2012-09-19T07:21:33","guid":{"rendered":"http:\/\/www.ladislavjakl.cz\/?p=2646"},"modified":"2012-09-19T09:21:33","modified_gmt":"2012-09-19T07:21:33","slug":"martin-komarek-lepsi-byt-komunistou-nez-pravicakem","status":"publish","type":"post","link":"https:\/\/www.ladislavjakl.cz\/?p=2646","title":{"rendered":"Martin Kom\u00e1rek: Lep\u0161\u00ed b\u00fdt komunistou ne\u017e pravi\u010d\u00e1kem"},"content":{"rendered":"<p>N\u00e1sleduj\u00edc\u00ed text mi p\u0159i\u0161el od kohosi e-mailem. Zaj\u00edmav\u00e9. Od piva si Kom\u00e1rka nepamatuju, to m\u011b u n\u011bj p\u0159ekvapuje. Zato jeho vyzn\u00e1n\u00ed, \u017ee je l\u00edp b\u00fdt komunistou ne\u017e pravi\u010d\u00e1kem, to m\u011b u n\u011bj nep\u0159ekvapuje v\u016fbec:<\/p>\n<p><!--more-->V\u00e1\u017een\u00fd pane M.Kom\u00e1rku, cht\u011bl bych se V\u00e1s zeptat, pro\u010d V\u00e1s pan Jakl naz\u00fdv\u00e1 komunistou (<a href=\"https:\/\/www.ladislavjakl.cz\/?p=2572\" target=\"_blank\">https:\/\/www.ladislavjakl.cz\/?p=2572<\/a>). Je to snad z toho d\u016fvodu, \u017ee jste \u00fadajn\u011b pracoval v Rud\u00e9m pr\u00e1vu je\u0161t\u011b p\u0159ed rokem 90? Nebo nar\u00e1\u017e\u00ed na minulost va\u0161eho otce? Nebo pro\u010d u\u017e\u00edv\u00e1 tento invektiv? N\u011bjak nerozum\u00edm tomu, pro\u010d se do V\u00e1s nav\u00e1\u017e\u00ed t\u00edmto zp\u016fsobem. D\u011bkuji za odpov\u011b\u010f. Zdrav\u00ed D.Prokop<\/p>\n<p>D\u011bkuju,  m\u00e1 to je\u0161t\u011b jeden aspekt. Pod vlivem sv\u00e9ho otce jsem nev\u011b\u0159il, \u017ee je mo\u017eno zm\u011bnit re\u017eim vn\u011b KS\u010c, ale pouze cestou &#8222;p\u011brestrojky&#8220;. Podporoval jsem Gorba\u010dova, kter\u00fd byl mnohem odv\u00e1\u017en\u011bj\u0161\u00ed ne\u017e \u010desk\u00fd re\u017eim. Ani\u017e bych se cht\u011bl obhajovat, nepo\u010d\u00ednal jsem si \u00fapln\u011b zbab\u011ble, za odbojnost jsem byl z novin vyhozen. S L\u00e1\u010fou Jaklem jsem vypil mnoh\u00e1 piva za studi\u00ed, byli jsme p\u0159\u00e1tel\u00e9, dokonce jsem chodil s holkou, kterou opustil :-). byl to dobr\u00fd redaktor Lidov\u00fdch novin. Vedle Klause se bohu\u017eel zbl\u00e1znil a stal se z n\u011bho fanatik. J\u00e1 si po\u0159\u00e1d mysl\u00edm, \u017ee lep\u0161\u00ed je nefanatick\u00fd komunista, ne\u017e pravicov\u00fd fanatik. Ale jsem taky po\u0165ouchl\u00fd a v z\u00edt\u0159ej\u0161\u00edm \u010dl\u00e1nku v MF DNES to Jaklovi mezi \u0159\u00e1dky vrac\u00edm. Moc d\u011bkuju za V\u00e1\u0161 hezk\u00fd mail. M\u011bjte se dob\u0159e,  Martin K.<\/p>\n","protected":false},"excerpt":{"rendered":"<p>N\u00e1sleduj\u00edc\u00ed text mi p\u0159i\u0161el od kohosi e-mailem. Zaj\u00edmav\u00e9. Od piva si Kom\u00e1rka nepamatuju, to m\u011b u n\u011bj p\u0159ekvapuje. Zato jeho vyzn\u00e1n\u00ed, \u017ee je l\u00edp b\u00fdt komunistou ne\u017e pravi\u010d\u00e1kem, to m\u011b u n\u011bj nep\u0159ekvapuje v\u016fbec:<\/p>\n","protected":false},"author":1,"featured_media":0,"comment_status":"open","ping_status":"open","sticky":false,"template":"","format":"standard","meta":{"ngg_post_thumbnail":0,"footnotes":""},"categories":[19],"tags":[],"class_list":["post-2646","post","type-post","status-publish","format-standard","hentry","category-jakl-leaks"],"_links":{"self":[{"href":"https:\/\/www.ladislavjakl.cz\/index.php?rest_route=\/wp\/v2\/posts\/2646","targetHints":{"allow":["GET"]}}],"collection":[{"href":"https:\/\/www.ladislavjakl.cz\/index.php?rest_route=\/wp\/v2\/posts"}],"about":[{"href":"https:\/\/www.ladislavjakl.cz\/index.php?rest_route=\/wp\/v2\/types\/post"}],"author":[{"embeddable":true,"href":"https:\/\/www.ladislavjakl.cz\/index.php?rest_route=\/wp\/v2\/users\/1"}],"replies":[{"embeddable":true,"href":"https:\/\/www.ladislavjakl.cz\/index.php?rest_route=%2Fwp%2Fv2%2Fcomments&post=2646"}],"version-history":[{"count":1,"href":"https:\/\/www.ladislavjakl.cz\/index.php?rest_route=\/wp\/v2\/posts\/2646\/revisions"}],"predecessor-version":[{"id":2647,"href":"https:\/\/www.ladislavjakl.cz\/index.php?rest_route=\/wp\/v2\/posts\/2646\/revisions\/2647"}],"wp:attachment":[{"href":"https:\/\/www.ladislavjakl.cz\/index.php?rest_route=%2Fwp%2Fv2%2Fmedia&parent=2646"}],"wp:term":[{"taxonomy":"category","embeddable":true,"href":"https:\/\/www.ladislavjakl.cz\/index.php?rest_route=%2Fwp%2Fv2%2Fcategories&post=2646"},{"taxonomy":"post_tag","embeddable":true,"href":"https:\/\/www.ladislavjakl.cz\/index.php?rest_route=%2Fwp%2Fv2%2Ftags&post=2646"}],"curies":[{"name":"wp","href":"https:\/\/api.w.org\/{rel}","templated":true}]}}