{"id":2649,"date":"2012-09-20T16:22:12","date_gmt":"2012-09-20T14:22:12","guid":{"rendered":"http:\/\/www.ladislavjakl.cz\/?p=2649"},"modified":"2012-09-20T16:22:12","modified_gmt":"2012-09-20T14:22:12","slug":"ladislav-jakl-pro-casopis-narodni-osvobozeni","status":"publish","type":"post","link":"https:\/\/www.ladislavjakl.cz\/?p=2649","title":{"rendered":"Ladislav Jakl pro \u010dasopis N\u00e1rodn\u00ed osvobozen\u00ed"},"content":{"rendered":"<p><strong>1.\u00a0\u00a0\u00a0\u00a0\u00a0 Pova\u017eujete se, pokud jde o kandidaturu na funkci prezidenta \u010cR, za kompetentn\u00ed osobnost, kter\u00e9 daj\u00ed lid\u00e9 sv\u016fj hlas. Pro\u010d kandidujete na Hrad?<\/strong><\/p>\n<p>Kandiduji, proto\u017ee jsem mezi ostatn\u00edmi aspiranty nena\u0161el nikoho, kdo by reprezentoval hodnoty, kter\u00fdm v\u011b\u0159\u00edm. P\u0159edev\u0161\u00edm pot\u0159ebu ochrany svobody \u010dlov\u011bka p\u0159ed n\u00e1siln\u00fdmi kolektivismy.<\/p>\n<p><!--more--><\/p>\n<p><strong>2.\u00a0\u00a0\u00a0\u00a0\u00a0 O tom, \u017ee na\u0161e spole\u010dnost je nemocn\u00e1, nen\u00ed pochyb. Ji\u017e nejde o tzv. d\u011btsk\u00e9 nemoci, ale o siln\u00e9 recidivy, p\u0159i jejich\u017e \u201el\u00e9\u010db\u011b\u201c nepom\u016f\u017ee po t\u0159iadvaceti letech od listopadu 1989 argument, \u017ee jde o \u201ed\u016fsledky p\u0159edchoz\u00edho \u010dty\u0159icetilet\u00e9ho v\u00fdvoje po roce 1948\u2026\u201c Co chcete jako p\u0159\u00edpadn\u011b zvolen\u00e1 hlava st\u00e1tu pro l\u00e9\u010den\u00ed spole\u010dnosti ud\u011blat?<\/strong><\/p>\n<p>Na\u0161e spole\u010dnost je nemocn\u00e1 asi tis\u00edc let. Kdo ji ozna\u010duje za nemocnou, mus\u00ed z\u00e1rove\u0148 \u0159\u00edci, kdy byla podle n\u011bj zdrav\u00e1 a kdy a \u010d\u00edm onemocn\u011bla. Jinak jde jen o v\u00fdk\u0159ik, kter\u00e9ho se dopou\u0161t\u011bli u\u017e sta\u0159\u00ed \u0158\u00edman\u00e9. Pro \u201el\u00e9\u010den\u00ed spole\u010dnosti\u201c nehodl\u00e1m d\u011blat nic. Boj\u00edm se t\u011bch, co pova\u017euj\u00ed spole\u010dnost za soubor pacient\u016f a sebe za l\u00e9ka\u0159e.<\/p>\n<p><strong>3.\u00a0\u00a0\u00a0\u00a0\u00a0 \u010cten\u00e1\u0159e na\u0161eho periodika s\u00a0osmdes\u00e1tiosmiletou tradic\u00ed, do n\u011bho\u017e p\u0159isp\u00edvaj\u00ed mj. tak\u00e9 TGM a dal\u0161\u00ed v\u00fdznamn\u00e9 osobnosti, zaj\u00edm\u00e1 V\u00e1\u0161 vztah k\u00a0odboji. Jeho obhajoba, stejn\u011b jako obhajoba historick\u00e9 pravdy, je jedn\u00edm z\u00a0d\u016fle\u017eit\u00fdch posl\u00e1n\u00ed \u010cSBS. V\u00a0\u010dem vid\u00edte posl\u00e1n\u00ed odboj\u00e1\u0159\u016f Vy osobn\u011b? Jak jim v\u00a0jejich \u00fasil\u00ed pom\u016f\u017eete?<\/strong><\/p>\n<p>Odboj\u00e1\u0159i by m\u011bli u\u010dit dne\u0161n\u00ed generace nejen nezapom\u00ednat, ale p\u0159edev\u0161\u00edm um\u011bt odhalit dne\u0161n\u00ed rizika pro svobodu. Ta star\u00e1 jsou d\u00e1vno odhalena, ta dne\u0161n\u00ed jako rizika mnohdy na prvn\u00ed pohled nevypadaj\u00ed. Pomoci hodl\u00e1m pom\u00e1hat jako dosud: zd\u016fraz\u0148ov\u00e1n\u00edm sv\u00e9 p\u0159edchoz\u00ed my\u0161lenky.<\/p>\n<p><strong>4.\u00a0\u00a0\u00a0\u00a0\u00a0 \u010cSBS byl, je a v\u017edy bude tvrd\u00fdm odp\u016frcem nejr\u016fzn\u011bj\u0161\u00edch sudeton\u011bmeck\u00fdch sdru\u017een\u00ed a landsman\u0161aft\u016f, reviz\u00ed v\u00fdsledk\u016f druh\u00e9 sv\u011btov\u00e9 v\u00e1lky a snah o zru\u0161en\u00ed dekret\u016f prezidenta republiky v\u00a0duchu z\u00e1sady: Odpustit ano! Zapomenout ne! Jak pom\u016f\u017eete jako p\u0159\u00edpadn\u00e1 hlava st\u00e1tu tento \u00fakol odboj\u00e1\u0159\u016fm napl\u0148ovat?<\/strong><\/p>\n<p>Pokra\u010dov\u00e1n\u00edm v\u00a0\u00fasil\u00ed prezidenta V\u00e1clava Klause nedopustit revizi pov\u00e1le\u010dn\u00e9ho uspo\u0159\u00e1d\u00e1n\u00ed.<\/p>\n<p><strong>5.\u00a0\u00a0\u00a0\u00a0\u00a0 D\u016fsledky na\u0161\u00ed nemocn\u00e9 a zadlu\u017een\u00e9 spole\u010dnosti nesou na sv\u00fdch bedrech zejm\u00e9na rodiny s\u00a0d\u011btmi, v\u00a0\u0159ad\u011b p\u0159\u00edpad\u016f mlad\u00ed lid\u00e9 a star\u0161\u00ed generace, ale mnohdy tak\u00e9 ti, kte\u0159\u00ed bojovali za svobodu na\u0161\u00ed vlasti v\u00a0letech 1938-1945. Z\u00a0du\u0161e nen\u00e1vid\u00ed proklamace politik\u016f a jejich moralizov\u00e1n\u00ed. V\u017edy\u0165 st\u00e1le plat\u00ed r\u010den\u00ed: \u201eSyt\u00fd hladov\u00e9mu nev\u011b\u0159\u00ed\u201c! Co ud\u011bl\u00e1te jako p\u0159\u00edpadn\u00e1 hlava st\u00e1tu pro odboj\u00e1\u0159e a \u00fa\u010dastn\u00edky n\u00e1rodn\u011bosvobozovac\u00edch boj\u016f?<\/strong><\/p>\n<p>Nev\u00edm, co v\u00edc m\u016f\u017ee ud\u011blat hlava st\u00e1tu (a ka\u017ed\u00fd ob\u010dan stejn\u011b tak), ne\u017e si v\u00e1\u017eit jejich odkazu a sna\u017eit se ho aplikovat na dne\u0161n\u00ed dobu.<\/p>\n<p><strong>6.\u00a0\u00a0\u00a0\u00a0\u00a0 V\u00a0kompetenci prezidenta republiky je ka\u017edoro\u010dn\u00ed ud\u011blov\u00e1n\u00ed st\u00e1tn\u00edch vyznamen\u00e1n\u00ed k\u00a028. \u0159\u00edjnu. Podle jak\u00e9ho kl\u00ed\u010de byste osobnosti vyznamen\u00e1val Vy? Dostalo by se z\u00a0Va\u0161ich rukou ocen\u011bn\u00ed nap\u0159. bratr\u016fm Ma\u0161\u00edn\u016fm?<\/strong><\/p>\n<p>Ma\u0161\u00edny bych nevyznamenal. Jednak to sami odm\u00edtali, jednak vyznamen\u00e1n\u00ed nesm\u00ed b\u00fdt prezidentovou hra\u010dkou ale v\u00fdrazem spole\u010densk\u00e9 shody. A kolem Ma\u0161\u00edn\u016f \u017e\u00e1dn\u00e1 shoda nepanuje.\u00a0 Osobn\u011b si netrouf\u00e1m jejich \u010diny soudit, ale tak\u00e9 si je netrouf\u00e1m adorovat. Kl\u00ed\u010d pro ud\u011blov\u00e1n\u00ed vyznamen\u00e1n\u00ed stanovit nelze. Ale asi bych ubral sportovc\u016f a um\u011blc\u016f. A p\u0159idal t\u011bch, kdo \u0161li daleko za sv\u00e9 povinnosti, daleko za vyniknut\u00ed ve sv\u00e9m oboru. Ale jsem u tohoto procesu 10 let a v\u00edm, \u017ee to nen\u00ed snadn\u00e9.<\/p>\n","protected":false},"excerpt":{"rendered":"<p>1.\u00a0\u00a0\u00a0\u00a0\u00a0 Pova\u017eujete se, pokud jde o kandidaturu na funkci prezidenta \u010cR, za kompetentn\u00ed osobnost, kter\u00e9 daj\u00ed lid\u00e9 sv\u016fj hlas. Pro\u010d kandidujete na Hrad? Kandiduji, proto\u017ee jsem mezi ostatn\u00edmi aspiranty nena\u0161el nikoho, kdo by reprezentoval hodnoty, kter\u00fdm v\u011b\u0159\u00edm. P\u0159edev\u0161\u00edm pot\u0159ebu ochrany svobody \u010dlov\u011bka p\u0159ed n\u00e1siln\u00fdmi kolektivismy.<\/p>\n","protected":false},"author":1,"featured_media":0,"comment_status":"open","ping_status":"open","sticky":false,"template":"","format":"standard","meta":{"ngg_post_thumbnail":0,"footnotes":""},"categories":[17,13],"tags":[],"class_list":["post-2649","post","type-post","status-publish","format-standard","hentry","category-jakl-president","category-rozhovory"],"_links":{"self":[{"href":"https:\/\/www.ladislavjakl.cz\/index.php?rest_route=\/wp\/v2\/posts\/2649","targetHints":{"allow":["GET"]}}],"collection":[{"href":"https:\/\/www.ladislavjakl.cz\/index.php?rest_route=\/wp\/v2\/posts"}],"about":[{"href":"https:\/\/www.ladislavjakl.cz\/index.php?rest_route=\/wp\/v2\/types\/post"}],"author":[{"embeddable":true,"href":"https:\/\/www.ladislavjakl.cz\/index.php?rest_route=\/wp\/v2\/users\/1"}],"replies":[{"embeddable":true,"href":"https:\/\/www.ladislavjakl.cz\/index.php?rest_route=%2Fwp%2Fv2%2Fcomments&post=2649"}],"version-history":[{"count":1,"href":"https:\/\/www.ladislavjakl.cz\/index.php?rest_route=\/wp\/v2\/posts\/2649\/revisions"}],"predecessor-version":[{"id":2650,"href":"https:\/\/www.ladislavjakl.cz\/index.php?rest_route=\/wp\/v2\/posts\/2649\/revisions\/2650"}],"wp:attachment":[{"href":"https:\/\/www.ladislavjakl.cz\/index.php?rest_route=%2Fwp%2Fv2%2Fmedia&parent=2649"}],"wp:term":[{"taxonomy":"category","embeddable":true,"href":"https:\/\/www.ladislavjakl.cz\/index.php?rest_route=%2Fwp%2Fv2%2Fcategories&post=2649"},{"taxonomy":"post_tag","embeddable":true,"href":"https:\/\/www.ladislavjakl.cz\/index.php?rest_route=%2Fwp%2Fv2%2Ftags&post=2649"}],"curies":[{"name":"wp","href":"https:\/\/api.w.org\/{rel}","templated":true}]}}