{"id":2651,"date":"2012-09-20T16:23:24","date_gmt":"2012-09-20T14:23:24","guid":{"rendered":"http:\/\/www.ladislavjakl.cz\/?p=2651"},"modified":"2012-11-29T14:31:39","modified_gmt":"2012-11-29T13:31:39","slug":"kandidat-na-prezidenta-bojuje-za-pivare-i-proti-zakazu-panaku-v-hospodach","status":"publish","type":"post","link":"https:\/\/www.ladislavjakl.cz\/?p=2651","title":{"rendered":"Kandid\u00e1t na prezidenta bojuje za piva\u0159e i proti z\u00e1kazu pan\u00e1k\u016f v hospod\u00e1ch"},"content":{"rendered":"<p>Kandid\u00e1t na prezidenta a milovn\u00edk piva Ladislav  Jakl ve sv\u00e9 prezidentsk\u00e9 kampani oslovuje na propaga\u010dn\u00ed fotografii  piva\u0159e, odp\u016frce prohibice a z\u00e1kazu kou\u0159en\u00ed i kritiky vysok\u00e9 spot\u0159ebn\u00ed  dan\u011b.<\/p>\n<p><!--more--><\/p>\n<div>\n<div><img loading=\"lazy\" decoding=\"async\" src=\"http:\/\/cms.parlamentnilisty.cz\/image.ashx?w=632&amp;h=307&amp;f=lj-634836480438029894.jpg&amp;id=7412\" alt=\"\" width=\"394\" height=\"191\" \/><\/p>\n<div><span>Autor:<\/span> red<\/div>\n<div><span>Popisek:<\/span> Kandid\u00e1t na prezidenta Ladislav Jakl<\/div>\n<\/div>\n<\/div>\n<div>19.9.2012 12:09<\/div>\n<p>\u201eChcete mezi kandid\u00e1ty jen ty, co pij\u00ed \u0161ampa\u0148sk\u00e9, ko\u0148ak, cizokrajn\u00e1  v\u00edna nebo k\u00e1vi\u010dku?\u201c pt\u00e1 se na plak\u00e1tu v pivn\u00edm hospodsk\u00e9m z\u00e1ti\u0161\u00ed a v  tri\u010dku jeho obl\u00edben\u00e9 hospody Magistr Kelly sugestivn\u011b Jakl.<\/p>\n<h4>N\u011bkdo, kdo ch\u00e1pe probl\u00e9my hospod<\/h4>\n<p>\u201eNebo n\u011bkoho, kdo rozum\u00ed pivu a bojuje za n\u011bj? N\u011bkoho, kdo ch\u00e1pe  probl\u00e9my hospod a bojuje proti z\u00e1kaz\u016fm kou\u0159en\u00ed a omezov\u00e1n\u00ed otev\u00edrac\u00ed  doby? Kdo bojuje proti spot\u0159ebn\u00ed dani, kv\u016fli kter\u00e9 n\u00e1m zakazuj\u00ed d\u00e1t v si  v hospod\u011b pan\u00e1ka?\u201c prozrazuje \u010d\u00e1st sv\u00e9ho programu.<\/p>\n<p>Jakl pro Parlamentn\u00edListy.cz vysv\u011btlil sv\u016fj odpor k vysok\u00fdm dan\u00edm,  kter\u00fd uvedl na p\u0159\u00edkladu piva. \u201eNejde jenom o DPH, ale jde i o spot\u0159ebn\u00ed  da\u0148, kter\u00e1 se t\u0159eba u v\u00edna neplat\u00ed, zat\u00edmco pro pivo ano, co\u017e nepova\u017euji  za spravedliv\u00e9. Ji\u017e dva roky se spot\u0159ebn\u00ed da\u0148 vypo\u010d\u00edt\u00e1v\u00e1 zp\u016fsobem,  kter\u00fd je pro kvalitn\u00ed piva z mikropivovar\u016f nev\u00fdhodn\u00fd, proto\u017ee se  nepo\u010d\u00edt\u00e1 podle alkoholu a hloubky prokva\u0161en\u00ed, ale podle stup\u0148ovitosti,  podle hutnosti piva, abych to jednodu\u0161e p\u0159elo\u017eil. To je pro ta  zaj\u00edmav\u011bj\u0161\u00ed piva nev\u00fdhodn\u00e9. A ty v\u00fdpo\u010dty se maj\u00ed, jak jsem sly\u0161el, pro  pivo je\u0161t\u011b zhor\u0161it, proto\u017ee se nem\u00e1 vypo\u010d\u00edt\u00e1vat stup\u0148ovitost na po\u010d\u00e1tku  kva\u0161en\u00ed, ale a\u017e na konci, co\u017e hlavn\u011b postihne piva, kter\u00e1 jsou  dokva\u0161ovan\u00e1. \u010cili takov\u00fdmi postupn\u00fdmi kr\u016f\u010dky se pivo d\u00e1le znev\u00fdhod\u0148uje  proti jin\u00fdm n\u00e1poj\u016fm. Nemysl\u00edm, \u017ee to zp\u016fsob\u00ed \u00fat\u011bk k levn\u00fdm piv\u016fm, ale  ur\u010dit\u011b to ohroz\u00ed a u\u017e ohro\u017euje hospody, hlavn\u011b na venkov\u011b, kde hospoda  je centrem spole\u010densk\u00e9ho \u017eivota. Ten trend, \u017ee si lidi rad\u011bji koup\u00ed dom\u016f  lahv\u00e1\u010de, proto\u017ee to je levn\u011bj\u0161\u00ed, pokra\u010duje a dal\u0161\u00ed z\u00e1sahy vl\u00e1dy tento  trend umoc\u0148uj\u00ed a je to \u0161koda,\u201c m\u00edn\u00ed Jakl.<\/p>\n<h4>Vina\u0159sk\u00e1 lobby<\/h4>\n<p>Podle Jakla m\u00e1 spot\u0159ebn\u00ed da\u0148 na pivo, nikoli na v\u00edno, historick\u00fd d\u016fvod a  to, \u017ee je\u0161t\u011b v ned\u00e1vn\u00e9 minulosti byla naprost\u00e1 v\u011bt\u0161ina piva vyr\u00e1b\u011bna v  obrovsk\u00fdch pivovarech, a tak se da\u0148 snadno m\u011b\u0159ila a snadno vyb\u00edrala.<\/p>\n<p>\u201eTo u\u017e dnes d\u00e1vno neplat\u00ed, je zde 130 mikropivovar\u016f a n\u011bkolik des\u00edtek  mal\u00fdch region\u00e1ln\u00edch pivovar\u016f, kter\u00e9 svou velikost\u00ed nep\u0159esahuj\u00ed pr\u016fm\u011brnou  velikost producenta v\u00edna v \u010cesk\u00e9 republice. Dal\u0161\u00ed v\u011bc je, \u017ee existuje  dob\u0159e motivovan\u00e1 a dob\u0159e organizovan\u00e1 lobbistick\u00e1 skupina vina\u0159\u016f,  zat\u00edmco pivovarn\u00edci a piva\u0159i na sob\u011b v\u017edy nechali d\u0159\u00edv\u00ed \u0161t\u00edpat. To  pova\u017euji za velmi nespravedliv\u00e9 a velmi nelogick\u00e9. Proto\u017ee pokud m\u00e1  v\u016fbec existovat spot\u0159ebn\u00ed da\u0148, tak kv\u016fli regulaci spot\u0159eby, \u010dili pak by  bylo logick\u00e9 to zda\u0148ovat a regulovat podle obsahu alkoholu v jednotliv\u00e9m  n\u00e1poji. Je pak nelogick\u00e9, \u017ee se plat\u00ed da\u0148 z lihu u lihovin, da\u0148 z piva,  ale u alkoholu, kter\u00fd je uprost\u0159ed v objemu alkoholu, tedy u v\u00edna, se  da\u0148 neplat\u00ed. Nav\u00edc v\u00edno je mohutn\u011b dotov\u00e1no a podporov\u00e1no. N\u011bkdo bude  nam\u00edtat, \u017ee vina\u0159i plat\u00ed p\u0159\u00edsp\u011bvky do vina\u0159sk\u00e9ho fondu, to ale pova\u017euji  za \u00faplnou zvrhlost. Tady bych se za n\u011b p\u0159imluvil a tak\u00e9 bych to zru\u0161il,\u201c  \u0159ekl Jakl.<\/p>\n<h4>Blb\u00e1 prohibice<\/h4>\n<p>Tajemn\u00edk prezidenta republiky kritizuje i prohibici. \u201eMinist\u0159i  pot\u0159ebovali vyk\u00e1zat n\u011bjakou \u010dinnost, aby se n\u00e1rod uklidnil, \u017ee vl\u00e1da  opravdu bojuje proti otrav\u00e1m. M\u00edsto nalezen\u00ed zdroje a zni\u010den\u00ed z\u00e1sob um\u00ed  jedin\u00e9. Zak\u00e1zat milion\u016fm lid\u00ed pan\u00e1ka na ulici. Plo\u0161n\u00fd z\u00e1kaz rozl\u00e9van\u00e9ho  alkoholu u st\u00e1nk\u016f je blbost,\u201c napsal Jakl.<\/p>\n<p>A vyjmenoval d\u016fvody, pro\u010d je to blbost: Metyl byl i ve zbo\u017e\u00ed z  kamenn\u00fdch obchod\u016f. Jen to p\u0159esune popt\u00e1vku po \u201ezaru\u010den\u011b dom\u00e1c\u00edch\u201c  samohonk\u00e1ch zna\u010dky Utrejch. Lidi si na podzim nedaj\u00ed u st\u00e1nku u\u017e ani  grog, ani n\u011bkde na hor\u00e1ch. \u201eUka\u017e st\u00e1tu probl\u00e9m, vymysl\u00ed z\u00e1kaz,\u201c dodal  Jakl.<\/p>\n<p><a href=\"http:\/\/www.parlamentnilisty.cz\/zpravy\/Kandidat-na-prezidenta-bojuje-za-pivare-i-proti-zakazu-panaku-v-hospodach-246877\" target=\"_blank\">Zdroj<\/a><\/p>\n","protected":false},"excerpt":{"rendered":"<p>Kandid\u00e1t na prezidenta a milovn\u00edk piva Ladislav Jakl ve sv\u00e9 prezidentsk\u00e9 kampani oslovuje na propaga\u010dn\u00ed fotografii piva\u0159e, odp\u016frce prohibice a z\u00e1kazu kou\u0159en\u00ed i kritiky vysok\u00e9 spot\u0159ebn\u00ed dan\u011b.<\/p>\n","protected":false},"author":1,"featured_media":0,"comment_status":"open","ping_status":"open","sticky":false,"template":"","format":"standard","meta":{"ngg_post_thumbnail":0,"footnotes":""},"categories":[17,11],"tags":[],"class_list":["post-2651","post","type-post","status-publish","format-standard","hentry","category-jakl-president","category-ozvena"],"_links":{"self":[{"href":"https:\/\/www.ladislavjakl.cz\/index.php?rest_route=\/wp\/v2\/posts\/2651","targetHints":{"allow":["GET"]}}],"collection":[{"href":"https:\/\/www.ladislavjakl.cz\/index.php?rest_route=\/wp\/v2\/posts"}],"about":[{"href":"https:\/\/www.ladislavjakl.cz\/index.php?rest_route=\/wp\/v2\/types\/post"}],"author":[{"embeddable":true,"href":"https:\/\/www.ladislavjakl.cz\/index.php?rest_route=\/wp\/v2\/users\/1"}],"replies":[{"embeddable":true,"href":"https:\/\/www.ladislavjakl.cz\/index.php?rest_route=%2Fwp%2Fv2%2Fcomments&post=2651"}],"version-history":[{"count":4,"href":"https:\/\/www.ladislavjakl.cz\/index.php?rest_route=\/wp\/v2\/posts\/2651\/revisions"}],"predecessor-version":[{"id":3231,"href":"https:\/\/www.ladislavjakl.cz\/index.php?rest_route=\/wp\/v2\/posts\/2651\/revisions\/3231"}],"wp:attachment":[{"href":"https:\/\/www.ladislavjakl.cz\/index.php?rest_route=%2Fwp%2Fv2%2Fmedia&parent=2651"}],"wp:term":[{"taxonomy":"category","embeddable":true,"href":"https:\/\/www.ladislavjakl.cz\/index.php?rest_route=%2Fwp%2Fv2%2Fcategories&post=2651"},{"taxonomy":"post_tag","embeddable":true,"href":"https:\/\/www.ladislavjakl.cz\/index.php?rest_route=%2Fwp%2Fv2%2Ftags&post=2651"}],"curies":[{"name":"wp","href":"https:\/\/api.w.org\/{rel}","templated":true}]}}