{"id":2654,"date":"2012-09-20T16:26:15","date_gmt":"2012-09-20T14:26:15","guid":{"rendered":"http:\/\/www.ladislavjakl.cz\/?p=2654"},"modified":"2012-09-20T16:26:15","modified_gmt":"2012-09-20T14:26:15","slug":"ladislav-jakl-odpovida-na-dotazy-ctk","status":"publish","type":"post","link":"https:\/\/www.ladislavjakl.cz\/?p=2654","title":{"rendered":"Ladislav Jakl odpov\u00edd\u00e1 na dotazy \u010cTK"},"content":{"rendered":"<p>V\u00e1\u017een\u00fd pane Jakle, znovu se na V\u00e1s obrac\u00edm s dal\u0161\u00ed s\u00e9ri\u00ed ot\u00e1zek, kter\u00e9 pokl\u00e1d\u00e1me kandid\u00e1t\u016fm a mo\u017en\u00fdm kandid\u00e1t\u016fm na prezidenta\/prezidentku republiky ve snaze sezn\u00e1mit ve\u0159ejnost s jejich n\u00e1zory.<\/p>\n<p><!--more--><strong>Jako prezident byste ud\u00edlel v\u00edce nebo m\u00e9n\u011b milost\u00ed ne\u017e dosavadn\u00ed \u010de\u0161t\u00ed prezidenti a, p\u0159\u00edpadn\u011b, co by pro V\u00e1s bylo motivem k ud\u011blen\u00ed milosti ? (Prezident Havel ud\u011blil v letech 1990 a\u017e 2002 celkem 1948 individu\u00e1ln\u00edch milost\u00ed; prezident V\u00e1clav Klaus od roku 2003 doposud 403 milost\u00ed.) <\/strong><\/p>\n<p><strong> <\/strong>Nemohu v\u011bd\u011bt, kolik takov\u00fdch \u017e\u00e1dost\u00ed bude a jak\u00e9ho budou charakteru. Tak\u017ee po\u010det ud\u011blen\u00fdch p\u0159edem odhadnout neum\u00edm. Motivem by byly v z\u00e1sad\u011b okolnosti nesouvisej\u00edc\u00ed s vinou a trestem, ale sp\u00ed\u0161e s lidskou str\u00e1nkou p\u0159\u00edb\u011bhu. Jsem toti\u017e st\u00e1le p\u0159esv\u011bd\u010den, \u017ee milost nem\u00e1 b\u00fdt formou napravov\u00e1n\u00ed justi\u010dn\u00edho procesu ale aktem lidsk\u00e9ho slitov\u00e1n\u00ed.<\/p>\n<p><strong>Vyhl\u00e1sil byste po sv\u00e9m n\u00e1stupu do prezidentsk\u00e9 funkce amnestii a v jak\u00e9m rozsahu? <\/strong><\/p>\n<p>Jsem si jist, \u017ee ani pl\u00e1ny na atomovou bombu nemaj\u00ed b\u00fdt tak d\u016fv\u011brn\u00e9, jako \u00favahy o amnestii. Spekulativn\u00ed \u017evan\u011bn\u00ed o amnestii je nejlep\u0161\u00ed objedn\u00e1vkou v\u011bze\u0148sk\u00fdch vzpour, to je ov\u011b\u0159en\u00e1 pravda v\u0161ude na sv\u011bt\u011b.<\/p>\n<p><strong>Vyu\u017e\u00edval byste prezidentsk\u00e9 veto nov\u00fdch z\u00e1kon\u016f a v jak\u00fdch p\u0159\u00edpadech? <\/strong><\/p>\n<p>Vyu\u017e\u00edval. V p\u0159\u00edpadech, kter\u00e9 by si takov\u00fd \u00fastavn\u00ed krok zaslou\u017eily.<\/p>\n<p><strong>\u010c\u00edm se hodl\u00e1te \u0159\u00eddit p\u0159i ud\u011blov\u00e1n\u00ed st\u00e1tn\u00edch vyznamen\u00e1n\u00ed? <\/strong><\/p>\n<p>Zdrav\u00fdm rozumem a m\u00edrou spole\u010densk\u00e9 shody.<\/p>\n<p><strong>Byl byste ochoten vyznamenat bratry Ma\u0161\u00edny? <\/strong><\/p>\n<p>Ne.<\/p>\n<p><strong>Pova\u017eoval byste za nutn\u00e9 konzultovat sv\u00e9 ve\u0159ejn\u00e9 postoje k Evropsk\u00e9 unii a k zahrani\u010dn\u00ed politice v\u016fbec a sv\u00e9 ofici\u00e1ln\u00ed zahrani\u010dn\u00ed cesty s vl\u00e1dou a sla\u010fovat je s n\u00ed? <\/strong><\/p>\n<p>Jak\u00fdkoli postoj mus\u00ed vznikat na z\u00e1klad\u011b p\u0159em\u00fd\u0161len\u00ed, debat a t\u0159eba i kozultac\u00ed. Hlavn\u011b ale mus\u00ed b\u00fdt op\u0159en o vnit\u0159n\u00ed hodnotov\u00e9 vybaven\u00ed \u010dlov\u011bka. Neum\u00edm si p\u0159edstavit, co m\u016f\u017ee znamenat &#8222;sla\u010fov\u00e1n\u00ed&#8220; postoj\u016f. Ka\u017ed\u00fd \u010dlov\u011bk m\u00e1 sv\u00e9 postoje a ani \u00fastavn\u00ed \u010dinitel na tom nem\u016f\u017ee b\u00fdt jinak. N\u011bco jin\u00e9ho je ale postoj a n\u011bco jin\u00e9ho ofici\u00e1ln\u00ed akt jm\u00e9nem st\u00e1tu. Tam je nutn\u00e1 nejen konzultace, ale i mand\u00e1t. A ten mus\u00ed respektovat ka\u017ed\u00fd. Mand\u00e1t k n\u00e1zor\u016fm a postoj\u016fm m\u016f\u017ee od \u010dlov\u011bka vy\u017eadovat leda diktatura.<\/p>\n<p><strong>Po sn\u011bmovn\u00edch volb\u00e1ch byste automaticky pov\u011b\u0159il sestaven\u00edm vl\u00e1dy v\u00edt\u011bze voleb, nebo byste zva\u017eoval i jinou mo\u017enost? <\/strong><\/p>\n<p>\u010clov\u011bk nikdy nesm\u00ed b\u00fdt automatem ale mysl\u00edc\u00ed bytost\u00ed. Sestaven\u00edm vl\u00e1dy bych pov\u011b\u0159il v\u017edy premi\u00e9ra. A premi\u00e9rem jmenoval toho, kdo by hodnov\u011brn\u011b zaru\u010dil, \u017ee disponuje v\u011bt\u0161inou v Poslaneck\u00e9 sn\u011bmovn\u011b.<\/p>\n<p><strong>Bylo by pro V\u00e1s p\u0159ijateln\u00e9, aby se KS\u010cM pod\u00edlela na vl\u00e1d\u011b? <\/strong><\/p>\n<p>Ne, to by se mi nel\u00edbilo. A nel\u00edbilo se mi to ani na ja\u0159e roku 2006 za premi\u00e9ra Paroubka, kdy takov\u00e9 pod\u00edlen\u00ed bylo skute\u010dnost\u00ed. P\u0159edev\u0161\u00edm v podob\u011b hlasovac\u00ed v\u011bt\u0161iny.<\/p>\n<p><strong>Domn\u00edv\u00e1te se, \u017ee je t\u0159eba n\u011bjak uz\u00e1konit postaven\u00ed man\u017eelky\/man\u017eela, p\u0159\u00edpadn\u011b partnerky\/partnera prezidenta republiky? <\/strong><\/p>\n<p>Ne.<\/p>\n<p>S pozdravem, Julie Stejskalov\u00e1 vedouc\u00ed dom\u00e1c\u00ed redakce \u010cTK<\/p>\n","protected":false},"excerpt":{"rendered":"<p>V\u00e1\u017een\u00fd pane Jakle, znovu se na V\u00e1s obrac\u00edm s dal\u0161\u00ed s\u00e9ri\u00ed ot\u00e1zek, kter\u00e9 pokl\u00e1d\u00e1me kandid\u00e1t\u016fm a mo\u017en\u00fdm kandid\u00e1t\u016fm na prezidenta\/prezidentku republiky ve snaze sezn\u00e1mit ve\u0159ejnost s jejich n\u00e1zory.<\/p>\n","protected":false},"author":1,"featured_media":0,"comment_status":"open","ping_status":"open","sticky":false,"template":"","format":"standard","meta":{"ngg_post_thumbnail":0,"footnotes":""},"categories":[17,13],"tags":[],"class_list":["post-2654","post","type-post","status-publish","format-standard","hentry","category-jakl-president","category-rozhovory"],"_links":{"self":[{"href":"https:\/\/www.ladislavjakl.cz\/index.php?rest_route=\/wp\/v2\/posts\/2654","targetHints":{"allow":["GET"]}}],"collection":[{"href":"https:\/\/www.ladislavjakl.cz\/index.php?rest_route=\/wp\/v2\/posts"}],"about":[{"href":"https:\/\/www.ladislavjakl.cz\/index.php?rest_route=\/wp\/v2\/types\/post"}],"author":[{"embeddable":true,"href":"https:\/\/www.ladislavjakl.cz\/index.php?rest_route=\/wp\/v2\/users\/1"}],"replies":[{"embeddable":true,"href":"https:\/\/www.ladislavjakl.cz\/index.php?rest_route=%2Fwp%2Fv2%2Fcomments&post=2654"}],"version-history":[{"count":1,"href":"https:\/\/www.ladislavjakl.cz\/index.php?rest_route=\/wp\/v2\/posts\/2654\/revisions"}],"predecessor-version":[{"id":2655,"href":"https:\/\/www.ladislavjakl.cz\/index.php?rest_route=\/wp\/v2\/posts\/2654\/revisions\/2655"}],"wp:attachment":[{"href":"https:\/\/www.ladislavjakl.cz\/index.php?rest_route=%2Fwp%2Fv2%2Fmedia&parent=2654"}],"wp:term":[{"taxonomy":"category","embeddable":true,"href":"https:\/\/www.ladislavjakl.cz\/index.php?rest_route=%2Fwp%2Fv2%2Fcategories&post=2654"},{"taxonomy":"post_tag","embeddable":true,"href":"https:\/\/www.ladislavjakl.cz\/index.php?rest_route=%2Fwp%2Fv2%2Ftags&post=2654"}],"curies":[{"name":"wp","href":"https:\/\/api.w.org\/{rel}","templated":true}]}}