{"id":2656,"date":"2012-09-20T16:27:41","date_gmt":"2012-09-20T14:27:41","guid":{"rendered":"http:\/\/www.ladislavjakl.cz\/?p=2656"},"modified":"2012-11-29T14:30:34","modified_gmt":"2012-11-29T13:30:34","slug":"novinar-komarek-se-pry-chlubi-ze-chodil-s-holkou-jakla-z-hradu","status":"publish","type":"post","link":"https:\/\/www.ladislavjakl.cz\/?p=2656","title":{"rendered":"Novin\u00e1\u0159 Kom\u00e1rek se pr\u00fd chlub\u00ed, \u017ee chodil s holkou Jakla z Hradu"},"content":{"rendered":"<p>Koment\u00e1tor MF Dnes Martin Kom\u00e1rek se ve st\u0159ede\u010dn\u00edm  zamy\u0161len\u00ed ost\u0159e pustil do prezidenta republiky V\u00e1clava Klause a jeho  v\u00fdpad\u016fm se nevyhnul ani prezident\u016fv tajemn\u00edk Ladislav Jakl. Ten u\u017e asi  v\u00ed, jak\u00fd d\u016fvod \u010dl\u00e1nek m\u00e1.<\/p>\n<p><!--more--><\/p>\n<div>\n<div><img loading=\"lazy\" decoding=\"async\" src=\"http:\/\/cms.parlamentnilisty.cz\/image.ashx?w=632&amp;h=307&amp;f=IMG_9982.jpg&amp;id=275\" alt=\"\" width=\"425\" height=\"206\" \/><\/p>\n<div><span>Autor:<\/span> Hans \u0160tembera<\/div>\n<div><span>Popisek:<\/span> Ladislav Jakl<\/div>\n<\/div>\n<\/div>\n<div>19.9.2012 15:31<\/div>\n<p>Podle Kom\u00e1rka je do cel\u00e9 z\u00e1le\u017eitosti kolem rebel\u016f protestuj\u00edc\u00edm proti  zvy\u0161ov\u00e1n\u00ed dan\u00ed zapojen prezident Klaus, kter\u00fd si p\u0159eje Ne\u010das\u016fv p\u00e1d.  Mo\u017en\u00fd pr\u00fd i proto, aby zak\u00e1zku na dod\u00e1vku Temel\u00edna dostali Rusov\u00e9.<\/p>\n<p>\u201eDo cel\u00e9 hry je zapojen prezident Klaus. Kdo o tom pochybuje, m\u011bl by  v\u011bnovat pozornost tomu, jak vehementn\u011b to pop\u00edr\u00e1 jeho f\u00e1lumuls Ladislav  Jakl. Dlouho u\u017e plat\u00ed, \u017ee co Jakl pop\u00edr\u00e1, je pravda,\u201c napsal Kom\u00e1rek.<\/p>\n<h4>KOmunista Kom\u00e1rek<\/h4>\n<p>Ladislav Jakl na sv\u00fdch str\u00e1nk\u00e1ch odhaluje mo\u017en\u00e9 motivy Martina Kom\u00e1rka.  Kdosi Jaklovi toti\u017e poslal mail, v n\u011bm\u017e Kom\u00e1rek \u00fadajn\u011b odpov\u00edd\u00e1 panu D.  Prokopovi na to, \u017ee ho Jakl nazval 7. z\u00e1\u0159\u00ed komunistick\u00fdm novin\u00e1\u0159em.<\/p>\n<p>\u201eKomunistick\u00fd novin\u00e1\u0159 Martin Kom\u00e1rek z den\u00edku Mlad\u00e1 fronta je \u0161koln\u00ed  p\u0159\u00edklad agit\u00e1tora. V dne\u0161n\u00edm koment\u00e1\u0159i (MFD, 7. 9.) p\u00ed\u0161e o tom, \u017ee  V\u00e1clav Klaus v\u00e1\u0161niv\u011b podpo\u0159il vzbou\u0159ence v ODS. Co na tom, \u017ee ony  poslance V\u00e1clav Klaus slovem nepodpo\u0159il, nato\u017e s v\u00e1\u0161n\u00ed (koko se nenam\u00e1h\u00e1  s citac\u00ed nebo ud\u00e1n\u00edm zdroje). Co na tom, \u017ee konzistentn\u011b a dlouhodob\u011b  byl Klaus v\u017edy proti zvy\u0161ov\u00e1n\u00ed dan\u00ed a \u017ee i proti tomuto konkr\u00e9tn\u00edmu  zv\u00fd\u0161en\u00ed sazeb DPH vystoupil d\u0159\u00edve ne\u017e tito poslanci. Co na tom, \u017ee ti  poslanci jsou vesm\u011bs nejv\u011bt\u0161\u00edmi kritiky V\u00e1clava Klause v ODS. To je  agit\u00e1torovi Kom\u00e1rkovi jedno. Nepot\u0159ebuje fakta, pot\u0159ebuje sledovat  vyt\u00fd\u010den\u00fd agita\u010dn\u00ed sm\u011br: p\u0159edv\u00e9st prezidenta jako \u0161k\u016fdce. Tenhle novin\u00e1\u0159  je prost\u011b koko. KOmunista Kom\u00e1rek,\u201c reagoval tehdy na Kom\u00e1rka Jakl.<\/p>\n<h4>Lep\u0161\u00ed je nefanatick\u00fd komunista, ne\u017e pravicov\u00fd fanatik<\/h4>\n<p>N\u011bjak\u00fd pan Prokop pak pr\u00fd napsal Kom\u00e1rkovi tento mail: \u201eV\u00e1\u017een\u00fd pane  M.Kom\u00e1rku, cht\u011bl bych se V\u00e1s zeptat, pro\u010d V\u00e1s pan Jakl naz\u00fdv\u00e1  komunistou. Je to snad z toho d\u016fvodu, \u017ee jste \u00fadajn\u011b pracoval v Rud\u00e9m  pr\u00e1vu je\u0161t\u011b p\u0159ed rokem 90? Nebo nar\u00e1\u017e\u00ed na minulost va\u0161eho otce? Nebo  pro\u010d u\u017e\u00edv\u00e1 tento invektiv? N\u011bjak nerozum\u00edm tomu, pro\u010d se do V\u00e1s nav\u00e1\u017e\u00ed  t\u00edmto zp\u016fsobem. D\u011bkuji za odpov\u011b\u010f. Zdrav\u00ed D.Prokop.\u201c<\/p>\n<p>A n\u00e1sleduje \u00fadajn\u00e1 odpov\u011b\u010f Martina Kom\u00e1rka: \u201eD\u011bkuju, m\u00e1 to je\u0161t\u011b jeden  aspekt. Pod vlivem sv\u00e9ho otce jsem nev\u011b\u0159il, \u017ee je mo\u017eno zm\u011bnit re\u017eim vn\u011b  KS\u010c, ale pouze cestou \u201ep\u011brestrojky\u201c. Podporoval jsem Gorba\u010dova, kter\u00fd  byl mnohem odv\u00e1\u017en\u011bj\u0161\u00ed ne\u017e \u010desk\u00fd re\u017eim. Ani\u017e bych se cht\u011bl obhajovat,  nepo\u010d\u00ednal jsem si \u00fapln\u011b zbab\u011ble, za odbojnost jsem byl z novin vyhozen. S  L\u00e1\u010fou Jaklem jsem vypil mnoh\u00e1 piva za studi\u00ed, byli jsme p\u0159\u00e1tel\u00e9,  dokonce jsem chodil s holkou, kterou opustil. Byl to dobr\u00fd redaktor  Lidov\u00fdch novin. Vedle Klause se bohu\u017eel zbl\u00e1znil a stal se z n\u011bho  fanatik. J\u00e1 si po\u0159\u00e1d mysl\u00edm, \u017ee lep\u0161\u00ed je nefanatick\u00fd komunista, ne\u017e  pravicov\u00fd fanatik. Ale jsem taky po\u0165ouchl\u00fd a v z\u00edt\u0159ej\u0161\u00edm \u010dl\u00e1nku v MF  DNES to Jaklovi mezi \u0159\u00e1dky vrac\u00edm. Moc d\u011bkuju za V\u00e1\u0161 hezk\u00fd mail. M\u011bjte  se dob\u0159e, Martin K.\u201c<\/p>\n<p>\u201eZaj\u00edmav\u00e9. Od piva si Kom\u00e1rka nepamatuju, to m\u011b u n\u011bj p\u0159ekvapuje. Zato  jeho vyzn\u00e1n\u00ed, \u017ee je l\u00edp b\u00fdt komunistou ne\u017e pravi\u010d\u00e1kem, to m\u011b u n\u011bj  nep\u0159ekvapuje v\u016fbec,\u201c okomentoval \u00fadajnou korespondenci Jakl.<\/p>\n<p><a href=\"http:\/\/www.parlamentnilisty.cz\/zpravy\/Novinar-Komarek-se-pry-chlubi-ze-chodil-s-holkou-Jakla-z-Hradu-246927\" target=\"_blank\">Zdroj<\/a><\/p>\n","protected":false},"excerpt":{"rendered":"<p>Koment\u00e1tor MF Dnes Martin Kom\u00e1rek se ve st\u0159ede\u010dn\u00edm zamy\u0161len\u00ed ost\u0159e pustil do prezidenta republiky V\u00e1clava Klause a jeho v\u00fdpad\u016fm se nevyhnul ani prezident\u016fv tajemn\u00edk Ladislav Jakl. Ten u\u017e asi v\u00ed, jak\u00fd d\u016fvod \u010dl\u00e1nek m\u00e1.<\/p>\n","protected":false},"author":1,"featured_media":0,"comment_status":"open","ping_status":"open","sticky":false,"template":"","format":"standard","meta":{"ngg_post_thumbnail":0,"footnotes":""},"categories":[11],"tags":[],"class_list":["post-2656","post","type-post","status-publish","format-standard","hentry","category-ozvena"],"_links":{"self":[{"href":"https:\/\/www.ladislavjakl.cz\/index.php?rest_route=\/wp\/v2\/posts\/2656","targetHints":{"allow":["GET"]}}],"collection":[{"href":"https:\/\/www.ladislavjakl.cz\/index.php?rest_route=\/wp\/v2\/posts"}],"about":[{"href":"https:\/\/www.ladislavjakl.cz\/index.php?rest_route=\/wp\/v2\/types\/post"}],"author":[{"embeddable":true,"href":"https:\/\/www.ladislavjakl.cz\/index.php?rest_route=\/wp\/v2\/users\/1"}],"replies":[{"embeddable":true,"href":"https:\/\/www.ladislavjakl.cz\/index.php?rest_route=%2Fwp%2Fv2%2Fcomments&post=2656"}],"version-history":[{"count":2,"href":"https:\/\/www.ladislavjakl.cz\/index.php?rest_route=\/wp\/v2\/posts\/2656\/revisions"}],"predecessor-version":[{"id":3229,"href":"https:\/\/www.ladislavjakl.cz\/index.php?rest_route=\/wp\/v2\/posts\/2656\/revisions\/3229"}],"wp:attachment":[{"href":"https:\/\/www.ladislavjakl.cz\/index.php?rest_route=%2Fwp%2Fv2%2Fmedia&parent=2656"}],"wp:term":[{"taxonomy":"category","embeddable":true,"href":"https:\/\/www.ladislavjakl.cz\/index.php?rest_route=%2Fwp%2Fv2%2Fcategories&post=2656"},{"taxonomy":"post_tag","embeddable":true,"href":"https:\/\/www.ladislavjakl.cz\/index.php?rest_route=%2Fwp%2Fv2%2Ftags&post=2656"}],"curies":[{"name":"wp","href":"https:\/\/api.w.org\/{rel}","templated":true}]}}