{"id":266,"date":"2009-12-23T09:20:09","date_gmt":"2009-12-23T08:20:09","guid":{"rendered":"http:\/\/www.ladislavjakl.cz\/?p=266"},"modified":"2010-02-23T09:35:04","modified_gmt":"2010-02-23T08:35:04","slug":"folimanka-blues","status":"publish","type":"post","link":"https:\/\/www.ladislavjakl.cz\/?p=266","title":{"rendered":"Folimanka Blues"},"content":{"rendered":"<p><strong><img loading=\"lazy\" decoding=\"async\" class=\"ngg-singlepic ngg-left alignleft\" src=\"https:\/\/www.ladislavjakl.cz\/wp-content\/gallery\/perexy\/jakl_folimanka.png\" alt=\"jakl_folimanka\" width=\"250\" height=\"200\" \/>Opravdov\u00e1 kapela va\u0161ich srdc\u00ed.<\/strong><\/p>\n<p><strong>Folimanka Blues<\/strong>, to je odv\u00e1zan\u00fd bigb\u00edtek i po\u0159\u00e1dn\u00e9 drama s kusem historie. Tahle kapela vznikla vlastn\u011b n\u00e1hodou. Nen\u00ed v\u00fdsledkem \u017e\u00e1dn\u00e9ho projektu, pl\u00e1nu nebo rozhodnut\u00ed, prost\u011b se vyklubala z okolnost\u00ed.<\/p>\n<p>V roce 1993 se Ladislav Jakl rozhodl ud\u011blat trochu v\u011bt\u0161\u00ed muzikantskou akci, kde by shrnul na jednu hromadu r\u016fzn\u00e9 sv\u00e9 hudebn\u00ed aktivity. Za bol\u0161evika to ne\u0161lo a t\u011bsn\u011b po n\u011bm ustoupil bigb\u00edt na n\u011bjak\u00fd \u010das d\u011bjin\u00e1m. L. J. cht\u011bl proto v\u0161e posb\u00edrat zp\u00e1tky do kupy a z\u00fa\u010dtovat, d\u00e1t dohromady lidi z r\u016fzn\u00fdch sv\u00fdch muzikantsk\u00fdch \u00fadob\u00ed a r\u016fzn\u00fdch kapel, i kamar\u00e1dy z hospod, a hezky se vyblbnout. Akce se po n\u00e1zvem Rockov\u00fd \u00fa\u010det vyvedla skv\u011ble, ve velk\u00e9m s\u00e1le Dopravn\u00edch podnik\u016f 14. kv\u011btna 1993 zahr\u00e1l L. J. s kapelami Etal a Hokr, sv\u00e9 ske\u010de tam m\u011blo Divadlo v uvozovk\u00e1ch a jako host\u00e9 vystoupili i Vladim\u00edr Mi\u0161\u00edk a Michal Prokop s Etc, Pepa Nos, Karel Babuljak a Vlast\u00edk Matou\u0161ek.<\/p>\n<p><!--more--><\/p>\n<p>Kdy\u017e u\u017e byl tenhle koncert p\u0159ipraven, p\u0159i\u0161el R\u00ed\u0161a K\u0159\u00ed\u017e &#8211; mnohalet\u00fd doprovodn\u00fd kytarista L. J. &#8211; s n\u00e1padem, \u017ee by takov\u00e9 \u00fa\u010dtov\u00e1n\u00ed m\u011blo obsahovat i star\u00e9 hospodsk\u00e9 p\u00edsni\u010dky L. J. z p\u0159elomu 70. a 80. let, vznikl\u00e9 a hran\u00e9 tehdy v\u011bt\u0161inou po hospod\u00e1ch jen tak akusticky na kytary, ob\u010das i v r\u016fzn\u00fdch kapelk\u00e1ch kr\u00e1tk\u00e9ho \u017eivota. P\u00edsni\u010dky, ke kter\u00fdm se L.J. od p\u016flky osmdes\u00e1t\u00fdch let u\u017e moc nehl\u00e1sil. Jen\u017ee pokud m\u011blo b\u00fdt \u00fa\u010dtov\u00e1n\u00ed kompletn\u00ed, n\u00e1pad bylo p\u0159ece nutn\u00e9 prov\u00e9st. R\u00ed\u0161a (v kv\u011btnu roku 2006 ode\u0161el hr\u00e1t v\u011b\u010dn\u00e9 nebesk\u00e9 jam-session) p\u0159ivedl sv\u00e9ho kolegu z jazzov\u00fdch kapel, ost\u0159\u00edlen\u00e9ho pianistu v\u0161ech \u017e\u00e1nr\u016f Robbyho \u010cern\u00e9ho, s L. J. dali p\u00e1r zkou\u0161ek a na onom Rockov\u00e9m \u00fa\u010dtu je\u0161t\u011b jen s hostuj\u00edc\u00edm buben\u00edkem Zde\u0148kem Cimmermanem (p\u016fvodn\u011b z Etalu) spole\u010dn\u011b zahr\u00e1li.<\/p>\n<p>A ono se to l\u00edbilo. No, a kdy\u017e u\u017e si dali tu pr\u00e1ci s nacvi\u010den\u00edm t\u011bch p\u00edsni\u010dek, se\u0161li se je\u0161t\u011b p\u00e1rkr\u00e1t a \u0159ekli si, \u017ee ob\u010das zahrajou i jinde. Zahr\u00e1li jeden koncert\u00edk pod n\u00e1zvem L. J. a \u010cern\u00fd k\u0159\u00ed\u017e a pak p\u0159i\u0161el 28. prosinec 1993 a koncert v Gagu v Pal\u00e1ci Metro. Dramaturg klubu volal a cht\u011bl v\u011bd\u011bt, co p\u0159esn\u011b m\u00e1 napsat na plak\u00e1ty. Bylo zrovna p\u00e1te\u010dn\u00ed r\u00e1no po obvykl\u00e9m \u010dtvrtku v hospod\u011b U Folimanky (dnes zvan\u00e9 Magister Kelley) a L. J. nenapadlo \u0159\u00edct nic jin\u00e9ho ne\u017e: <strong>Folimanka Blues<\/strong>.<\/p>\n<p>Kapela prvn\u00ed t\u0159i roky trochu p\u0159e\u0161lapovala, hr\u00e1la i v poloakustick\u00e9 podob\u011b, u bubn\u016f se mihl Ivo\u0161, za kontrabasem Karel. Pak se za bubny vr\u00e1til Zden\u011bk. V \u010dervnu roku 1996 ode\u0161el inici\u00e1tor vzniku kapely R\u00ed\u0161a a po p\u016flroce krize ho nahradil Honza Chalupsk\u00fd. S n\u00edm p\u0159i\u0161el i bas\u00e1k Jarda Kest\u0159\u00e1nek. Od t\u00e9 doby se kapela rozjela, absolvovala p\u0159es 250 koncert\u016f po asi \u0161edes\u00e1ti m\u00edstech cel\u00e9 republiky, zajela i do N\u011bmecka, Rakouska, Polska a jednou dokonce zalet\u011bla i do New Yorku.<\/p>\n<p>F. B. vydala t\u0159i CD a u\u017eila si spousty kr\u00e1sn\u00fdch a vype\u010den\u00fdch akc\u00ed. Jardu postupn\u011b vyst\u0159\u00eddali Robert Mader, Pepa Botek a nakonec Had\u017ei Hrkal. Ka\u017ed\u00fd z muzikant\u016f p\u0159inesl svou vlastn\u00ed hudebn\u00ed zku\u0161enost i osobitou n\u00e1turu. Kupodivu se to v\u0161echno n\u011bjak sneslo pohromad\u011b a l\u00e9ta fungovalo tu k radosti, tu k vzteku, nikdy ale k nud\u011b. Do reperto\u00e1ru p\u0159ib\u00fdvaly jak star\u00e9 exhumovan\u00e9 p\u00edsni\u010dky, tak i nov\u00e9 v podobn\u00e9m stylu. A pro radost ob\u010das t\u0159eba i Zeppelin, Stones, ZZ a dal\u0161\u00ed klasiky. Kapela m\u011bla v\u017edycky r\u00e1da kol\u00eds\u00e1n\u00ed mezi bigb\u00edtov\u00fdm skota\u010div\u00fdm krav\u00e1lem, kter\u00fd zvedne na nohy ka\u017edou spr\u00e1vnou hospodu, a dramatick\u00fdmi expres\u00edvn\u00edmi siln\u00fdmi bluesy, jak\u00e9 se poslouchaj\u00ed pozorn\u011b i v klubech pro fajn\u0161mekry.<\/p>\n<p>Nejv\u00edc skv\u011bl\u00fdch ve\u010der\u016f si F. B. u\u017eila v Plzni, ve Strakonic\u00edch, v Chebu a v Kutn\u00e9 Ho\u0159e, ale taky v Brn\u011b, \u00dast\u00ed nad Labem, v Ostrav\u011b, ve Ferdinandov\u011b, v Opav\u011b, ve Vrchlab\u00ed a v\u0161udemo\u017en\u011b jinde. Za vzpom\u00ednku stoj\u00ed skv\u011bl\u00e1 soust\u0159ed\u011bn\u00ed ve Svojet\u00edn\u011b a na Povyd\u0159\u00ed. A nebo velk\u00fd mejdan k p\u00e1t\u00e9mu v\u00fdro\u010d\u00ed kapely v \u010cern\u00e9m kon\u00ed\u010dku, kde se t\u00edsnilo p\u011btset fand\u016f a fernet tekl proudem. O to v\u011bt\u0161\u00ed byly des\u00e1t\u00e9 narozeniny v Lucerna Music Baru. I do televize F. B. pronikla a obrazovka ani nepraskla, kdy\u017e vys\u00edlali koncert F. B. z brn\u011bnsk\u00e9 Star\u00e9 pek\u00e1rny.<\/p>\n<p>Na za\u010d\u00e1tku roku 2005 p\u0159i\u0161la velk\u00e1 r\u00e1na. Buben\u00edk Zden\u011bk zem\u0159el na mozkovou mrtvici a kapela se na dlouh\u00e9 m\u011bs\u00edce odml\u010dela. V\u016fbec nebylo jist\u00e9, jestli v sob\u011b najde chu\u0165 a s\u00edlu pokra\u010dovat, nakonec se ale u\u017e s nov\u00fdm buben\u00edkem Karlem Jen\u010d\u00edkem vr\u00e1tila mezi sv\u00e9 fandy. Mezi fandy, kte\u0159\u00ed kapelu v\u011brn\u011b doprov\u00e1zeli po v\u0161ech koutech \u010ceska, a\u0165 u\u017e je kapela svou muzikou a n\u00e1ladou oslovila kdekoli.<\/p>\n<p><strong>Folimanka Blues<\/strong> se zvedla a zase zkou\u0161\u00ed, trm\u00e1c\u00ed se po republice a do sv\u00e9 muziky d\u00e1v\u00e1 v\u0161e, co um\u00ed. Proto\u017ee bigb\u00edt mus\u00ed \u017e\u00edt. A proto\u017ee R\u00ed\u0161a K\u0159\u00ed\u017e a Zden\u011bk Cimmerman ur\u010dit\u011b shora kontrolujou, jestli se ti dole nefl\u00e1kaj\u00ed.<br \/>\nV z\u00e1\u0159\u00ed roku 2009 p\u0159ich\u00e1z\u00ed na post buben\u00edka Pavel Pe\u010denka, mlad\u00fd konzervatorista, av\u0161ak s ji\u017e bohatou prax\u00ed.<\/p>\nngg_shortcode_0_placeholder\n","protected":false},"excerpt":{"rendered":"<p>Opravdov\u00e1 kapela va\u0161ich srdc\u00ed. Folimanka Blues, to je odv\u00e1zan\u00fd bigb\u00edtek i po\u0159\u00e1dn\u00e9 drama s kusem historie. Tahle kapela vznikla vlastn\u011b n\u00e1hodou. Nen\u00ed v\u00fdsledkem \u017e\u00e1dn\u00e9ho projektu, pl\u00e1nu nebo rozhodnut\u00ed, prost\u011b se vyklubala z okolnost\u00ed. V roce 1993 se Ladislav Jakl rozhodl ud\u011blat trochu v\u011bt\u0161\u00ed muzikantskou akci, kde by shrnul na jednu hromadu r\u016fzn\u00e9 sv\u00e9 hudebn\u00ed aktivity. [&hellip;]<\/p>\n","protected":false},"author":1,"featured_media":0,"comment_status":"open","ping_status":"open","sticky":false,"template":"","format":"standard","meta":{"ngg_post_thumbnail":0,"footnotes":""},"categories":[4],"tags":[],"class_list":["post-266","post","type-post","status-publish","format-standard","hentry","category-hudba"],"_links":{"self":[{"href":"https:\/\/www.ladislavjakl.cz\/index.php?rest_route=\/wp\/v2\/posts\/266","targetHints":{"allow":["GET"]}}],"collection":[{"href":"https:\/\/www.ladislavjakl.cz\/index.php?rest_route=\/wp\/v2\/posts"}],"about":[{"href":"https:\/\/www.ladislavjakl.cz\/index.php?rest_route=\/wp\/v2\/types\/post"}],"author":[{"embeddable":true,"href":"https:\/\/www.ladislavjakl.cz\/index.php?rest_route=\/wp\/v2\/users\/1"}],"replies":[{"embeddable":true,"href":"https:\/\/www.ladislavjakl.cz\/index.php?rest_route=%2Fwp%2Fv2%2Fcomments&post=266"}],"version-history":[{"count":8,"href":"https:\/\/www.ladislavjakl.cz\/index.php?rest_route=\/wp\/v2\/posts\/266\/revisions"}],"predecessor-version":[{"id":270,"href":"https:\/\/www.ladislavjakl.cz\/index.php?rest_route=\/wp\/v2\/posts\/266\/revisions\/270"}],"wp:attachment":[{"href":"https:\/\/www.ladislavjakl.cz\/index.php?rest_route=%2Fwp%2Fv2%2Fmedia&parent=266"}],"wp:term":[{"taxonomy":"category","embeddable":true,"href":"https:\/\/www.ladislavjakl.cz\/index.php?rest_route=%2Fwp%2Fv2%2Fcategories&post=266"},{"taxonomy":"post_tag","embeddable":true,"href":"https:\/\/www.ladislavjakl.cz\/index.php?rest_route=%2Fwp%2Fv2%2Ftags&post=266"}],"curies":[{"name":"wp","href":"https:\/\/api.w.org\/{rel}","templated":true}]}}