{"id":2661,"date":"2012-09-24T12:55:46","date_gmt":"2012-09-24T10:55:46","guid":{"rendered":"http:\/\/www.ladislavjakl.cz\/?p=2661"},"modified":"2012-09-24T12:55:46","modified_gmt":"2012-09-24T10:55:46","slug":"machovi-svobodni-chteji-na-hrade-%e2%80%9ehlavniho-nepritele%e2%80%9c-ceskych-medii-jakla-proto-maji-pri-predvolebnich-pruzkumech-smulu","status":"publish","type":"post","link":"https:\/\/www.ladislavjakl.cz\/?p=2661","title":{"rendered":"Machovi Svobodn\u00ed cht\u011bj\u00ed na Hrad\u011b \u201ehlavn\u00edho nep\u0159\u00edtele\u201c \u010desk\u00fdch m\u00e9di\u00ed Jakla. Proto maj\u00ed p\u0159i p\u0159edvolebn\u00edch pr\u016fzkumech sm\u016flu"},"content":{"rendered":"<p>Nen\u00ed to poprv\u00e9 a jist\u011b ani naposledy. V p\u0159edvolebn\u00edch pr\u016fzkumech obvykle nemaj\u00ed Svobodn\u00ed na r\u016f\u017e\u00edch ustl\u00e1no. Naposledy zve\u0159ejnil \u201enejd\u016fv\u011bryhodn\u011bj\u0161\u00ed internetov\u00fd server\u201c idnes.cz v\u00fdsledky agentury CVVM, ve kter\u00fdch SSO nez\u00edskala ani 1%. P\u0159itom je\u0161t\u011b p\u0159ed n\u011bkolika t\u00fddny to vypadalo na 3-4%.<\/p>\n<p><!--more-->Kdo rozhoduje v \u010desk\u00fdch m\u00e9di\u00edch o tom, kter\u00e1 politick\u00e1 strana m\u016f\u017ee b\u00fdt vid\u011bt a kter\u00e1 by naopak m\u011bla b\u00fdt zrak\u016fm a slech\u016fm voli\u010d\u016f utajena? Splnila se snad hrozba nejv\u011bt\u0161\u00edho p\u0159\u00edjemce dotac\u00ed Babi\u0161e, kter\u00fd Machovi p\u0159ed n\u011bkolika m\u011bs\u00edc\u00ed vyhro\u017eoval, \u017ee si v tuzemsk\u00fdch m\u00e9di\u00edch ani ne\u0161krtne?<\/p>\n<p>Nem\u00e1 v\u0161ak valn\u00e9ho smysl se pou\u0161t\u011bt do spikleneck\u00fdch teori\u00ed. Vysv\u011btlen\u00ed bude patrn\u011b velmi jednoduch\u00e9. Svobodn\u00fdm patrn\u011b v o\u010d\u00edch na\u0161ich novin\u00e1\u0159\u016f nejv\u00edce u\u0161kodilo, \u017ee prosazuj\u00ed na Hrad sou\u010dasn\u00e9ho poradce V\u00e1clava Klause Ladislava Jakla.<\/p>\n<p>\u017d\u00e1dn\u00fd Babi\u0161 nen\u00ed pot\u0159eba na to, aby byl Jakl vykreslov\u00e1n \u010desk\u00fdmi presstitutkami jednou jako n\u00e1cek, podruh\u00e9 jako Klaus\u016fv podr\u017eta\u0161ka a pot\u0159et\u00ed jako \u0161\u00edlen\u00fd alkoholik.<\/p>\n<p>Kdy\u017e se u n\u00e1s i na cel\u00e9m sv\u011bt\u011b kdokoli znel\u00edb\u00ed sedm\u00e9 velmici, m\u016f\u017ee to rovnou zabalit. To je i p\u0159\u00edpad Ladislava Jakla. Svobodn\u00ed se bohu\u017eel pro n\u011b i pro tu hrstku z n\u00e1s, kte\u0159\u00ed ne\u010dek\u00e1me od politick\u00fdch stran jen milodary, svezou s n\u00edm.<\/p>\n<p>Vzd\u00e1len\u011b to tak trochu p\u0159ipom\u00edn\u00e1 situaci ve Spojen\u00fdch St\u00e1tech, kde byl pro tam\u011bj\u0161\u00ed m\u00e9dia t\u00e9m\u011b\u0159 tabu prezidentsk\u00fd kandid\u00e1t Ron Paul. Jedin\u00fd skute\u010dn\u00fd obh\u00e1jce svobody jednotlivce a voln\u00e9ho trhu ze v\u0161ech kandid\u00e1t\u016f na \u00fa\u0159ad prezidenta nem\u011bl u p\u0159ev\u00e1\u017en\u011b levicov\u011b orientovan\u00fdch americk\u00fdch m\u00e9di\u00ed \u0161anci.<\/p>\n<p>Jen st\u011b\u017e\u00ed m\u016f\u017eete z\u00edskat oblibu m\u00e9di\u00ed, kdy\u017e kritizujete jejich neobjektivitu, bulv\u00e1rnost, nekompetentnost, nesolidnost a p\u0159edev\u0161\u00edm b\u00e1jivou lhavost. Jen horko t\u011b\u017eko dostanete prostor prezentovat sv\u00e9 n\u00e1zory, pokud ve\u0159ejn\u011b odsuzujete socialistick\u00e9 sm\u011brov\u00e1n\u00ed Evropsk\u00e9 unie, zni\u010duj\u00edc\u00ed d\u016fsledky politick\u00e9 korektnosti, negativn\u00ed \u00fa\u010dinky dotac\u00ed a zhoubn\u00fd vliv multikulturalismu.<\/p>\n<p>M\u00e9dia nestoj\u00ed o konstruktivn\u00ed kritiku, proto\u017ee od nastavov\u00e1n\u00ed zrcadel a tep\u00e1n\u00ed ne\u0161var\u016f jsou tu p\u0159ece ona. Do jejich pr\u00e1ce jim nebude nikdo dal\u0161\u00ed mluvit. To bych tak sch\u00e1zelo, aby si n\u011bjak\u00fd Jakl dnes a denn\u011b troufal s nimi polemizovat, pota\u017emo se pokou\u0161el br\u00e1nit jejich pomluv\u00e1m, dohad\u016fm a ni\u010d\u00edm neopodstatn\u011bn\u00fdm spekulac\u00edm.<\/p>\n<p>\u010cesk\u00e1 m\u00e9dia pot\u0159ebuj\u00ed klid na pr\u00e1ci, dostatek \u017eiv\u00fdch ter\u010d\u016f pro sv\u00e9 dehonestuj\u00edc\u00ed kampan\u011b a stejn\u011b d\u016fv\u011b\u0159iv\u00e9 st\u00e1de\u010dko \u010dten\u00e1\u0159\u016f jako maj\u00ed doposud.<\/p>\n<p>Ve vl\u00e1d\u011b proto zasednou takov\u00e9 politick\u00e9 strany a na Hrad\u011b takov\u00fd prezident, kter\u00fd s nimi bude jedna ruka. Po\u0159\u00e1dek mus\u00ed b\u00fdt.<\/p>\n<p><a href=\"http:\/\/eportal.parlamentnilisty.cz\/Articles\/5144-machovi-svobodni-chteji-na-hrade-hlavniho-nepritele-ceskych-medii-jakla-proto-maji-pri-predvolebnich-pruzkumech-smulu.aspx\" target=\"_blank\">Zdroj<\/a><\/p>\n","protected":false},"excerpt":{"rendered":"<p>Nen\u00ed to poprv\u00e9 a jist\u011b ani naposledy. V p\u0159edvolebn\u00edch pr\u016fzkumech obvykle nemaj\u00ed Svobodn\u00ed na r\u016f\u017e\u00edch ustl\u00e1no. Naposledy zve\u0159ejnil \u201enejd\u016fv\u011bryhodn\u011bj\u0161\u00ed internetov\u00fd server\u201c idnes.cz v\u00fdsledky agentury CVVM, ve kter\u00fdch SSO nez\u00edskala ani 1%. P\u0159itom je\u0161t\u011b p\u0159ed n\u011bkolika t\u00fddny to vypadalo na 3-4%.<\/p>\n","protected":false},"author":1,"featured_media":0,"comment_status":"open","ping_status":"open","sticky":false,"template":"","format":"standard","meta":{"ngg_post_thumbnail":0,"footnotes":""},"categories":[11],"tags":[],"class_list":["post-2661","post","type-post","status-publish","format-standard","hentry","category-ozvena"],"_links":{"self":[{"href":"https:\/\/www.ladislavjakl.cz\/index.php?rest_route=\/wp\/v2\/posts\/2661","targetHints":{"allow":["GET"]}}],"collection":[{"href":"https:\/\/www.ladislavjakl.cz\/index.php?rest_route=\/wp\/v2\/posts"}],"about":[{"href":"https:\/\/www.ladislavjakl.cz\/index.php?rest_route=\/wp\/v2\/types\/post"}],"author":[{"embeddable":true,"href":"https:\/\/www.ladislavjakl.cz\/index.php?rest_route=\/wp\/v2\/users\/1"}],"replies":[{"embeddable":true,"href":"https:\/\/www.ladislavjakl.cz\/index.php?rest_route=%2Fwp%2Fv2%2Fcomments&post=2661"}],"version-history":[{"count":1,"href":"https:\/\/www.ladislavjakl.cz\/index.php?rest_route=\/wp\/v2\/posts\/2661\/revisions"}],"predecessor-version":[{"id":2662,"href":"https:\/\/www.ladislavjakl.cz\/index.php?rest_route=\/wp\/v2\/posts\/2661\/revisions\/2662"}],"wp:attachment":[{"href":"https:\/\/www.ladislavjakl.cz\/index.php?rest_route=%2Fwp%2Fv2%2Fmedia&parent=2661"}],"wp:term":[{"taxonomy":"category","embeddable":true,"href":"https:\/\/www.ladislavjakl.cz\/index.php?rest_route=%2Fwp%2Fv2%2Fcategories&post=2661"},{"taxonomy":"post_tag","embeddable":true,"href":"https:\/\/www.ladislavjakl.cz\/index.php?rest_route=%2Fwp%2Fv2%2Ftags&post=2661"}],"curies":[{"name":"wp","href":"https:\/\/api.w.org\/{rel}","templated":true}]}}