{"id":2670,"date":"2012-09-24T13:04:11","date_gmt":"2012-09-24T11:04:11","guid":{"rendered":"http:\/\/www.ladislavjakl.cz\/?p=2670"},"modified":"2012-09-24T13:04:11","modified_gmt":"2012-09-24T11:04:11","slug":"kdyz-se-nad-tim-clovek-zamysli-tak-vsichni-tri-vlastne-jinymi-slovy-pozaduji-totez","status":"publish","type":"post","link":"https:\/\/www.ladislavjakl.cz\/?p=2670","title":{"rendered":"Kdy\u017e se nad t\u00edm \u010dlov\u011bk zamysl\u00ed, tak v\u0161ichni t\u0159i vlastn\u011b jin\u00fdmi slovy po\u017eaduj\u00ed tot\u00e9\u017e.."},"content":{"rendered":"<p><strong>Franz chce adopce dv\u011bma otci, Dienstbier eutanazii, Bobo\u0161\u00edkov\u00e1 popravy<\/strong><br \/>\nZa necel\u00e9 \u010dty\u0159i m\u011bs\u00edce budou \u010ce\u0161i poprv\u00e9 vyb\u00edrat v p\u0159\u00edm\u00e9  volb\u011b hlavu st\u00e1tu. Jak\u00e9 jsou postoje prezidentsk\u00fdch kandid\u00e1t\u016f ke  zvy\u0161ov\u00e1n\u00ed DPH, trestu smrti \u010di adopc\u00edm d\u011bt\u00ed homosexu\u00e1ly? Tyto a dal\u0161\u00ed  kontroverzn\u00ed ot\u00e1zky jsme polo\u017eili deseti nejv\u00fdznamn\u011bj\u0161\u00edm uchaze\u010d\u016fm o  prezidentsk\u00fd post.<\/p>\n<p><!--more--><br \/>\nOt\u00e1zky jako by si uchaze\u010di o Hrad rozd\u011blili na dv\u011b skupiny: ty aktu\u00e1ln\u00ed, kter\u00e9 politickou sc\u00e9nu polarizuj\u00ed, a ty nad\u010dasov\u00e9, v nich\u017e se t\u00e9m\u011b\u0159 v\u0161ichni shoduj\u00ed.<\/p>\n<p>P\u0159\u00edslu\u0161nost k politick\u00fdm stran\u00e1m, respektive k vl\u00e1dn\u00edmu \u010di opozi\u010dn\u00edmu t\u00e1boru, se jasn\u011b projevila nap\u0159\u00edklad v n\u00e1zoru na c\u00edrkevn\u00ed restituce \u010di zvy\u0161ov\u00e1n\u00ed DPH. Naopak si kandid\u00e1ti notovali v postoji k trestu smrti \u010di eutanazii.<br \/>\nT\u00e9ma restituc\u00ed podpo\u0159il ze z\u00e1stupc\u016f vl\u00e1dn\u00edch stran nap\u0159\u00edklad p\u0159edseda TOP 09 Karel Schwarzenberg. &#8222;My p\u0159ece nerozhodujeme, jestli m\u00e1 n\u011bkdo na n\u011bco n\u00e1rok, ale zda n\u011bco vr\u00e1t\u00edme, nebo si ukraden\u00e9 ponech\u00e1me,&#8220; uvedl.<\/p>\n<p>Ze z\u00e1stupc\u016f opozice byla pro, vzhledem ke stranick\u00e9 p\u0159\u00edslu\u0161nosti pochopiteln\u011b, europoslankyn\u011b Zuzana Roithov\u00e1 (KDU-\u010cSL). &#8222;V sousedn\u00edch zem\u00edch, kde se o majetek c\u00edrkve pe\u010dliv\u011b staraj\u00ed, zaji\u0161\u0165uj\u00ed z v\u00fdnos\u016f rozs\u00e1hl\u00e9 zdravotn\u00ed, soci\u00e1ln\u00ed i kulturn\u00ed \u010dinnosti a obohacuj\u00ed tak celou spole\u010dnost,&#8220; prohl\u00e1sila Roithov\u00e1.<br \/>\nK odp\u016frc\u016fm restituc\u00ed pat\u0159\u00ed Ladislav Jakl nebo Jana Bobo\u0161\u00edkov\u00e1, n\u00e1zorov\u00ed stoupenci prezidenta Klause. A m\u011bk\u010d\u00ed &#8222;ne&#8220; \u0159\u00edkaj\u00ed i dal\u0161\u00ed kandid\u00e1ti.<\/p>\n<p>Podle Ji\u0159\u00edho Dienstbiera (\u010cSSD) nelze za k\u0159ivdy ozna\u010dovat majetkov\u00e9 p\u0159esuny proveden\u00e9 podle z\u00e1kona za prezident\u016f Masaryka a Bene\u0161e. &#8222;O \u010d\u00e1stce p\u0159esahuj\u00edc\u00ed 130 miliard by m\u011bli rozhodovat da\u0148ov\u00ed poplatn\u00edci,&#8220; uvedl zase Milo\u0161 Zeman. O referendu, ani\u017e by \u0159ekl sv\u016fj osobn\u00ed n\u00e1zor, mluv\u00ed Zeman v debat\u00e1ch o restituc\u00edch pravideln\u011b.<\/p>\n<p>Favorit volby Jan Fischer, kter\u00e9mu koment\u00e1to\u0159i vy\u010d\u00edtaj\u00ed nedostatek jasn\u00fdch n\u00e1zor\u016f, jednozna\u010dn\u011b odm\u00edtl zv\u00fd\u0161en\u00ed DPH v podob\u011b ra\u017een\u00e9 nyn\u011bj\u0161\u00ed vl\u00e1dou. &#8222;\u010c\u00edm v\u00edce dan\u00ed, t\u00edm v\u00edce krize,&#8220; uvedl. Rad\u011bji by zlep\u0161oval podm\u00ednky pro podnik\u00e1n\u00ed a sna\u017eil se zamezit korupci ve st\u00e1tn\u00ed spr\u00e1v\u011b.<\/p>\n<p>Zv\u00fd\u0161en\u00ed DPH podporuj\u00ed kandid\u00e1ti z t\u00e1bora vl\u00e1dn\u00edch stran Karel Schwarzenberg i P\u0159emysl Sobotka. Podle toho m\u016f\u017eou dan\u011b b\u00fdt cestou z dluhov\u00e9 pasti. Vcelku pochopiteln\u011b se jejich p\u0159\u00edstup li\u0161il od n\u00e1zoru Klausova tajemn\u00edka Jakla \u010di sen\u00e1tora \u010cSSD Dienstbiera. Druh\u00fd jmenovan\u00fd ozna\u010dil vy\u0161\u0161\u00ed DPH za hol\u00fd nesmysl.<br \/>\nRadik\u00e1ln\u00ed isl\u00e1m ohro\u017euje Evropu, shoduj\u00ed se kandid\u00e1ti na Hrad<\/p>\n<p>Na ot\u00e1zku, zda isl\u00e1m p\u0159edstavuje nebezpe\u010d\u00ed pro Evropu, odpov\u011bd\u011bli jednozna\u010dn\u00e9 ano Milo\u0161 Zeman a Jana Bobo\u0161\u00edkov\u00e1. Z\u016fstali tak v intenc\u00edch sv\u00fdch d\u0159\u00edv\u011bj\u0161\u00edch vyj\u00e1d\u0159en\u00ed (koncentr\u00e1t Zemanov\u00fdch vyj\u00e1d\u0159en\u00ed najdete zde). Ostatn\u00ed kandid\u00e1ti maj\u00ed za nebezpe\u010dn\u00e9 pouze jeho extr\u00e9mn\u00ed formy. &#8222;Nebezpe\u010d\u00ed p\u0159edstavuje extremismus, fanatismus, nesn\u00e1\u0161enlivost a netolerance zneu\u017e\u00edvaj\u00edc\u00ed n\u00e1bo\u017eenstv\u00ed,&#8220; uvedl Fischer.<\/p>\n<p><a href=\"http:\/\/zpravy.idnes.cz\/postoje-prezidentskych-kandidatu-dr9-\/domaci.aspx?c=A120918_152922_domaci_zt\" target=\"_blank\">Zdroj<\/a><\/p>\n<p>Spornou ot\u00e1zkou bylo ud\u011blen\u00ed vyznamen\u00e1n\u00ed pro bratry Ma\u0161\u00edny. Zat\u00edmco v\u011bt\u0161ina kandid\u00e1t\u016f ho odm\u00edt\u00e1, Schwarzenberg by ocen\u011bn\u00ed Ma\u0161\u00edn\u016f jednozna\u010dn\u011b podpo\u0159il. Sobotka bratry Ma\u0161\u00edny pova\u017euje za hrdiny odboje, ocen\u011bn\u00ed by jim v\u0161ak neud\u011blil. &#8222;Vyznamen\u00e1n\u00ed nemaj\u00ed spole\u010dnost d\u011blit, ale spojovat,&#8220; prohl\u00e1sil (v\u00edce \u010dt\u011bte zde).<\/p>\n<p>Jedna z m\u00e1la ot\u00e1zek, ve kter\u00e9 je v\u011bt\u0161ina kandid\u00e1t\u016f zajedno, je p\u0159\u00edstup k trestu smrti. T\u00e9m\u011b\u0159 v\u0161ichni jsou proti jeho zaveden\u00ed. Trest smrti by podpo\u0159ila jen Jana Bobo\u0161\u00edkov\u00e1, jako prezidentka by tak d\u00edky mo\u017enosti ud\u011blit milost byla posledn\u00ed nad\u011bj\u00ed odsouzenc\u016f k absolutn\u00edmu trestu.<\/p>\n<p>V\u011bt\u0161ina osloven\u00fdch kandid\u00e1t\u016f je proti zaveden\u00ed eutanazie. &#8222;M\u00e1m s t\u00edm z\u00e1sadn\u00ed probl\u00e9m s p\u0159ihl\u00e9dnut\u00edm k historii. Zejm\u00e9na s t\u00edm, \u017ee za ur\u010dit\u00fdch okolnost\u00ed m\u016f\u017ee b\u00fdt eutanazie zneu\u017eita,&#8220; uvedl nap\u0159\u00edklad Jan Fischer. Podle P\u0159emysla Sobotky na takov\u00fdto krok nen\u00ed \u010desk\u00e1 spole\u010dnost zat\u00edm p\u0159ipravena. Naproti tomu Ji\u0159\u00ed Dienstbier jako jedin\u00fd eutanazii schvaluje. &#8222;Nemocn\u00fd a trp\u00edc\u00ed \u010dlov\u011bk by m\u011bl m\u00edt pr\u00e1vo na rozhodnut\u00ed a nem\u011bli bychom ho za to p\u0159\u00edk\u0159e soudit,&#8220; uvedl.<\/p>\n<p>Vladim\u00edr Franz nebo Ji\u0159\u00ed Dienstbier by podpo\u0159ili mo\u017enost adopce d\u011bt\u00ed homosexu\u00e1ln\u00edmi p\u00e1ry (v\u00edce \u010dt\u011bte zde). Oponoval jim Karel Schwarzenberg, podle kter\u00e9ho mus\u00ed b\u00fdt prvotn\u00edm z\u00e1jmem d\u00edt\u011b, nikoli uspokojen\u00ed rodi\u010dovsk\u00fdch instinkt\u016f. &#8222;Dva otcov\u00e9 nebo dv\u011b matky druh\u00e9ho rodi\u010de nenahrad\u00ed,&#8220; uvedl.<\/p>\n<p>Stejn\u00fd n\u00e1zor m\u00e1 i Zuzana Roithov\u00e1. &#8222;Pro osobn\u00ed v\u00fdvoj d\u00edt\u011bte pova\u017euji za d\u016fle\u017eit\u00e9, aby pokud mo\u017eno vyr\u016fstalo v p\u0159irozen\u00e9 rovnov\u00e1ze mu\u017esk\u00e9ho a \u017eensk\u00e9ho vzoru,&#8220; prohl\u00e1sila.<\/p>\n","protected":false},"excerpt":{"rendered":"<p>Franz chce adopce dv\u011bma otci, Dienstbier eutanazii, Bobo\u0161\u00edkov\u00e1 popravy Za necel\u00e9 \u010dty\u0159i m\u011bs\u00edce budou \u010ce\u0161i poprv\u00e9 vyb\u00edrat v p\u0159\u00edm\u00e9 volb\u011b hlavu st\u00e1tu. Jak\u00e9 jsou postoje prezidentsk\u00fdch kandid\u00e1t\u016f ke zvy\u0161ov\u00e1n\u00ed DPH, trestu smrti \u010di adopc\u00edm d\u011bt\u00ed homosexu\u00e1ly? Tyto a dal\u0161\u00ed kontroverzn\u00ed ot\u00e1zky jsme polo\u017eili deseti nejv\u00fdznamn\u011bj\u0161\u00edm uchaze\u010d\u016fm o prezidentsk\u00fd post.<\/p>\n","protected":false},"author":1,"featured_media":0,"comment_status":"open","ping_status":"open","sticky":false,"template":"","format":"standard","meta":{"ngg_post_thumbnail":0,"footnotes":""},"categories":[17,11],"tags":[],"class_list":["post-2670","post","type-post","status-publish","format-standard","hentry","category-jakl-president","category-ozvena"],"_links":{"self":[{"href":"https:\/\/www.ladislavjakl.cz\/index.php?rest_route=\/wp\/v2\/posts\/2670","targetHints":{"allow":["GET"]}}],"collection":[{"href":"https:\/\/www.ladislavjakl.cz\/index.php?rest_route=\/wp\/v2\/posts"}],"about":[{"href":"https:\/\/www.ladislavjakl.cz\/index.php?rest_route=\/wp\/v2\/types\/post"}],"author":[{"embeddable":true,"href":"https:\/\/www.ladislavjakl.cz\/index.php?rest_route=\/wp\/v2\/users\/1"}],"replies":[{"embeddable":true,"href":"https:\/\/www.ladislavjakl.cz\/index.php?rest_route=%2Fwp%2Fv2%2Fcomments&post=2670"}],"version-history":[{"count":1,"href":"https:\/\/www.ladislavjakl.cz\/index.php?rest_route=\/wp\/v2\/posts\/2670\/revisions"}],"predecessor-version":[{"id":2671,"href":"https:\/\/www.ladislavjakl.cz\/index.php?rest_route=\/wp\/v2\/posts\/2670\/revisions\/2671"}],"wp:attachment":[{"href":"https:\/\/www.ladislavjakl.cz\/index.php?rest_route=%2Fwp%2Fv2%2Fmedia&parent=2670"}],"wp:term":[{"taxonomy":"category","embeddable":true,"href":"https:\/\/www.ladislavjakl.cz\/index.php?rest_route=%2Fwp%2Fv2%2Fcategories&post=2670"},{"taxonomy":"post_tag","embeddable":true,"href":"https:\/\/www.ladislavjakl.cz\/index.php?rest_route=%2Fwp%2Fv2%2Ftags&post=2670"}],"curies":[{"name":"wp","href":"https:\/\/api.w.org\/{rel}","templated":true}]}}