{"id":2672,"date":"2012-09-24T13:05:59","date_gmt":"2012-09-24T11:05:59","guid":{"rendered":"http:\/\/www.ladislavjakl.cz\/?p=2672"},"modified":"2012-09-24T13:05:59","modified_gmt":"2012-09-24T11:05:59","slug":"prezident-podporil-svym-podpisem-prezidentskou-kandidaturu-jakla","status":"publish","type":"post","link":"https:\/\/www.ladislavjakl.cz\/?p=2672","title":{"rendered":"Prezident podpo\u0159il sv\u00fdm podpisem prezidentskou kandidaturu Jakla"},"content":{"rendered":"<p>Prezident V\u00e1clav Klaus dal sv\u00fdm podpisem na  prezidentskou kandid\u00e1tn\u00ed listinu Ladislava Jakla v ned\u011bli 23. z\u00e1\u0159\u00ed 2012  jasn\u011b najevo, koho by si p\u0159\u00e1l po sv\u00e9m odchodu z funkce jako sv\u00e9ho  n\u00e1stupce. Ladislav Jakl tak z\u00edskal podpis nejcenn\u011bj\u0161\u00ed.<\/p>\n<p><!--more-->Podpis, kter\u00fdm se  nem\u016f\u017ee pochlubit \u017e\u00e1dn\u00fd jin\u00fd kandid\u00e1t. A nen\u00ed divu, \u017ee se osobn\u00ed  tajemn\u00edk pana prezidenta a \u0159editel Politick\u00e9ho odboru jeho kancel\u00e1\u0159e  Ladislav Jakl po p\u0159\u00edpitku na \u00fasp\u011bch sv\u00e9 kandidatury nekolkovanou irskou  whisky Tullamore Dew s \u010dleny strany Svobodn\u00fdch, kte\u0159\u00ed ho navrhuj\u00ed, s  \u00fasm\u011bvem ot\u00e1zal: &#8222;Jsem zv\u011bdav, s jak\u00fdmi podpisy se vytas\u00ed ostatn\u00ed  beznad\u011bjn\u00ed kandid\u00e1ti!&#8220;\u00a0Na dotaz, zda si s panem prezidentem prohod\u00ed po  jeho v\u00edt\u011bzstv\u00ed m\u00edsta, odpov\u011bd\u011bl, \u017ee si jeho podpisu velmi v\u00e1\u017e\u00ed a v  p\u0159\u00edpad\u011b, \u017ee p\u0159i kandidatu\u0159e na prezidenta usp\u011bje, by si p\u0159\u00e1l ho m\u00edt jako  sv\u00e9ho osobn\u00edho extern\u00edho poradce.\u00a0Ka\u017ed\u00fd, kdo zn\u00e1 tyto dva mu\u017ee bl\u00ed\u017e,  v\u00ed, jak\u00e1 v\u00fdhra by to byla pro n\u00e1\u0161 st\u00e1t.\u00a0Aby se ale naplnila, je po\u0159eba  sehnat je\u0161t\u011b k deseti tis\u00edc\u016fm podpis\u016f, kter\u00e9 Svobodn\u00ed ji\u017e sehnali,  dal\u0161\u00edch 40 000. Machovi Svobodn\u00ed proto sb\u00edraj\u00ed podpisy pro Jaklovu  kandidaturu na pades\u00e1ti m\u00edstech v zemi. Pom\u00e1h\u00e1 jim v tom i Sem\u00ednova Akce  D.O.S.T.<\/p>\n<p><a name=\"t2\"><\/a>Podpis jeho \u0161\u00e9fa povzbudil pana Jakla v p\u0159edstav\u011b, \u017ee by mohl opravdu  usp\u011bt. Je\u0161t\u011b p\u0159ed pr\u00e1zdninami toti\u017e p\u0159ijal jako ofici\u00e1ln\u00ed p\u0159\u00edznivec  Svobodn\u00fdch po jejich p\u0159emlouv\u00e1n\u00ed kandidaturu s t\u00edm, \u017ee by jim t\u00edm mohl  pomoci se zviditeln\u011bn\u00edm, proto\u017ee jako prezidentsk\u00fd kandid\u00e1t by m\u011bl n\u00e1rok  na spoty v televizi a rozhlase, plak\u00e1tovac\u00ed plochy, byl by zv\u00e1n do  debat kandid\u00e1t\u016f. \u017de by to zkr\u00e1tka byla mimo\u0159\u00e1dn\u00e1 p\u0159\u00edle\u017eitost sezn\u00e1mit  ve\u0159ejnost s hodnotami svobody jednotlivce a minim\u00e1ln\u00edho st\u00e1tu, ve kter\u00e9  spole\u010dn\u011b se Svobodn\u00fdmi v\u011b\u0159\u00ed, a p\u0159\u00e1l by si \u00fasp\u011bch t\u00e9to strany ve volb\u00e1ch.  Nyn\u00ed za\u010dal br\u00e1t v\u0161e v\u00e1\u017en\u011b i pro svou osobu a sl\u00edbil, \u017ee za\u010dne podpisy  sb\u00edrat i on s\u00e1m.<\/p>\n<p>Na\u0161e revue i jej\u00ed vydavatel Kulturn\u00ed komise \u010cR podporuje Jaklovu  kandidaturu od po\u010d\u00e1tku. A to nejen proto, \u017ee bychom si jako jedni ze  zakl\u00e1daj\u00edc\u00edch \u010dlen\u016f Svobodn\u00fdch p\u0159\u00e1li jejich \u00fasp\u011bch ve volb\u00e1ch, ale  p\u0159edev\u0161\u00edm proto, \u017ee zn\u00e1me Ladislava Jakla ji\u017e od dob podp\u00e1sov\u00e9ho  Sarajevsk\u00e9ho atent\u00e1tu, kdy se postavil jako tehdej\u0161\u00ed redaktor Lidov\u00fdch  novin na stranu V\u00e1clava Klause a od t\u00e9 doby<strong> Jakl nikdy nezm\u011bnil sv\u00e9 postoje.<\/strong> A v\u00edme, \u017ee to tehdy nebylo lehk\u00e9 s ohledem na to, jak \u0161tvavou kampa\u0148 v  t\u00e9 dob\u011b pravdou a l\u00e1skou zmanipulovan\u00e1 m\u00e9dia vedla. Sta\u010dilo, aby  vydavatel na\u0161\u00ed revue Ji\u0159\u00ed Panc\u00ed\u0159 tehdy napsal v \u00favodn\u00edku, snad jako  prvn\u00ed u n\u00e1s, \u017ee Sarajevsk\u00fd atent\u00e1t je <em>&#8222;Fuj!&#8220;<\/em>, nenechali  novin\u00e1\u0159i na n\u00e1s tehdy nitku dobrou. Jakla st\u00e1l podobn\u00fd odsuzuj\u00edc\u00ed \u010dl\u00e1nek  Sarajeva okam\u017eit\u00fd vyhazov z Lidov\u00fdch novin. A proto\u017ee v\u00edme, \u017ee skute\u010dn\u00e1  hodnota \u010dlov\u011bka se projev\u00ed pr\u00e1v\u011b v t\u011b\u017ek\u00fdch dob\u00e1ch, \u017ee pan Jakl nikdy  sv\u00e9 postoje a politick\u00e9 n\u00e1zory nezm\u011bnil a st\u00e1l v\u017edy neoblomn\u011b po boku  profesora Klause, jsme p\u0159esv\u011bd\u010deni, \u017ee by byl z\u00e1rukou pokra\u010dov\u00e1n\u00ed  sou\u010dasn\u00e9 hradn\u00ed politiky. \u017de by pod jeho taktovkou v dob\u011b, kdy u n\u00e1s  skute\u010dn\u00e1 pravicov\u00e1 politika zanikla a krom\u011b Svobodn\u00fdch u\u017e neexistuje  autentick\u00e1 pravicov\u00e1 strana, byl Hrad z\u00e1rukou, \u017ee se kapitalismus se u  n\u00e1s udr\u017e\u00ed.<\/p>\n<p>Nezahazujme proto posledn\u00ed \u0161anci ovlivnit v\u00fdvoj na\u0161eho st\u00e1tu. Chra\u0148me  spolu s Jaklem sv\u00e9 pen\u011b\u017eenky, chra\u0148me svou svobodu, po n\u00ed\u017e n\u00e1m Brusel  jde,\u00a0jak stoj\u00ed na volebn\u00edm let\u00e1ku pana Jakla, kter\u00fd p\u0159eje svobodu nejen  sob\u011b, ale n\u00e1m v\u0161em. Pomozme sv\u00fdm podpisem zvolit kandid\u00e1ta, kter\u00fd bude  Sn\u011bmovn\u011b vracet z\u00e1kony omezuj\u00edc\u00ed svobodu, \u010dlov\u011bka, kter\u00fd nedopust\u00ed dal\u0161\u00ed  p\u0159esouv\u00e1n\u00ed na\u0161ich pen\u011bz do Evropsk\u00e9 unie a kter\u00fd skrze jmenov\u00e1n\u00ed  guvern\u00e9ra a bankovn\u00ed rady \u010cesk\u00e9 n\u00e1rodn\u00ed banky zajist\u00ed pokra\u010dov\u00e1n\u00ed zdrav\u00e9  m\u011bnov\u00e9 politiky. Podpo\u0159me \u010dlov\u011bka, kter\u00fd je proti zvy\u0161ov\u00e1n\u00ed dan\u00ed a tedy  i proti levicov\u00e9 vl\u00e1dn\u00ed p\u0159edstav\u011b o r\u016fstu dan\u00ed, kter\u00e1 ji\u017e ze zem\u011b  vy\u0161tvala 300 velk\u00fdch podnik\u016f a je p\u0159\u00edmo smrt\u00edc\u00ed pro p\u0159\u00edjmy do rozpo\u010dtu  roku 2013. Podpo\u0159me kandid\u00e1ta, kter\u00fd m\u00e1 stejn\u011b jako prezident Klaus  vyhran\u011bn\u011b kritick\u00fd n\u00e1zor na v\u00fdvoj Evropsk\u00e9 unie sm\u011brem k federaci a na  nevl\u00e1dn\u00ed ekologick\u00e9 organizace, kter\u00e9 sv\u00fdmi drah\u00fdmi nesmysly tolik  o\u017eebra\u010duj\u00ed nejen na\u0161i zemi, ale cel\u00fd sv\u011bt. Jen za Kj\u00f3tsk\u00fd protokol,  kter\u00fd m\u011bl podle nich zaru\u010dit, \u017ee nestoupne za sto let teplota Zem\u011b o p\u016fl  stupn\u011b, se vyhodilo p\u0159es 630 trilion\u016f dolar\u016f. Pak nem\u00e1 b\u00fdt glob\u00e1ln\u00ed  ekonomick\u00e1 krize. Ale to je ji\u017e na jin\u00fd \u010dl\u00e1nek. V tomto \u010dl\u00e1nku pouze moc  pros\u00edme v\u0161echny ty, kte\u0159\u00ed p\u0159i pohledu na sou\u010dasnou politiku, kdy pod  taktovkou premi\u00e9ra ze strany ODS se d\u011bj\u00ed v\u011bci, kter\u00e9 by nikdy autentick\u00fd  pravi\u010d\u00e1k nedopustil, jen bezmocn\u011b lom\u00ed rukama, aby nezahazovali  posledn\u00ed \u0161anci, jak ovlivnit v\u00fdvoj na\u0161eho st\u00e1tu.\u00a0Pros\u00edme v\u0161echny, kte\u0159\u00ed  necht\u011bj\u00ed n\u00e1vrat na\u0161\u00ed zem\u011b p\u0159ed listopad 1989, aby podpo\u0159ili sv\u00fdm  podpisem prezidentskou kandidaturu Ladislava Jakla. <strong>Ve dvojici s V\u00e1clavem Klausem by byli opravdovou silou proti n\u00e1vratu totalit\u00e1rn\u00edho socilaismu u n\u00e1s.<\/strong> Pokusme se ka\u017ed\u00fd za sebe nasb\u00edrat co nejv\u00edc podpis\u016f.\u00a0<strong><span style=\"color: #ff0000;\">Osobnost jako Jakl stoj\u00ed za to!<\/span><\/strong><\/p>\n<p><a href=\"http:\/\/haslingerova.blog.idnes.cz\/c\/288775\/Prezident-podporil-svym-podpisem-prezidentskou-kandidaturu-Jakla.html\" target=\"_blank\"><span style=\"color: #ff0000;\"><span style=\"color: #000000;\">Zdroj<\/span><\/span><\/a><strong><span style=\"color: #ff0000;\"><br \/>\n<\/span><\/strong><\/p>\n","protected":false},"excerpt":{"rendered":"<p>Prezident V\u00e1clav Klaus dal sv\u00fdm podpisem na prezidentskou kandid\u00e1tn\u00ed listinu Ladislava Jakla v ned\u011bli 23. z\u00e1\u0159\u00ed 2012 jasn\u011b najevo, koho by si p\u0159\u00e1l po sv\u00e9m odchodu z funkce jako sv\u00e9ho n\u00e1stupce. Ladislav Jakl tak z\u00edskal podpis nejcenn\u011bj\u0161\u00ed.<\/p>\n","protected":false},"author":1,"featured_media":0,"comment_status":"open","ping_status":"open","sticky":false,"template":"","format":"standard","meta":{"ngg_post_thumbnail":0,"footnotes":""},"categories":[17,11],"tags":[],"class_list":["post-2672","post","type-post","status-publish","format-standard","hentry","category-jakl-president","category-ozvena"],"_links":{"self":[{"href":"https:\/\/www.ladislavjakl.cz\/index.php?rest_route=\/wp\/v2\/posts\/2672","targetHints":{"allow":["GET"]}}],"collection":[{"href":"https:\/\/www.ladislavjakl.cz\/index.php?rest_route=\/wp\/v2\/posts"}],"about":[{"href":"https:\/\/www.ladislavjakl.cz\/index.php?rest_route=\/wp\/v2\/types\/post"}],"author":[{"embeddable":true,"href":"https:\/\/www.ladislavjakl.cz\/index.php?rest_route=\/wp\/v2\/users\/1"}],"replies":[{"embeddable":true,"href":"https:\/\/www.ladislavjakl.cz\/index.php?rest_route=%2Fwp%2Fv2%2Fcomments&post=2672"}],"version-history":[{"count":1,"href":"https:\/\/www.ladislavjakl.cz\/index.php?rest_route=\/wp\/v2\/posts\/2672\/revisions"}],"predecessor-version":[{"id":2673,"href":"https:\/\/www.ladislavjakl.cz\/index.php?rest_route=\/wp\/v2\/posts\/2672\/revisions\/2673"}],"wp:attachment":[{"href":"https:\/\/www.ladislavjakl.cz\/index.php?rest_route=%2Fwp%2Fv2%2Fmedia&parent=2672"}],"wp:term":[{"taxonomy":"category","embeddable":true,"href":"https:\/\/www.ladislavjakl.cz\/index.php?rest_route=%2Fwp%2Fv2%2Fcategories&post=2672"},{"taxonomy":"post_tag","embeddable":true,"href":"https:\/\/www.ladislavjakl.cz\/index.php?rest_route=%2Fwp%2Fv2%2Ftags&post=2672"}],"curies":[{"name":"wp","href":"https:\/\/api.w.org\/{rel}","templated":true}]}}