{"id":2674,"date":"2012-09-24T13:08:40","date_gmt":"2012-09-24T11:08:40","guid":{"rendered":"http:\/\/www.ladislavjakl.cz\/?p=2674"},"modified":"2012-09-24T13:14:19","modified_gmt":"2012-09-24T11:14:19","slug":"pivni-info-podporuje-jakla","status":"publish","type":"post","link":"https:\/\/www.ladislavjakl.cz\/?p=2674","title":{"rendered":"Pivn\u00ed info podporuje Jakla"},"content":{"rendered":"<p>S kandid\u00e1ty na prezidenta na\u0161\u00ed vlasti se roztrhl pytel. Nicm\u00e9n\u011b existuje  jeden, kter\u00fd je n\u00e1m jako piva\u0159\u016fm bl\u00ed\u017ee ne\u017e ostatn\u00ed. Dovolte mi podpo\u0159it  kandidaturu pana Ladislava Jakla, nebo\u0165 jak s\u00e1m p\u00ed\u0161e na jedn\u00e9  propaga\u010dn\u00ed fotografii: \u201e<em>Chcete mezi kandid\u00e1ty jen ty, co pij\u00ed \u0161ampa\u0148sk\u00e9, ko\u0148ak, cizokrajn\u00e1 v\u00edna nebo k\u00e1vi\u010dku?<\/em>\u201c<\/p>\n<p><!--more--><\/p>\n<p>&#8222;<em>Nebo n\u011bkoho, kdo rozum\u00ed pivu a bojuje za n\u011bj? N\u011bkoho, kdo ch\u00e1pe  probl\u00e9my hospod a bojuje proti z\u00e1kaz\u016fm kou\u0159en\u00ed a omezov\u00e1n\u00ed otev\u00edrac\u00ed  doby? Kdo bojuje proti spot\u0159ebn\u00ed dani, kv\u016fli kter\u00e9 n\u00e1m zakazuj\u00ed d\u00e1t v si  v hospod\u011b pan\u00e1ka?<\/em>\u201c<\/p>\n<p>Pana Jakla zn\u00e1me na PI p\u0159edev\u0161\u00edm jako  \u010dlena Prvn\u00ed pivn\u00ed extraligy. Jeho l\u00e1ska k zlatav\u00e9mu n\u00e1poji je v\u0161ak  v\u0161eobecn\u011b zn\u00e1m\u00e1 a proto: &#8222;<em>Koukejte podepsat, nebo uvid\u00edte<\/em>&#8220; \ud83d\ude42<\/p>\n<p><img loading=\"lazy\" decoding=\"async\" src=\"https:\/\/www.ladislavjakl.cz\/wp-content\/uploads\/2012\/08\/LJ_megaboard_2012_3.png\" alt=\"Foto\" width=\"349\" height=\"282\" \/><\/p>\n<p>Abyste si mohli ud\u011blat vlastn\u00ed n\u00e1zor na pana Jakla, pod\u00edvejte se na jeho <a title=\"Tento odkaz vede mimo Pivn\u00ed.info a bude otev\u0159en v nov\u00e9m okn\u011b\" href=\"https:\/\/www.ladislavjakl.cz\" target=\"_blank\">ofici\u00e1ln\u00ed str\u00e1nky<\/a> nebo na <a title=\"Tento odkaz vede mimo Pivn\u00ed.info a bude otev\u0159en v nov\u00e9m okn\u011b\" href=\"http:\/\/www.jakl2013.cz\/\" target=\"_blank\">str\u00e1nky jeho kandidatury<\/a>.<\/p>\n<p><a href=\"http:\/\/pivni.info\/blok\/9959-jakl-4-president.html\" target=\"_blank\">Zdroj<\/a><\/p>\n","protected":false},"excerpt":{"rendered":"<p>S kandid\u00e1ty na prezidenta na\u0161\u00ed vlasti se roztrhl pytel. Nicm\u00e9n\u011b existuje jeden, kter\u00fd je n\u00e1m jako piva\u0159\u016fm bl\u00ed\u017ee ne\u017e ostatn\u00ed. Dovolte mi podpo\u0159it kandidaturu pana Ladislava Jakla, nebo\u0165 jak s\u00e1m p\u00ed\u0161e na jedn\u00e9 propaga\u010dn\u00ed fotografii: \u201eChcete mezi kandid\u00e1ty jen ty, co pij\u00ed \u0161ampa\u0148sk\u00e9, ko\u0148ak, cizokrajn\u00e1 v\u00edna nebo k\u00e1vi\u010dku?\u201c<\/p>\n","protected":false},"author":1,"featured_media":0,"comment_status":"open","ping_status":"open","sticky":false,"template":"","format":"standard","meta":{"ngg_post_thumbnail":0,"footnotes":""},"categories":[17,11],"tags":[],"class_list":["post-2674","post","type-post","status-publish","format-standard","hentry","category-jakl-president","category-ozvena"],"_links":{"self":[{"href":"https:\/\/www.ladislavjakl.cz\/index.php?rest_route=\/wp\/v2\/posts\/2674","targetHints":{"allow":["GET"]}}],"collection":[{"href":"https:\/\/www.ladislavjakl.cz\/index.php?rest_route=\/wp\/v2\/posts"}],"about":[{"href":"https:\/\/www.ladislavjakl.cz\/index.php?rest_route=\/wp\/v2\/types\/post"}],"author":[{"embeddable":true,"href":"https:\/\/www.ladislavjakl.cz\/index.php?rest_route=\/wp\/v2\/users\/1"}],"replies":[{"embeddable":true,"href":"https:\/\/www.ladislavjakl.cz\/index.php?rest_route=%2Fwp%2Fv2%2Fcomments&post=2674"}],"version-history":[{"count":2,"href":"https:\/\/www.ladislavjakl.cz\/index.php?rest_route=\/wp\/v2\/posts\/2674\/revisions"}],"predecessor-version":[{"id":2679,"href":"https:\/\/www.ladislavjakl.cz\/index.php?rest_route=\/wp\/v2\/posts\/2674\/revisions\/2679"}],"wp:attachment":[{"href":"https:\/\/www.ladislavjakl.cz\/index.php?rest_route=%2Fwp%2Fv2%2Fmedia&parent=2674"}],"wp:term":[{"taxonomy":"category","embeddable":true,"href":"https:\/\/www.ladislavjakl.cz\/index.php?rest_route=%2Fwp%2Fv2%2Fcategories&post=2674"},{"taxonomy":"post_tag","embeddable":true,"href":"https:\/\/www.ladislavjakl.cz\/index.php?rest_route=%2Fwp%2Fv2%2Ftags&post=2674"}],"curies":[{"name":"wp","href":"https:\/\/api.w.org\/{rel}","templated":true}]}}