{"id":2683,"date":"2012-09-26T10:53:05","date_gmt":"2012-09-26T08:53:05","guid":{"rendered":"http:\/\/www.ladislavjakl.cz\/?p=2683"},"modified":"2012-09-26T10:53:05","modified_gmt":"2012-09-26T08:53:05","slug":"rozhovor-ladislava-jakla-pro-internetovy-magazin-viposobnosti-eu","status":"publish","type":"post","link":"https:\/\/www.ladislavjakl.cz\/?p=2683","title":{"rendered":"Rozhovor Ladislava Jakla pro internetov\u00fd magaz\u00edn Viposobnosti.eu"},"content":{"rendered":"<p><strong> &#8211; Pro\u010d jste se rozhodl, resp. jak\u00e1 je va\u0161e motivace pro kandidaturu na prezidenta? <\/strong><\/p>\n<p>Proto\u017ee z dosavadn\u00ed medi\u00e1ln\u011b favorizovan\u00e9 kolekce uchaze\u010d\u016f bych nem\u011bl koho volit. A tedy ani lid\u00e9, kte\u0159\u00ed se d\u00edvaj\u00ed na sv\u011bt podobn\u011b jako j\u00e1. Mezi uchaze\u010di nen\u00ed nikdo jin\u00fd, kdo by m\u011bl ochranu svobody jednotlivce jako svou \u017eivotn\u00ed prioritu. Jsou to sam\u00ed slibova\u010di dobra vnucovan\u00e9ho lidem za jejich vlastn\u00ed pen\u00edze.<\/p>\n<p><!--more--><strong>&#8211; Vy m\u00e1te velk\u00e9 zku\u0161enosti jako tajemn\u00edk VK, ale tak\u00e9 vlastn\u00ed n\u00e1zor,  jak\u00fdm sm\u011brem byste ho cht\u011bl politicky a ekonomicky vyu\u017e\u00edt? <\/strong><\/p>\n<p><strong> <\/strong>V sou\u010dasn\u00e9 dob\u011b je ve st\u00e1tn\u00ed ma\u0161in\u00e9rii m\u00e1lokdo, kdo by m\u011bl odvahu \u010delit trval\u00fdm snah\u00e1m o omezov\u00e1n\u00ed svobody, o st\u00e1le dal\u0161\u00ed a dal\u0161\u00ed z\u00e1kazy, p\u0159\u00edkazy a regulace \u00fadajn\u011b ve ve\u0159ejn\u00e9m z\u00e1jmu. V z\u00e1jmu lid\u00ed ale je, aby ve veden\u00ed st\u00e1tu byl n\u011bkdo, kdo to t\u011bm ostatn\u00edm trochu zt\u00ed\u017e\u00ed.<\/p>\n<p><strong>-Jak\u00fdmi lidmi byste se cht\u011bl obklopit? <\/strong><\/p>\n<p><strong> <\/strong>D\u016fv\u011bryhodn\u00fdmi a kvalifikovan\u00fdmi.<\/p>\n<p><strong>&#8211; S k\u00fdm byste se asi nejv\u00edce radil? <\/strong><\/p>\n<p><strong> <\/strong>Jak v \u010dem. V politick\u00fdch se nerad\u00edm s nik\u00fdm. V person\u00e1ln\u00edch v\u011b\u0159\u00edm \u017een\u00e1m a v odborn\u00fdch bych se obracel na p\u0159\u00edslu\u0161n\u00e9 experty.<\/p>\n<p><strong>&#8211; Jak vn\u00edm\u00e1te sou\u010dasnou politickou situaci, resp. jak by se dala podle v\u00e1s \u0159e\u0161it? Nechat tuto situaci proj\u00edt katarz\u00ed a za\u010d\u00edt tzv. na \u010dist\u00e9m stole, nebo je tu je\u0161t\u011b prostor pro z\u00e1chranu? <\/strong><\/p>\n<p><strong> <\/strong>Nepodl\u00e9hejme n\u00e1lad\u00e1m, \u017ee sou\u010dasn\u00e1 doba je n\u011bjak na spadnut\u00ed. Co by m\u011blo spadnout? Jsme na tom velmi podobn\u011b, jako v\u0161echny ostatn\u00ed evropsk\u00e9 st\u00e1ty. M\u00e1me s nimi stejn\u00fd \u00fakol: \u010delit trval\u00e9mu \u00fabytku svobod a rostouc\u00ed moci nevolen\u00fdch nadn\u00e1rodn\u00edch instituc\u00ed.<\/p>\n<p><strong>&#8211; Jak byste si, jako b\u00fdval\u00fd \u017eurnalista poradil s m\u00e9dii? <\/strong><\/p>\n<p><strong> <\/strong>Jako dosud. Ned\u00e1v\u00e1m manipul\u00e1tor\u016fm moc \u0161anc\u00ed.<\/p>\n<p><strong>-Nevadilo by v\u00e1m, \u017ee se k v\u00e1m nedostanou v\u0161echny pot\u0159ebn\u00e9 info, proto\u017ee ka\u017ed\u00fd, kdo s v\u00e1mi pracuje m\u00e1 i na sv\u00e9 pozici sv\u00e9 osobn\u00ed z\u00e1jmy, co\u017e je t.\u010d.probl\u00e9m nap\u0159. J.Fischera?<\/strong><\/p>\n<p><strong> <\/strong>Nemysl\u00edm, \u017ee mi n\u011bco takov\u00e9ho hroz\u00ed.<\/p>\n<p><strong>-\u010c\u00edm se chcete od nejv\u00fdrazn\u011bj\u0161\u00edch kandid\u00e1t\u016f JF a MZ odli\u0161it?<\/strong><\/p>\n<p><strong> <\/strong>T\u00edm, \u017ee budu Ladislavem Jaklem.<\/p>\n<p><strong>-Mysl\u00edte si, \u017ee prezidenovy pravomoce jsou natolik siln\u00e9, \u017ee mohou ovlivnit politick\u00e9 d\u011bn\u00ed \/alespo\u0148 navenek\/?<\/strong><\/p>\n<p><strong> <\/strong>Jsou mnohem siln\u011bj\u0161\u00ed, ne\u017e si lid\u00e9 mysl\u00ed. A p\u0159\u00edmo volen\u00fd prezident je bude vyu\u017e\u00edvat mnohem v\u00edc, ne\u017e dosud bylo zvykem.<\/p>\n<p><strong>&#8211; Co byste cht\u011bl zm\u011bnit ve spole\u010dnosti jako prvn\u00ed? <\/strong><\/p>\n<p><strong> <\/strong>Nem\u00e1m r\u00e1d velk\u00e1 slova o m\u011bn\u011bn\u00ed spole\u010dnosti. V\u017edy jsem se sp\u00ed\u0161 sna\u017eil, aby spole\u010dnost nezm\u011bnila mne.<\/p>\n<p><strong>-Co byste r\u00e1d podporoval \/kulturu, sport&#8230;..\/?<\/strong><\/p>\n<p><strong> <\/strong>Pokud se rozhodnete cokoli podporovat, mus\u00edte v\u011bd\u011bt, \u017ee ka\u017ed\u00e1 podopora jednoho je v\u017edy na \u00fakor n\u011bkoho jin\u00e9ho. Proto budu podporovat jen svobodu v\u0161ech.<\/p>\n<p><strong>-Prezident je i o spole\u010densk\u00e9m vystupov\u00e1n\u00ed, etiket\u011b, jak vn\u00edm\u00e1te tuto sou\u010d\u00e1st fce? <\/strong><\/p>\n<p><strong> <\/strong>Jako sou\u010d\u00e1st role.<\/p>\n<p><strong>&#8211; Pokud byste nevyhr\u00e1l, cht\u011bl byste m\u00edt st\u00e1le je\u0161t\u011b mal\u00fd pivovar? <\/strong><\/p>\n<p><strong> <\/strong>Ten budu m\u00edt v obou p\u0159\u00edpadech.<\/p>\n<p>Alena H\u00e1jkov\u00e1 <a href=\"http:\/\/www.viposobnosti.eu\" target=\"_blank\">www.viposobnosti.eu<\/a><\/p>\n","protected":false},"excerpt":{"rendered":"<p>&#8211; Pro\u010d jste se rozhodl, resp. jak\u00e1 je va\u0161e motivace pro kandidaturu na prezidenta? Proto\u017ee z dosavadn\u00ed medi\u00e1ln\u011b favorizovan\u00e9 kolekce uchaze\u010d\u016f bych nem\u011bl koho volit. A tedy ani lid\u00e9, kte\u0159\u00ed se d\u00edvaj\u00ed na sv\u011bt podobn\u011b jako j\u00e1. Mezi uchaze\u010di nen\u00ed nikdo jin\u00fd, kdo by m\u011bl ochranu svobody jednotlivce jako svou \u017eivotn\u00ed prioritu. Jsou to sam\u00ed [&hellip;]<\/p>\n","protected":false},"author":1,"featured_media":0,"comment_status":"open","ping_status":"open","sticky":false,"template":"","format":"standard","meta":{"ngg_post_thumbnail":0,"footnotes":""},"categories":[17,13],"tags":[],"class_list":["post-2683","post","type-post","status-publish","format-standard","hentry","category-jakl-president","category-rozhovory"],"_links":{"self":[{"href":"https:\/\/www.ladislavjakl.cz\/index.php?rest_route=\/wp\/v2\/posts\/2683","targetHints":{"allow":["GET"]}}],"collection":[{"href":"https:\/\/www.ladislavjakl.cz\/index.php?rest_route=\/wp\/v2\/posts"}],"about":[{"href":"https:\/\/www.ladislavjakl.cz\/index.php?rest_route=\/wp\/v2\/types\/post"}],"author":[{"embeddable":true,"href":"https:\/\/www.ladislavjakl.cz\/index.php?rest_route=\/wp\/v2\/users\/1"}],"replies":[{"embeddable":true,"href":"https:\/\/www.ladislavjakl.cz\/index.php?rest_route=%2Fwp%2Fv2%2Fcomments&post=2683"}],"version-history":[{"count":1,"href":"https:\/\/www.ladislavjakl.cz\/index.php?rest_route=\/wp\/v2\/posts\/2683\/revisions"}],"predecessor-version":[{"id":2684,"href":"https:\/\/www.ladislavjakl.cz\/index.php?rest_route=\/wp\/v2\/posts\/2683\/revisions\/2684"}],"wp:attachment":[{"href":"https:\/\/www.ladislavjakl.cz\/index.php?rest_route=%2Fwp%2Fv2%2Fmedia&parent=2683"}],"wp:term":[{"taxonomy":"category","embeddable":true,"href":"https:\/\/www.ladislavjakl.cz\/index.php?rest_route=%2Fwp%2Fv2%2Fcategories&post=2683"},{"taxonomy":"post_tag","embeddable":true,"href":"https:\/\/www.ladislavjakl.cz\/index.php?rest_route=%2Fwp%2Fv2%2Ftags&post=2683"}],"curies":[{"name":"wp","href":"https:\/\/api.w.org\/{rel}","templated":true}]}}