{"id":2685,"date":"2012-09-26T10:54:46","date_gmt":"2012-09-26T08:54:46","guid":{"rendered":"http:\/\/www.ladislavjakl.cz\/?p=2685"},"modified":"2012-09-26T10:54:46","modified_gmt":"2012-09-26T08:54:46","slug":"ladislav-jakl-odpovida-na-dotazy-z-facebooku-2","status":"publish","type":"post","link":"https:\/\/www.ladislavjakl.cz\/?p=2685","title":{"rendered":"Ladislav Jakl odpov\u00edd\u00e1 na dotazy z Facebooku"},"content":{"rendered":"<p><strong>Honza Mr\u00e1z: Jsem r\u00e1d, \u017ee kone\u010dn\u011b vznikl n\u011bjak\u00fd p\u0159ehledov\u00fd materi\u00e1l, v r\u00e1mci kter\u00e9ho se mohli prezident\u0161t\u00ed kandid\u00e1ti n\u00e1zorov\u011b vymezit. P\u0159ekvapuje m\u011b ale, pro\u010d Ladislav Jakl coby prezidentsk\u00fd kandid\u00e1t libertari\u00e1nsk\u00e9 strany odm\u00edt\u00e1 1. legalizaci marihuany (eliminovala by p\u0159ece \u010d\u00e1st p\u0159\u00edjm\u016f podsv\u011bt\u00ed)<\/strong><\/p>\n<p><!--more-->Neeliminovala by nic. Lze toti\u017e p\u0159edpokl\u00e1dat, \u017ee by se na ni vztahovala extr\u00e9mn\u00ed sazba spot\u0159ebn\u00ed dan\u011b (jinak by vytla\u010dila tab\u00e1k) a d\u016fvod pro \u010dern\u00fd trh by jen zes\u00edlil.<\/p>\n<p><strong>2. eutanazii (tedy je ot\u00e1zkou, zda je odm\u00edt\u00e1no obecn\u011b usmrcen\u00ed z milosti &#8211; s t\u00edm bych souhlasil pro jeho potenci\u00e1ln\u00ed zneu\u017eitelnost -, nebo i specificky asistovan\u00e1 sebevra\u017eda, na kterou by m\u011bl m\u00edt svobodn\u00fd \u010dlov\u011bk p\u0159ece pr\u00e1vo, nem\u00e1-li ned\u016fstojn\u011b ukon\u010dovat \u017eivot pod koly vlaku nebo prost\u0159elen\u00edm hlavy).<\/strong><\/p>\n<p><strong> <\/strong>Kdo je pro euthanasii, mus\u00ed nejd\u0159\u00edv protestovat proti bari\u00e9r\u00e1m na Nuselsk\u00e9m most\u011b. Naopak by m\u011bl po\u017eadovat, aby na jednom m\u00edst\u011b byly odstran\u011bny, cestu k tomu m\u00edstu by m\u011bli usnadn\u011bnu i voz\u00ed\u010dk\u00e1\u0159i \u010di slepci a dole by pro jistotu \u010dekala \u0159ada ocelov\u00fdch hrot\u016f. Pro\u010d br\u00e1nit sebevrah\u016fm v jejich rozhodnut\u00ed? Oni p\u0159ece tak\u00e9 trp\u00ed a cht\u011bj\u00ed jen utrpen\u00ed ukon\u010dit. Proto\u017ee takov\u00e9 rozhodnut\u00ed z bolesti je projevem du\u0161evn\u00ed indispozice. \u010clov\u011bk nem\u016f\u017ee o euthanasii rozhodnout p\u0159edem, proto\u017ee si neum\u00ed p\u0159edstavit situaci, kdy nebude moci komunikovat s okol\u00edm, ale zoufale se mu bude cht\u00edt \u017e\u00edt. A nem\u016f\u017ee o n\u00ed rozhodnout ani ve chv\u00edli utrpen\u00ed, proto\u017ee to je ve stejn\u00e9 situaci du\u0161evn\u00ed indispozice, jako sebevrah z jin\u00fdch d\u016fvod\u016f. Ne, sebevrahy bych nepoh\u0159b\u00edval potupn\u011b za zd\u00ed h\u0159bitova, sebevra\u017eda je ohromn\u00e9 ne\u0161t\u011bst\u00ed. Ale st\u00e1t u n\u00ed nesm\u00ed asistovat. Euthanasie je zab\u00edjen\u00ed. Nikdo nem\u00e1 pr\u00e1vo rozhodnout o momentu, kdy \u017eivot u\u017e nen\u00ed hodnotou. Zdrav\u00ed nesm\u00ed a nemocn\u00fd neum\u00ed.<\/p>\n<p><strong>Bo\u017esk\u00fd Lum\u00edr: Chyb\u00ed Ti 40000 podpis\u016f tak se nekasej&#8230; <\/strong><\/p>\n<p><strong> <\/strong>Nene, u\u017e jen 39 999. Ale i tak se nekas\u00e1m, to by m\u011b ani nenapadlo.<\/p>\n","protected":false},"excerpt":{"rendered":"<p>Honza Mr\u00e1z: Jsem r\u00e1d, \u017ee kone\u010dn\u011b vznikl n\u011bjak\u00fd p\u0159ehledov\u00fd materi\u00e1l, v r\u00e1mci kter\u00e9ho se mohli prezident\u0161t\u00ed kandid\u00e1ti n\u00e1zorov\u011b vymezit. P\u0159ekvapuje m\u011b ale, pro\u010d Ladislav Jakl coby prezidentsk\u00fd kandid\u00e1t libertari\u00e1nsk\u00e9 strany odm\u00edt\u00e1 1. legalizaci marihuany (eliminovala by p\u0159ece \u010d\u00e1st p\u0159\u00edjm\u016f podsv\u011bt\u00ed)<\/p>\n","protected":false},"author":1,"featured_media":0,"comment_status":"open","ping_status":"open","sticky":false,"template":"","format":"standard","meta":{"ngg_post_thumbnail":0,"footnotes":""},"categories":[17],"tags":[],"class_list":["post-2685","post","type-post","status-publish","format-standard","hentry","category-jakl-president"],"_links":{"self":[{"href":"https:\/\/www.ladislavjakl.cz\/index.php?rest_route=\/wp\/v2\/posts\/2685","targetHints":{"allow":["GET"]}}],"collection":[{"href":"https:\/\/www.ladislavjakl.cz\/index.php?rest_route=\/wp\/v2\/posts"}],"about":[{"href":"https:\/\/www.ladislavjakl.cz\/index.php?rest_route=\/wp\/v2\/types\/post"}],"author":[{"embeddable":true,"href":"https:\/\/www.ladislavjakl.cz\/index.php?rest_route=\/wp\/v2\/users\/1"}],"replies":[{"embeddable":true,"href":"https:\/\/www.ladislavjakl.cz\/index.php?rest_route=%2Fwp%2Fv2%2Fcomments&post=2685"}],"version-history":[{"count":1,"href":"https:\/\/www.ladislavjakl.cz\/index.php?rest_route=\/wp\/v2\/posts\/2685\/revisions"}],"predecessor-version":[{"id":2686,"href":"https:\/\/www.ladislavjakl.cz\/index.php?rest_route=\/wp\/v2\/posts\/2685\/revisions\/2686"}],"wp:attachment":[{"href":"https:\/\/www.ladislavjakl.cz\/index.php?rest_route=%2Fwp%2Fv2%2Fmedia&parent=2685"}],"wp:term":[{"taxonomy":"category","embeddable":true,"href":"https:\/\/www.ladislavjakl.cz\/index.php?rest_route=%2Fwp%2Fv2%2Fcategories&post=2685"},{"taxonomy":"post_tag","embeddable":true,"href":"https:\/\/www.ladislavjakl.cz\/index.php?rest_route=%2Fwp%2Fv2%2Ftags&post=2685"}],"curies":[{"name":"wp","href":"https:\/\/api.w.org\/{rel}","templated":true}]}}