{"id":2687,"date":"2012-09-26T10:56:26","date_gmt":"2012-09-26T08:56:26","guid":{"rendered":"http:\/\/www.ladislavjakl.cz\/?p=2687"},"modified":"2012-09-26T10:56:26","modified_gmt":"2012-09-26T08:56:26","slug":"klaus-podporil-jakla-v-prezidentske-kandidature","status":"publish","type":"post","link":"https:\/\/www.ladislavjakl.cz\/?p=2687","title":{"rendered":"Klaus podpo\u0159il Jakla v prezidentsk\u00e9 kandidatu\u0159e"},"content":{"rendered":"<p>Prezident V\u00e1clav Klaus podepsal petici na podporu sv\u00e9ho tajemn\u00edka  Ladislava Jakla. Jakl to v ned\u011bli ozn\u00e1mil na tiskov\u00e9 konferenci, kterou  po\u0159\u00e1dala Strana svobodn\u00fdch ob\u010dan\u016f. Ta Jakla na Hrad nominuje.<\/p>\n<p><!--more--><\/p>\n<p>\u201eJ\u00e1 jsem se doposud ve sb\u011bru podpis\u016f neanga\u017eoval. Za\u010dal jsem  p\u0159edev\u010d\u00edrem. Zat\u00edm m\u00e1m jeden, ale mus\u00edte uznat, \u017ee podpis prezidenta na  listin\u011b jen tak n\u011bkdo nem\u00e1. Uvid\u00edme s\u00a0jak\u00fdmi podpisy se vytas\u00ed m\u00ed  beznad\u011bjn\u00ed protikandid\u00e1ti,\u201c vtipkoval <a title=\"http:\/\/tema.novinky.cz\/ladislav-jakl\" href=\"http:\/\/tema.novinky.cz\/ladislav-jakl\">Jakl<\/a>.<\/p>\n<p>P\u0159edseda Svobodn\u00fdch Petr Mach ozn\u00e1mil, \u017ee krom\u011b <a title=\"http:\/\/tema.novinky.cz\/vaclav-klaus\" href=\"http:\/\/tema.novinky.cz\/vaclav-klaus\">Klause<\/a> podepsalo Jaklovu petici je\u0161t\u011b zhruba 10 tis\u00edc lid\u00ed. P\u0159i t\u00e9  p\u0159\u00edle\u017eitosti mu p\u0159edal jako dar l\u00e1hev neokolkovan\u00e9 irsk\u00e9 whiskey.  \u201eN\u00e1poje z\u00a0t\u00e9to zem\u011b jsem p\u0159estal p\u00edt po druh\u00e9m irsk\u00e9m referendu, proto\u017ee  m\u011b na\u0161tvali,\u201c \u0159ekl Jakl, kter\u00fd je odp\u016frcem sou\u010dasn\u00e9 integra\u010dn\u00ed politiky  EU.<\/p>\n<p>O prezidentsk\u00fd \u00fa\u0159ad m\u00e1 z\u00e1jem zhruba dvac\u00edtka lid\u00ed. Je mezi nimi nap\u0159\u00edklad n\u011bkdej\u0161\u00ed premi\u00e9r <a title=\"http:\/\/tema.novinky.cz\/jan-fischer\" href=\"http:\/\/tema.novinky.cz\/jan-fischer\">Jan Fischer<\/a>, kandid\u00e1t <a title=\"http:\/\/tema.novinky.cz\/top-09\" href=\"http:\/\/tema.novinky.cz\/top-09\">TOP 09<\/a> <a title=\"http:\/\/tema.novinky.cz\/karel-schwarzenberg\" href=\"http:\/\/tema.novinky.cz\/karel-schwarzenberg\">Karel Schwarzenberg<\/a>, kandid\u00e1t <a title=\"http:\/\/tema.novinky.cz\/cssd\" href=\"http:\/\/tema.novinky.cz\/cssd\">\u010cSSD<\/a> <a title=\"http:\/\/tema.novinky.cz\/jiri-dienstbier\" href=\"http:\/\/tema.novinky.cz\/jiri-dienstbier\">Ji\u0159\u00ed Dienstbier<\/a>, b\u00fdval\u00fd premi\u00e9r <a title=\"http:\/\/tema.novinky.cz\/milos-zeman\" href=\"http:\/\/tema.novinky.cz\/milos-zeman\">Milo\u0161 Zeman<\/a>,  ale t\u0159eba i n\u011bkdej\u0161\u00ed \u0161\u00e9f rozv\u011bdky Karel Rand\u00e1k. Podle pr\u016fzkum\u016f  ve\u0159ejn\u00e9ho m\u00edn\u011bn\u00ed je zat\u00edm favoritem na vyst\u0159\u00edd\u00e1n\u00ed sou\u010dasn\u00e9 hlavy st\u00e1tu  V\u00e1clava Klause na Pra\u017esk\u00e9m hrad\u011b pr\u00e1v\u011b Fischer. Na druh\u00e9m m\u00edst\u011b je  Zeman.<\/p>\n<p>V\u016fbec prvn\u00ed lidov\u00e9 hlasov\u00e1n\u00ed o osob\u011b prezidenta se v \u010cesku  uskute\u010dn\u00ed pravd\u011bpodobn\u011b nap\u0159esrok v lednu. Definitivn\u00ed term\u00edn voleb by  \u0161\u00e9f <a title=\"http:\/\/tema.novinky.cz\/senat\" href=\"http:\/\/tema.novinky.cz\/senat\">Sen\u00e1tu<\/a> <a title=\"http:\/\/tema.novinky.cz\/milan-stech\" href=\"http:\/\/tema.novinky.cz\/milan-stech\">Milan \u0160t\u011bch<\/a> m\u011bl ozn\u00e1mit v \u0159\u00edjnu. Klaus\u016fv mand\u00e1t vypr\u0161\u00ed 7. b\u0159ezna.<\/p>\n<p><a href=\"http:\/\/www.novinky.cz\/domaci\/279526-klaus-podporil-jakla-v-prezidentske-kandidature.html\" target=\"_blank\">Zdroj<\/a><\/p>\n","protected":false},"excerpt":{"rendered":"<p>Prezident V\u00e1clav Klaus podepsal petici na podporu sv\u00e9ho tajemn\u00edka Ladislava Jakla. Jakl to v ned\u011bli ozn\u00e1mil na tiskov\u00e9 konferenci, kterou po\u0159\u00e1dala Strana svobodn\u00fdch ob\u010dan\u016f. Ta Jakla na Hrad nominuje.<\/p>\n","protected":false},"author":1,"featured_media":0,"comment_status":"open","ping_status":"open","sticky":false,"template":"","format":"standard","meta":{"ngg_post_thumbnail":0,"footnotes":""},"categories":[17,11],"tags":[],"class_list":["post-2687","post","type-post","status-publish","format-standard","hentry","category-jakl-president","category-ozvena"],"_links":{"self":[{"href":"https:\/\/www.ladislavjakl.cz\/index.php?rest_route=\/wp\/v2\/posts\/2687","targetHints":{"allow":["GET"]}}],"collection":[{"href":"https:\/\/www.ladislavjakl.cz\/index.php?rest_route=\/wp\/v2\/posts"}],"about":[{"href":"https:\/\/www.ladislavjakl.cz\/index.php?rest_route=\/wp\/v2\/types\/post"}],"author":[{"embeddable":true,"href":"https:\/\/www.ladislavjakl.cz\/index.php?rest_route=\/wp\/v2\/users\/1"}],"replies":[{"embeddable":true,"href":"https:\/\/www.ladislavjakl.cz\/index.php?rest_route=%2Fwp%2Fv2%2Fcomments&post=2687"}],"version-history":[{"count":2,"href":"https:\/\/www.ladislavjakl.cz\/index.php?rest_route=\/wp\/v2\/posts\/2687\/revisions"}],"predecessor-version":[{"id":2689,"href":"https:\/\/www.ladislavjakl.cz\/index.php?rest_route=\/wp\/v2\/posts\/2687\/revisions\/2689"}],"wp:attachment":[{"href":"https:\/\/www.ladislavjakl.cz\/index.php?rest_route=%2Fwp%2Fv2%2Fmedia&parent=2687"}],"wp:term":[{"taxonomy":"category","embeddable":true,"href":"https:\/\/www.ladislavjakl.cz\/index.php?rest_route=%2Fwp%2Fv2%2Fcategories&post=2687"},{"taxonomy":"post_tag","embeddable":true,"href":"https:\/\/www.ladislavjakl.cz\/index.php?rest_route=%2Fwp%2Fv2%2Ftags&post=2687"}],"curies":[{"name":"wp","href":"https:\/\/api.w.org\/{rel}","templated":true}]}}