{"id":2690,"date":"2012-09-26T10:59:12","date_gmt":"2012-09-26T08:59:12","guid":{"rendered":"http:\/\/www.ladislavjakl.cz\/?p=2690"},"modified":"2012-09-26T10:59:12","modified_gmt":"2012-09-26T08:59:12","slug":"jakl-ma-klausuv-podpis-pro-kandidaturu-na-hrad-a-odsoudil-prohibici","status":"publish","type":"post","link":"https:\/\/www.ladislavjakl.cz\/?p=2690","title":{"rendered":"Jakl m\u00e1 Klaus\u016fv podpis pro kandidaturu na Hrad a odsoudil prohibici"},"content":{"rendered":"<p>Ladislav Jakl z\u00edskal podpis sv\u00e9ho \u0161\u00e9fa, prezidenta V\u00e1clava Klause, aby mohl kandidovat na Pra\u017esk\u00fd hrad. T\u00edm se \u017e\u00e1dn\u00fd jin\u00fd kandid\u00e1t nem\u016f\u017ee pochlubit. &#8222;Jsem zv\u011bdav, s jak\u00fdmi podpisy se vytas\u00ed ostatn\u00ed beznad\u011bjn\u00ed kandid\u00e1ti,&#8220; \u0159ekl Jakl. Na \u00fasp\u011bch p\u0159i kandidatu\u0159e si Jakl s lidmi ze Strany svobodn\u00fdch ob\u010dan\u016f v ned\u011bli p\u0159i\u0165ukl nekolkovanou irskou whiskey.<\/p>\n<p><!--more-->Jakl si Klausova podpisu, aby mohl kandidovat, velmi v\u00e1\u017e\u00ed. A vyj\u00e1d\u0159il se i k tomu, jak\u00e1 by mohla b\u00fdt Klausova budoucnost na Hrad\u011b v p\u0159\u00edpad\u011b, \u017ee by on s\u00e1m p\u0159i kandidatu\u0159e usp\u011bl. &#8222;Mohl by b\u00fdt jedn\u00edm z extern\u00edch poradc\u016f,&#8220; \u0159ekl Jakl.<\/p>\n<p>Lid\u00e9 z neparlamentn\u00ed Strany svobodn\u00fdch ob\u010dan\u016f, kte\u0159\u00ed ho ke kandidatu\u0159e p\u0159esv\u011bd\u010dili, mu zat\u00edm dok\u00e1zali sesb\u00edrat 10 tis\u00edc podpis\u016f. I kdy\u017e ke kandidatu\u0159e pot\u0159ebuje podpis\u016f p\u011btkr\u00e1t v\u00edc, u\u017e nasb\u00edran\u00e9 podpisy Jakl se svobodn\u00fdmi oslavil p\u0159i\u0165uknut\u00edm irskou whiskey Tullamore Dew.<\/p>\n<p>Nekolkovanou, kterou ze zahrani\u010d\u00ed p\u0159ivezl p\u0159edseda Svobodn\u00fdch Petr Mach. iDNES.cz \u0159ekl, \u017ee ji koupil na leti\u0161ti v duty free shopu.<br \/>\nDejte st\u00e1tu probl\u00e9m a vymysl\u00ed z\u00e1kaz, kritizoval Jakl prohibici<\/p>\n<p>Jakl p\u0159i p\u0159\u00edpitku whiskey odsoudil prohibici na prodej tvrd\u00e9ho alkoholu. Tu se souhlasem vl\u00e1dy vyhl\u00e1sil ministr zdravotnictv\u00ed Leo\u0161 Heger kv\u016fli v\u00edce ne\u017e dvaceti \u00famrt\u00edm na otravu metanolem v pan\u010dovan\u00e9m alkoholu (v\u00edce o tom najdete zde).<\/p>\n<p>&#8222;Dejte st\u00e1tu probl\u00e9m a vymysl\u00ed z\u00e1kaz. Nic jin\u00e9ho neum\u00ed,&#8220; prohl\u00e1sil Jakl. Lid\u00e9 podle n\u011bj nech\u00e1pou, pro\u010d maj\u00ed b\u00fdt chr\u00e1n\u011bni plo\u0161n\u00fdm z\u00e1kazem prodeje tvrd\u00e9ho alkoholu.<\/p>\n<p>Podpisy pro Jakla sb\u00edr\u00e1 nejen Strana svobodn\u00fdch ob\u010dan\u016f na pades\u00e1ti m\u00edstech v zemi, ale i ob\u010dansk\u00e9 sdru\u017een\u00ed Akce D.O.S.T a bude je sb\u00edrat i on s\u00e1m.<\/p>\n<p>Sou\u010dasn\u00fd Klaus\u016fv \u0161\u00e9fporadce a rocker, kter\u00fd podle dosavadn\u00edch pr\u016fzkum\u016f nepat\u0159\u00ed mezi favority volby hlavy st\u00e1tu, m\u00e1 stejn\u011b jako Klaus vyhran\u011bn\u011b kritick\u00fd n\u00e1zor na v\u00fdvoj Evropsk\u00e9 unie sm\u011brem k federaci a na nevl\u00e1dn\u00ed ekologick\u00e9 organizace.<\/p>\n<p>&#8222;Chra\u0148te sv\u00e9 pen\u011b\u017eenky, chra\u0148te svou svobodu. Brusel V\u00e1m po nich jde!&#8220; napsal nap\u0159\u00edklad ned\u00e1vno Jakl na let\u00e1\u010dku, kde se p\u0159edstavuje jako znalec piva a \u010dlov\u011bk, kter\u00fd p\u0159eje svobodu sob\u011b, ale i druh\u00fdm (v\u00edce zde).<\/p>\n<p>V anket\u011b iDNES.cz pro prezidentsk\u00e9 kandid\u00e1ty se Jakl vyslovil proti sou\u010dasn\u00e9 navrhovan\u00e9 podob\u011b c\u00edrkevn\u00edch restituc\u00ed, proti zvy\u0161ov\u00e1n\u00ed dan\u00ed a tedy i vl\u00e1dn\u00ed p\u0159edstav\u011b o r\u016fstu DPH na 15 a 21 procent, proti tomu, aby \u010cesko p\u0159ijalo euro a legalizovalo marihuanu a eutanazii a naopak pro stanoven\u00ed minim\u00e1ln\u00edho d\u016fchodu od st\u00e1tu s t\u00edm, \u017ee o zbytek se m\u00e1 postarat ka\u017ed\u00fd s\u00e1m (odpov\u011bdi kandid\u00e1t\u016f na Hrad najdete zde).<\/p>\n<p>&#8222;Chceme m\u00edt kandid\u00e1ta kter\u00fd skrze jmenov\u00e1n\u00ed bankovn\u00ed rady \u010cesk\u00e9 n\u00e1rodn\u00ed banky zajist\u00ed pokra\u010dov\u00e1n\u00ed zdrav\u00e9 m\u011bnov\u00e9 politiky, nedopust\u00ed dal\u0161\u00ed p\u0159esouv\u00e1n\u00ed pravomoc\u00ed a pen\u011bz na Evropskou unii a bude Sn\u011bmovn\u011b vracet z\u00e1kony omezuj\u00edc\u00ed svobodu \u010dlov\u011bka,&#8220; \u0159\u00edk\u00e1 p\u0159edseda Strany svobodn\u00fdch ob\u010dan\u016f Petr Mach.<\/p>\n<p><a href=\"http:\/\/zpravy.idnes.cz\/jakl-o-sve-prezidenstke-kandidature-dbv-\/domaci.aspx?c=A120923_101834_domaci_kop\" target=\"_blank\">Zdroj<\/a><\/p>\n","protected":false},"excerpt":{"rendered":"<p>Ladislav Jakl z\u00edskal podpis sv\u00e9ho \u0161\u00e9fa, prezidenta V\u00e1clava Klause, aby mohl kandidovat na Pra\u017esk\u00fd hrad. T\u00edm se \u017e\u00e1dn\u00fd jin\u00fd kandid\u00e1t nem\u016f\u017ee pochlubit. &#8222;Jsem zv\u011bdav, s jak\u00fdmi podpisy se vytas\u00ed ostatn\u00ed beznad\u011bjn\u00ed kandid\u00e1ti,&#8220; \u0159ekl Jakl. Na \u00fasp\u011bch p\u0159i kandidatu\u0159e si Jakl s lidmi ze Strany svobodn\u00fdch ob\u010dan\u016f v ned\u011bli p\u0159i\u0165ukl nekolkovanou irskou whiskey.<\/p>\n","protected":false},"author":1,"featured_media":0,"comment_status":"open","ping_status":"open","sticky":false,"template":"","format":"standard","meta":{"ngg_post_thumbnail":0,"footnotes":""},"categories":[17,11],"tags":[],"class_list":["post-2690","post","type-post","status-publish","format-standard","hentry","category-jakl-president","category-ozvena"],"_links":{"self":[{"href":"https:\/\/www.ladislavjakl.cz\/index.php?rest_route=\/wp\/v2\/posts\/2690","targetHints":{"allow":["GET"]}}],"collection":[{"href":"https:\/\/www.ladislavjakl.cz\/index.php?rest_route=\/wp\/v2\/posts"}],"about":[{"href":"https:\/\/www.ladislavjakl.cz\/index.php?rest_route=\/wp\/v2\/types\/post"}],"author":[{"embeddable":true,"href":"https:\/\/www.ladislavjakl.cz\/index.php?rest_route=\/wp\/v2\/users\/1"}],"replies":[{"embeddable":true,"href":"https:\/\/www.ladislavjakl.cz\/index.php?rest_route=%2Fwp%2Fv2%2Fcomments&post=2690"}],"version-history":[{"count":1,"href":"https:\/\/www.ladislavjakl.cz\/index.php?rest_route=\/wp\/v2\/posts\/2690\/revisions"}],"predecessor-version":[{"id":2691,"href":"https:\/\/www.ladislavjakl.cz\/index.php?rest_route=\/wp\/v2\/posts\/2690\/revisions\/2691"}],"wp:attachment":[{"href":"https:\/\/www.ladislavjakl.cz\/index.php?rest_route=%2Fwp%2Fv2%2Fmedia&parent=2690"}],"wp:term":[{"taxonomy":"category","embeddable":true,"href":"https:\/\/www.ladislavjakl.cz\/index.php?rest_route=%2Fwp%2Fv2%2Fcategories&post=2690"},{"taxonomy":"post_tag","embeddable":true,"href":"https:\/\/www.ladislavjakl.cz\/index.php?rest_route=%2Fwp%2Fv2%2Ftags&post=2690"}],"curies":[{"name":"wp","href":"https:\/\/api.w.org\/{rel}","templated":true}]}}