{"id":2692,"date":"2012-09-26T11:00:43","date_gmt":"2012-09-26T09:00:43","guid":{"rendered":"http:\/\/www.ladislavjakl.cz\/?p=2692"},"modified":"2012-09-26T11:00:43","modified_gmt":"2012-09-26T09:00:43","slug":"jakl-ma-10-000-podpisu-pro-kandidaturu-na-hrad-ziskal-i-klause","status":"publish","type":"post","link":"https:\/\/www.ladislavjakl.cz\/?p=2692","title":{"rendered":"Jakl m\u00e1 10.000 podpis\u016f pro kandidaturu na Hrad, z\u00edskal i Klause"},"content":{"rendered":"<p>Praha &#8211; Kandid\u00e1t Strany svobodn\u00fdch ob\u010dan\u016f na prezidenta Ladislav Jakl m\u00e1  zat\u00edm 10.000 podpis\u016f pod petic\u00ed po\u017eaduj\u00edc\u00ed jeho kandidaturu na Hrad.  Podpisy mu sb\u00edr\u00e1 s\u00ed\u0165 zhruba 1500 dobrovoln\u00edk\u016f v cel\u00e9 \u010cR. S\u00e1m Jakl za\u010dal  se sb\u011brem teprve v p\u00e1tek, pod petici se mu jako prvn\u00ed podepsal jeho  hradn\u00ed &#8222;\u0161\u00e9f&#8220; prezident V\u00e1clav Klaus. Prezidentsk\u00fd kandid\u00e1t to ozn\u00e1mil na  odpoledn\u00ed tiskov\u00e9 konferenci v centru Prahy.<\/p>\n<p><!--more--><\/p>\n<p>Podpisy mu sb\u00edraj\u00ed \u010dlenov\u00e9 Svobodn\u00fdch i dal\u0161\u00ed sympatizanti. Celkem m\u00e1  po \u010cesk\u00e9 republice 50 sb\u011brn\u00fdch m\u00edst, kde lze petice podepsat. S\u00e1m  doned\u00e1vna podpisy nesb\u00edral. Podle sv\u00fdch slov s t\u00edm za\u010dal a\u017e v p\u00e1tek. Na  peti\u010dn\u00edm archu uk\u00e1zal novin\u00e1\u0159\u016fm zat\u00edm jedin\u00fd podpis, pat\u0159\u00edc\u00ed Klausovi.  Podporu sv\u00e9ho nad\u0159\u00edzen\u00e9ho ocenil.<\/p>\n<p>Prezident mu pr\u00fd s kampan\u00ed nijak  nerad\u00ed. &#8222;N\u00e1\u0161 pracovn\u00ed pom\u011br je st\u00e1le nastaven tak, \u017ee rad\u00edm j\u00e1 jemu,&#8220;  uvedl Jakl. Podle sv\u00fdch slov nevylu\u010duje, \u017ee by se Klaus mohl st\u00e1t jedn\u00edm  z jeho extern\u00edch poradc\u016f v p\u0159\u00edpad\u011b, \u017ee se Jakl opravdu v prezidentsk\u00fdch  volb\u00e1ch usp\u011bje. &#8222;Mysl\u00edm, \u017ee by byl docela dobr\u00fdm poradcem,&#8220; poznamenal  Jakl.<\/p>\n<p>Jakl je podle sv\u00e9ho n\u00e1zoru pro \u0159adu ob\u010dan\u016f dostate\u010dn\u011b zn\u00e1m\u00fdm  uchaze\u010dem o Hrad. &#8222;Za sv\u016fj \u017eivot jsem se vyjad\u0159oval otev\u0159en\u011b a ve\u0159ejn\u011b k  mnoha t\u00e9mat\u016fm,&#8220; \u0159ekl novin\u00e1\u0159\u016fm. Na prezidenta kandiduje s p\u0159esv\u011bd\u010den\u00edm,  \u017ee je t\u0159eba br\u00e1nit se &#8222;diskriminaci v\u0161eho druhu&#8220;. Jakl tak\u00e9 podporuje  svobodn\u00e9 tr\u017en\u00ed prost\u0159ed\u00ed a stav\u00ed se proti &#8222;n\u00e1siln\u00e9mu kolektivismu&#8220;.<\/p>\n<p>Za  10.000 nasb\u00edran\u00fdch podpis\u016f dostal Jakl od p\u0159edsedy Svobodn\u00fdch Petra  Macha l\u00e1hev irsk\u00e9 whisky. Prodej n\u00e1poj\u016f s v\u00edce ne\u017e 20 procenty alkoholu  je nyn\u00ed v \u010cesku zak\u00e1z\u00e1n kv\u016fli af\u00e9\u0159e s otravami metylalkoholem. Mach  l\u00e1hev podle sv\u00fdch slov zakoupil v zahrani\u010d\u00ed. Svobodn\u00ed i Jakl se stav\u00ed  proti plo\u0161n\u00fdm z\u00e1kaz\u016fm a st\u00e1tn\u00edm regulac\u00edm, uvedli.<\/p>\n<p>Favoritem  pr\u016fzkum\u016f ve\u0159ejn\u00e9ho m\u00edn\u011bn\u00ed je mezi prezidentsk\u00fdmi kandid\u00e1ty b\u00fdval\u00fd  premi\u00e9r Jan Fischer. N\u011bkdej\u0161\u00edmu p\u0159edsedovi \u00fa\u0159ednick\u00e9 vl\u00e1dy nahr\u00e1lo  odstoupen\u00ed ekonoma Jana \u0160vejnara z kl\u00e1n\u00ed o k\u0159eslo na Hrad\u011b. Na druh\u00e9m  m\u00edst\u011b se objevuje jm\u00e9no dal\u0161\u00edho b\u00fdval\u00e9ho premi\u00e9ra Milo\u0161e Zemana.<\/p>\n<p><a href=\"http:\/\/www.ceskenoviny.cz\/zpravy\/jakl-ma-10-000-podpisu-pro-kandidaturu-na-hrad-ziskal-i-klause\/844002\" target=\"_blank\">Zdroj<\/a><\/p>\n","protected":false},"excerpt":{"rendered":"<p>Praha &#8211; Kandid\u00e1t Strany svobodn\u00fdch ob\u010dan\u016f na prezidenta Ladislav Jakl m\u00e1 zat\u00edm 10.000 podpis\u016f pod petic\u00ed po\u017eaduj\u00edc\u00ed jeho kandidaturu na Hrad. Podpisy mu sb\u00edr\u00e1 s\u00ed\u0165 zhruba 1500 dobrovoln\u00edk\u016f v cel\u00e9 \u010cR. S\u00e1m Jakl za\u010dal se sb\u011brem teprve v p\u00e1tek, pod petici se mu jako prvn\u00ed podepsal jeho hradn\u00ed &#8222;\u0161\u00e9f&#8220; prezident V\u00e1clav Klaus. Prezidentsk\u00fd kandid\u00e1t to [&hellip;]<\/p>\n","protected":false},"author":1,"featured_media":0,"comment_status":"open","ping_status":"open","sticky":false,"template":"","format":"standard","meta":{"ngg_post_thumbnail":0,"footnotes":""},"categories":[17,11],"tags":[],"class_list":["post-2692","post","type-post","status-publish","format-standard","hentry","category-jakl-president","category-ozvena"],"_links":{"self":[{"href":"https:\/\/www.ladislavjakl.cz\/index.php?rest_route=\/wp\/v2\/posts\/2692","targetHints":{"allow":["GET"]}}],"collection":[{"href":"https:\/\/www.ladislavjakl.cz\/index.php?rest_route=\/wp\/v2\/posts"}],"about":[{"href":"https:\/\/www.ladislavjakl.cz\/index.php?rest_route=\/wp\/v2\/types\/post"}],"author":[{"embeddable":true,"href":"https:\/\/www.ladislavjakl.cz\/index.php?rest_route=\/wp\/v2\/users\/1"}],"replies":[{"embeddable":true,"href":"https:\/\/www.ladislavjakl.cz\/index.php?rest_route=%2Fwp%2Fv2%2Fcomments&post=2692"}],"version-history":[{"count":1,"href":"https:\/\/www.ladislavjakl.cz\/index.php?rest_route=\/wp\/v2\/posts\/2692\/revisions"}],"predecessor-version":[{"id":2693,"href":"https:\/\/www.ladislavjakl.cz\/index.php?rest_route=\/wp\/v2\/posts\/2692\/revisions\/2693"}],"wp:attachment":[{"href":"https:\/\/www.ladislavjakl.cz\/index.php?rest_route=%2Fwp%2Fv2%2Fmedia&parent=2692"}],"wp:term":[{"taxonomy":"category","embeddable":true,"href":"https:\/\/www.ladislavjakl.cz\/index.php?rest_route=%2Fwp%2Fv2%2Fcategories&post=2692"},{"taxonomy":"post_tag","embeddable":true,"href":"https:\/\/www.ladislavjakl.cz\/index.php?rest_route=%2Fwp%2Fv2%2Ftags&post=2692"}],"curies":[{"name":"wp","href":"https:\/\/api.w.org\/{rel}","templated":true}]}}