{"id":2694,"date":"2012-09-26T11:02:12","date_gmt":"2012-09-26T09:02:12","guid":{"rendered":"http:\/\/www.ladislavjakl.cz\/?p=2694"},"modified":"2012-09-26T11:02:12","modified_gmt":"2012-09-26T09:02:12","slug":"jaklovi-se-pod-kandidaturu-na-hrad-podepsal-i-klaus","status":"publish","type":"post","link":"https:\/\/www.ladislavjakl.cz\/?p=2694","title":{"rendered":"Jaklovi se pod kandidaturu na Hrad podepsal i Klaus"},"content":{"rendered":"<p>Praha &#8211; Mal\u00e9 strany a nez\u00e1visl\u00ed prezident\u0161t\u00ed kandid\u00e1ti maj\u00ed pot\u00ed\u017ee se  z\u00edsk\u00e1n\u00edm 50 tis\u00edc podpis\u016f. Minim\u00e1ln\u00ed hranici pro ofici\u00e1ln\u00ed \u00fa\u010dast v boji o  Hrad zat\u00edm poko\u0159il jenom Milo\u0161 Zeman a Jan Fischer. Strana svobodn\u00fdch  ob\u010dan\u016f ozn\u00e1mila, \u017ee kandidaturu Ladislava Jakla &#8211; tajemn\u00edka sou\u010dasn\u00e9ho  prezidenta &#8211; zat\u00edm podpo\u0159ilo 10 tis\u00edc ob\u010dan\u016f. Sv\u016fj podpis pod Jaklovu  kandidaturu p\u0159ipojil i prezident V\u00e1clav Klaus. Ten by se pr\u00fd v p\u0159\u00edpad\u011b  Jaklova v\u00edt\u011bzstv\u00ed mohl st\u00e1t jeho extern\u00edm poradcem.<\/p>\n<p><!--more--><\/p>\n<p>&#8222;J\u00e1 jsem to od n\u011bj vzal jako v\u00fdraz pochopen\u00ed sv\u00fdch aktivit kolem  p\u0159\u00edm\u00e9 volby prezidenta a mysl\u00edm, \u017ee i pro ve\u0159ejnost je to docela  zaj\u00edmav\u00e9 sd\u011blen\u00ed a zaj\u00edmav\u00fd sign\u00e1l,&#8220; zd\u016fraznil Jakl.<\/p>\n<p>Prezident mu pr\u00fd s kampan\u00ed nijak nerad\u00ed. &#8222;N\u00e1\u0161 pracovn\u00ed pom\u011br je st\u00e1le  nastaven tak, \u017ee rad\u00edm j\u00e1 jemu,&#8220; uvedl Jakl. Podle sv\u00fdch slov  nevylu\u010duje, \u017ee by se Klaus mohl st\u00e1t jedn\u00edm z jeho extern\u00edch poradc\u016f v  p\u0159\u00edpad\u011b, \u017ee Jakl opravdu v prezidentsk\u00fdch volb\u00e1ch usp\u011bje. &#8222;Mysl\u00edm, \u017ee by  byl docela dobr\u00fdm poradcem,&#8220; poznamenal Jakl.<\/p>\n<p>Podpisy mu sb\u00edraj\u00ed \u010dlenov\u00e9 Svobodn\u00fdch i dal\u0161\u00ed sympatizanti. Celkem m\u00e1  po \u010cesk\u00e9 republice 50 sb\u011brn\u00fdch m\u00edst, kde lze petice podepsat. S\u00e1m  doned\u00e1vna podpisy nesb\u00edral. Podle sv\u00fdch slov s t\u00edm za\u010dal a\u017e v p\u00e1tek.<\/p>\n<p>Favoritem pr\u016fzkum\u016f ve\u0159ejn\u00e9ho m\u00edn\u011bn\u00ed je mezi prezidentsk\u00fdmi kandid\u00e1ty  b\u00fdval\u00fd premi\u00e9r Jan Fischer. N\u011bkdej\u0161\u00edmu p\u0159edsedovi \u00fa\u0159ednick\u00e9 vl\u00e1dy  nahr\u00e1lo odstoupen\u00ed ekonoma Jana \u0160vejnara z kl\u00e1n\u00ed o k\u0159eslo na Hrad\u011b. Na  druh\u00e9m m\u00edst\u011b se objevuje jm\u00e9no dal\u0161\u00edho b\u00fdval\u00e9ho premi\u00e9ra Milo\u0161e Zemana.<\/p>\n<p><a href=\"http:\/\/www.ceskatelevize.cz\/ct24\/domaci\/197024-jaklovi-se-pod-kandidaturu-na-hrad-podepsal-i-klaus\/\" target=\"_blank\">Zdroj<\/a><\/p>\n","protected":false},"excerpt":{"rendered":"<p>Praha &#8211; Mal\u00e9 strany a nez\u00e1visl\u00ed prezident\u0161t\u00ed kandid\u00e1ti maj\u00ed pot\u00ed\u017ee se z\u00edsk\u00e1n\u00edm 50 tis\u00edc podpis\u016f. Minim\u00e1ln\u00ed hranici pro ofici\u00e1ln\u00ed \u00fa\u010dast v boji o Hrad zat\u00edm poko\u0159il jenom Milo\u0161 Zeman a Jan Fischer. Strana svobodn\u00fdch ob\u010dan\u016f ozn\u00e1mila, \u017ee kandidaturu Ladislava Jakla &#8211; tajemn\u00edka sou\u010dasn\u00e9ho prezidenta &#8211; zat\u00edm podpo\u0159ilo 10 tis\u00edc ob\u010dan\u016f. Sv\u016fj podpis pod Jaklovu kandidaturu [&hellip;]<\/p>\n","protected":false},"author":1,"featured_media":0,"comment_status":"open","ping_status":"open","sticky":false,"template":"","format":"standard","meta":{"ngg_post_thumbnail":0,"footnotes":""},"categories":[17,11],"tags":[],"class_list":["post-2694","post","type-post","status-publish","format-standard","hentry","category-jakl-president","category-ozvena"],"_links":{"self":[{"href":"https:\/\/www.ladislavjakl.cz\/index.php?rest_route=\/wp\/v2\/posts\/2694","targetHints":{"allow":["GET"]}}],"collection":[{"href":"https:\/\/www.ladislavjakl.cz\/index.php?rest_route=\/wp\/v2\/posts"}],"about":[{"href":"https:\/\/www.ladislavjakl.cz\/index.php?rest_route=\/wp\/v2\/types\/post"}],"author":[{"embeddable":true,"href":"https:\/\/www.ladislavjakl.cz\/index.php?rest_route=\/wp\/v2\/users\/1"}],"replies":[{"embeddable":true,"href":"https:\/\/www.ladislavjakl.cz\/index.php?rest_route=%2Fwp%2Fv2%2Fcomments&post=2694"}],"version-history":[{"count":1,"href":"https:\/\/www.ladislavjakl.cz\/index.php?rest_route=\/wp\/v2\/posts\/2694\/revisions"}],"predecessor-version":[{"id":2695,"href":"https:\/\/www.ladislavjakl.cz\/index.php?rest_route=\/wp\/v2\/posts\/2694\/revisions\/2695"}],"wp:attachment":[{"href":"https:\/\/www.ladislavjakl.cz\/index.php?rest_route=%2Fwp%2Fv2%2Fmedia&parent=2694"}],"wp:term":[{"taxonomy":"category","embeddable":true,"href":"https:\/\/www.ladislavjakl.cz\/index.php?rest_route=%2Fwp%2Fv2%2Fcategories&post=2694"},{"taxonomy":"post_tag","embeddable":true,"href":"https:\/\/www.ladislavjakl.cz\/index.php?rest_route=%2Fwp%2Fv2%2Ftags&post=2694"}],"curies":[{"name":"wp","href":"https:\/\/api.w.org\/{rel}","templated":true}]}}