{"id":2696,"date":"2012-09-26T11:03:21","date_gmt":"2012-09-26T09:03:21","guid":{"rendered":"http:\/\/www.ladislavjakl.cz\/?p=2696"},"modified":"2012-09-26T11:03:21","modified_gmt":"2012-09-26T09:03:21","slug":"ladislav-jakl-ziskal-v-boji-o-hrad-zatim-10-tisic-podpisu-jeden-i-od-prezidenta-klause","status":"publish","type":"post","link":"https:\/\/www.ladislavjakl.cz\/?p=2696","title":{"rendered":"Ladislav Jakl z\u00edskal v boji o Hrad zat\u00edm 10 tis\u00edc podpis\u016f, jeden i od prezidenta Klause"},"content":{"rendered":"<p>Tajemn\u00edk st\u00e1vaj\u00edc\u00ed hlavy st\u00e1tu Ladislav Jakl m\u00e1 na podporu svoj\u00ed  prezidentsk\u00e9 kandidatury zat\u00edm 10 tis\u00edc podpis\u016f z pot\u0159ebn\u00fdch 50 tis\u00edc,  mezi nimi je i jeden od prezidenta V\u00e1clava Klause. V ned\u011bli to uvedli  p\u0159edseda Strany svobodn\u00fdch ob\u010dan\u016f Petr Mach a s\u00e1m Jakl.<\/p>\n<p><!--more-->&#8222;M\u00e1me aktu\u00e1ln\u011b 50 podpisov\u00fdch m\u00edst, kde m\u016f\u017eou ob\u010dan\u00e9  podepisovat  peti\u010dn\u00ed archy. Podpisy sb\u00edraj\u00ed na\u0161i \u010dlenov\u00e9 a p\u0159\u00edznivci,  kter\u00fdch je  1500,&#8220; prohl\u00e1sil Mach.<\/p>\n<p>&#8222;S\u00e1m jsem za\u010dal sb\u00edrat p\u0159edev\u010d\u00edrem. M\u00e1m u\u017e jeden podpis \u2013 od sv\u00e9ho   \u0161\u00e9fa, prezidenta V\u00e1clava Klause,&#8220; uvedl Jakl a dodal: &#8222;M\u011bl jsem z toho   radost. Pro ve\u0159ejnost je to docela zaj\u00edmav\u00e9 sd\u011blen\u00ed a zaj\u00edmav\u00fd sign\u00e1l.&#8220;   Prezident\u016fv tajemn\u00edk p\u0159ipojil, \u017ee podpisy na podporu jeho kandidatury   sb\u00edr\u00e1 i Akce D.O.S.T. a jeho p\u0159\u00e1tel\u00e9 a zn\u00e1m\u00ed.<\/p>\n<p>&#8222;Za sv\u016fj \u017eivot jsem se otev\u0159en\u011b a ve\u0159ejn\u011b vyjad\u0159oval k mnoha   spole\u010densk\u00fdm t\u00e9mat\u016fm. Nemysl\u00edm si, \u017ee bych byl kr\u00e1l\u00edk v klobouku,   nepopsan\u00fd list. Moje n\u00e1zory a hodnotov\u00e1 v\u00fdchodiska t\u011bchto n\u00e1zor\u016f jsou   obecn\u011b zn\u00e1m\u00e9,&#8220; \u0159ekl Jakl a p\u0159edstavil osm sv\u00fdch v\u00fdchodisek.<\/p>\n<p>&#8222;Jsem pro svobodn\u00e9 tr\u017en\u00ed prost\u0159ed\u00ed. Proti post\u00e1t\u0148ov\u00e1n\u00ed a   byrokratick\u00e9mu pok\u0159ivov\u00e1n\u00ed tr\u017en\u00edch podm\u00ednek. Proti nahrazov\u00e1n\u00ed   demokratick\u00fdch mechanism\u016f n\u00e1stroji mezin\u00e1rodn\u00edho n\u00e1tlaku,&#8220; vyjmenoval   nap\u0159\u00edklad prezidentsk\u00fd kandid\u00e1t.<\/p>\n<p>Jakl je podle sv\u00fdch slov tak\u00e9 &#8222;proti n\u00e1siln\u00fdm kolektivism\u016fm&#8220;,   &#8222;extremistick\u00e9 zelen\u00e9 ideologii&#8220; nebo diskriminaci v\u0161eho druhu. &#8222;Jsem   proti bezhlav\u00e9mu prosazov\u00e1n\u00ed m\u00f3dn\u00edch spole\u010densk\u00fdch trend\u016f. Proti   ostrakizaci men\u0161inov\u00fdch n\u00e1zor\u016f. Proti monopolizaci ve\u0159ejn\u00e9ho prostoru,&#8220;   uvedl d\u00e1le. Odm\u00edtl tak\u00e9 \u00fatisk st\u00e1tn\u00ed ma\u0161in\u00e9rie.<\/p>\n<p>&#8222;Jeden z v\u00e1\u017en\u00fdch d\u016fvod\u016f, pro\u010d jsem se zapojil do tohoto p\u0159\u00edb\u011bhu,   zvan\u00e9m p\u0159\u00edm\u00e1 volba prezidenta, bylo to, \u017ee jsem mezi kandid\u00e1ty nena\u0161el   nikoho, kdo by zast\u00e1val hodnotu svobody jednotlivce a jej\u00ed ochrany. Jsem   p\u0159esv\u011bd\u010den, \u017ee tento typ n\u00e1zoru by v prezidentsk\u00e9 kampani zazn\u00edt m\u011bl,&#8220;   dodal Jakl.<\/p>\n<p>Mach p\u0159edal Jaklovi z\u00e1rove\u0148 jako dar 40procentn\u00ed irskou whisky   Tullamore Dew. Prezidentsk\u00fd kandid\u00e1t ji v dob\u011b platn\u00e9 prohibice na tvrd\u00fd   alkohol v cel\u00e9 \u010cesk\u00e9 republice s povd\u011bkem p\u0159ijal, otev\u0159el ji a pustil   se do p\u0159\u00edpitku. &#8222;Tuhle zna\u010dku jsem p\u0159estal p\u00edt po druh\u00e9m irsk\u00e9m   referendu (o Lisabonsk\u00e9 smlouv\u011b), proto\u017ee mne na\u0161tvali. Te\u010f je ale   mysl\u00edm vhodn\u00e1 chv\u00edle se k n\u00ed vr\u00e1tit,&#8220; prohl\u00e1sil.<\/p>\n<p>S lahv\u00ed whisky v ruce prezidentsk\u00fd kandid\u00e1t tak\u00e9 odpov\u00eddal na to,   jestli by hlavou st\u00e1tu mohl b\u00fdt \u00fapln\u00fd abstinent. &#8222;Mysl\u00edm si, \u017ee na Hrad   by se mohl dostat abstinent, ale ne takov\u00fd, k tomu bude nutit ostatn\u00ed   lidi,&#8220; \u0159ekl na dotaz Mediafaxu. Postup st\u00e1tu v metanolov\u00e9 af\u00e9\u0159e pak   ozna\u010dil jako neadekv\u00e1tn\u00ed.<\/p>\n<p>P\u0159edseda svobodn\u00fdch novin\u00e1\u0159\u016fm vysv\u011btlil, \u017ee lahev je nekolkovan\u00e1,   proto\u017ee ji zakoupil v bezceln\u00edm obchod\u011b na leti\u0161ti mimo Evropskou unii.   Zd\u016fraznil, \u017ee z lahve nez\u00edskal \u010desk\u00fd st\u00e1t ani korunu na dan\u00edch.  Svobodn\u00ed  pat\u0159\u00ed mezi odp\u016frce kolkov\u00e1n\u00ed lihovin.<\/p>\n<p><a href=\"http:\/\/www.mediafax.cz\/politika\/4100198-Ladislav-Jakl-ziskal-v-boji-o-Hrad-zatim-10-tisic-podpisu-jeden-i-od-prezidenta-Klause\" target=\"_blank\">Zdroj<\/a><\/p>\n","protected":false},"excerpt":{"rendered":"<p>Tajemn\u00edk st\u00e1vaj\u00edc\u00ed hlavy st\u00e1tu Ladislav Jakl m\u00e1 na podporu svoj\u00ed prezidentsk\u00e9 kandidatury zat\u00edm 10 tis\u00edc podpis\u016f z pot\u0159ebn\u00fdch 50 tis\u00edc, mezi nimi je i jeden od prezidenta V\u00e1clava Klause. V ned\u011bli to uvedli p\u0159edseda Strany svobodn\u00fdch ob\u010dan\u016f Petr Mach a s\u00e1m Jakl.<\/p>\n","protected":false},"author":1,"featured_media":0,"comment_status":"open","ping_status":"open","sticky":false,"template":"","format":"standard","meta":{"ngg_post_thumbnail":0,"footnotes":""},"categories":[17,11],"tags":[],"class_list":["post-2696","post","type-post","status-publish","format-standard","hentry","category-jakl-president","category-ozvena"],"_links":{"self":[{"href":"https:\/\/www.ladislavjakl.cz\/index.php?rest_route=\/wp\/v2\/posts\/2696","targetHints":{"allow":["GET"]}}],"collection":[{"href":"https:\/\/www.ladislavjakl.cz\/index.php?rest_route=\/wp\/v2\/posts"}],"about":[{"href":"https:\/\/www.ladislavjakl.cz\/index.php?rest_route=\/wp\/v2\/types\/post"}],"author":[{"embeddable":true,"href":"https:\/\/www.ladislavjakl.cz\/index.php?rest_route=\/wp\/v2\/users\/1"}],"replies":[{"embeddable":true,"href":"https:\/\/www.ladislavjakl.cz\/index.php?rest_route=%2Fwp%2Fv2%2Fcomments&post=2696"}],"version-history":[{"count":2,"href":"https:\/\/www.ladislavjakl.cz\/index.php?rest_route=\/wp\/v2\/posts\/2696\/revisions"}],"predecessor-version":[{"id":2698,"href":"https:\/\/www.ladislavjakl.cz\/index.php?rest_route=\/wp\/v2\/posts\/2696\/revisions\/2698"}],"wp:attachment":[{"href":"https:\/\/www.ladislavjakl.cz\/index.php?rest_route=%2Fwp%2Fv2%2Fmedia&parent=2696"}],"wp:term":[{"taxonomy":"category","embeddable":true,"href":"https:\/\/www.ladislavjakl.cz\/index.php?rest_route=%2Fwp%2Fv2%2Fcategories&post=2696"},{"taxonomy":"post_tag","embeddable":true,"href":"https:\/\/www.ladislavjakl.cz\/index.php?rest_route=%2Fwp%2Fv2%2Ftags&post=2696"}],"curies":[{"name":"wp","href":"https:\/\/api.w.org\/{rel}","templated":true}]}}