{"id":2702,"date":"2012-09-26T11:09:49","date_gmt":"2012-09-26T09:09:49","guid":{"rendered":"http:\/\/www.ladislavjakl.cz\/?p=2702"},"modified":"2012-09-26T11:09:49","modified_gmt":"2012-09-26T09:09:49","slug":"jakl-se-pochlubil-pro-kandidaturu-na-hrad-mam-10-tisic-podpisu-i-klausuv","status":"publish","type":"post","link":"https:\/\/www.ladislavjakl.cz\/?p=2702","title":{"rendered":"Jakl se pochlubil: Pro kandidaturu na Hrad m\u00e1m 10 tis\u00edc podpis\u016f. I Klaus\u016fv"},"content":{"rendered":"<p>Ladislavu Jaklovi se pro svou prezidentskou kandidaturu poda\u0159ilo z\u00edskat  podpis sv\u00e9ho \u0161\u00e9fa, sou\u010dasn\u00e9 hlavy st\u00e1tu V\u00e1clava Klause. \u00dasp\u011bch zapil na  tiskov\u00e9 konferenci s lidmi ze Strany svobodn\u00fdch ob\u010dan\u016f pravou irskou  whiskey. Nekolkovanou.<\/p>\n<p><!--more--><\/p>\n<p>Klausova podpisu si pr\u00fd Jakl velmi v\u00e1\u017e\u00ed. Nast\u00ednil, jak\u00e1 by mohla b\u00fdt  Klausova budoucnost v p\u0159\u00edpad\u011b jeho zvolen\u00ed: &#8222;Mohl by b\u00fdt jedn\u00edm z  extern\u00edch poradc\u016f.\u201c Prezident mu pr\u00fd v\u0161ak s kampan\u00ed nijak nerad\u00ed. &#8222;N\u00e1\u0161  pracovn\u00ed pom\u011br je st\u00e1le nastaven tak, \u017ee rad\u00edm j\u00e1 jemu,&#8220; uvedl Jakl.  &#8222;Jsem zv\u011bdav, s jak\u00fdmi podpisy se vytas\u00ed ostatn\u00ed beznad\u011bjn\u00ed kandid\u00e1ti,&#8220;  prohl\u00e1sil.<\/p>\n<p>Ke kandidatu\u0159e ho p\u0159esv\u011bd\u010dila neparlamentn\u00ed Strana svobodn\u00fdch ob\u010dan\u016f,  kter\u00e1 u\u017e mu sesb\u00edrala na 10 tis\u00edc podpis\u016f, tedy p\u011btinu z pot\u0159ebn\u00fdch 50  tis\u00edc. Podpisy mu sb\u00edr\u00e1 s\u00ed\u0165 zhruba 1500 dobrovoln\u00edk\u016f v cel\u00e9 \u010cR. Celkem  m\u00e1 po \u010cesk\u00e9 republice 50 sb\u011brn\u00fdch m\u00edst, kde lze petice podepsat.<\/p>\n<p>Pop\u00edjen\u00edm irsk\u00e9 whiskey jen zd\u016fraznil svou kritiku o zaveden\u00ed prohibice  v \u010desk\u00e9 zemi. &#8222;Dejte st\u00e1tu probl\u00e9m a vymysl\u00ed z\u00e1kaz. Nic jin\u00e9ho neum\u00ed,\u201c  uvedl. Lid\u00e9 pr\u00fd nech\u00e1pou, pro\u010d maj\u00ed b\u00fdt chr\u00e1n\u011bni plo\u0161n\u00fdm z\u00e1kazem prodeje  tvrd\u00e9ho alkoholu.<\/p>\n<p>Jakl je podle sv\u00e9ho n\u00e1zoru pro \u0159adu ob\u010dan\u016f dostate\u010dn\u011b zn\u00e1m\u00fdm uchaze\u010dem o  Hrad. &#8222;Za sv\u016fj \u017eivot jsem se vyjad\u0159oval otev\u0159en\u011b a ve\u0159ejn\u011b k mnoha  t\u00e9mat\u016fm,&#8220; \u0159ekl novin\u00e1\u0159\u016fm. Na prezidenta kandiduje s p\u0159esv\u011bd\u010den\u00edm, \u017ee je  t\u0159eba br\u00e1nit se &#8222;diskriminaci v\u0161eho druhu&#8220;. Jakl tak\u00e9 podporuje svobodn\u00e9  tr\u017en\u00ed prost\u0159ed\u00ed a stav\u00ed se proti &#8222;n\u00e1siln\u00e9mu kolektivismu&#8220;.<\/p>\n<p>Favoritem pr\u016fzkum\u016f ve\u0159ejn\u00e9ho m\u00edn\u011bn\u00ed je mezi prezidentsk\u00fdmi kandid\u00e1ty  b\u00fdval\u00fd premi\u00e9r Jan Fischer. N\u011bkdej\u0161\u00edmu p\u0159edsedovi \u00fa\u0159ednick\u00e9 vl\u00e1dy  nahr\u00e1lo odstoupen\u00ed ekonoma Jana \u0160vejnara z kl\u00e1n\u00ed o k\u0159eslo na Hrad\u011b. Na  druh\u00e9m m\u00edst\u011b se objevuje jm\u00e9no dal\u0161\u00edho b\u00fdval\u00e9ho premi\u00e9ra Milo\u0161e Zemana.<\/p>\n<p><a href=\"http:\/\/www.parlamentnilisty.cz\/zpravy\/Jakl-se-pochlubil-Pro-kandidaturu-na-Hrad-mam-10-tisic-podpisu-I-Klausuv-247378\" target=\"_blank\">Zdroj<\/a><\/p>\n","protected":false},"excerpt":{"rendered":"<p>Ladislavu Jaklovi se pro svou prezidentskou kandidaturu poda\u0159ilo z\u00edskat podpis sv\u00e9ho \u0161\u00e9fa, sou\u010dasn\u00e9 hlavy st\u00e1tu V\u00e1clava Klause. \u00dasp\u011bch zapil na tiskov\u00e9 konferenci s lidmi ze Strany svobodn\u00fdch ob\u010dan\u016f pravou irskou whiskey. Nekolkovanou.<\/p>\n","protected":false},"author":1,"featured_media":0,"comment_status":"open","ping_status":"open","sticky":false,"template":"","format":"standard","meta":{"ngg_post_thumbnail":0,"footnotes":""},"categories":[17,11],"tags":[],"class_list":["post-2702","post","type-post","status-publish","format-standard","hentry","category-jakl-president","category-ozvena"],"_links":{"self":[{"href":"https:\/\/www.ladislavjakl.cz\/index.php?rest_route=\/wp\/v2\/posts\/2702","targetHints":{"allow":["GET"]}}],"collection":[{"href":"https:\/\/www.ladislavjakl.cz\/index.php?rest_route=\/wp\/v2\/posts"}],"about":[{"href":"https:\/\/www.ladislavjakl.cz\/index.php?rest_route=\/wp\/v2\/types\/post"}],"author":[{"embeddable":true,"href":"https:\/\/www.ladislavjakl.cz\/index.php?rest_route=\/wp\/v2\/users\/1"}],"replies":[{"embeddable":true,"href":"https:\/\/www.ladislavjakl.cz\/index.php?rest_route=%2Fwp%2Fv2%2Fcomments&post=2702"}],"version-history":[{"count":2,"href":"https:\/\/www.ladislavjakl.cz\/index.php?rest_route=\/wp\/v2\/posts\/2702\/revisions"}],"predecessor-version":[{"id":2704,"href":"https:\/\/www.ladislavjakl.cz\/index.php?rest_route=\/wp\/v2\/posts\/2702\/revisions\/2704"}],"wp:attachment":[{"href":"https:\/\/www.ladislavjakl.cz\/index.php?rest_route=%2Fwp%2Fv2%2Fmedia&parent=2702"}],"wp:term":[{"taxonomy":"category","embeddable":true,"href":"https:\/\/www.ladislavjakl.cz\/index.php?rest_route=%2Fwp%2Fv2%2Fcategories&post=2702"},{"taxonomy":"post_tag","embeddable":true,"href":"https:\/\/www.ladislavjakl.cz\/index.php?rest_route=%2Fwp%2Fv2%2Ftags&post=2702"}],"curies":[{"name":"wp","href":"https:\/\/api.w.org\/{rel}","templated":true}]}}