{"id":2705,"date":"2012-09-26T11:12:00","date_gmt":"2012-09-26T09:12:00","guid":{"rendered":"http:\/\/www.ladislavjakl.cz\/?p=2705"},"modified":"2012-11-29T14:28:32","modified_gmt":"2012-11-29T13:28:32","slug":"ladislav-jakl-muz-ktery-si-stoji-za-svym-nazorem","status":"publish","type":"post","link":"https:\/\/www.ladislavjakl.cz\/?p=2705","title":{"rendered":"Ladislav Jakl: Mu\u017e, kter\u00fd si stoj\u00ed za sv\u00fdm n\u00e1zorem"},"content":{"rendered":"<p>Tajemn\u00edk V\u00e1clava Klause se chyst\u00e1 kandidovat na prezidenta. Jednou z jeho nejv\u011bt\u0161\u00edch hodnot je svoboda a pevn\u00fd n\u00e1zor. Vad\u00ed mu st\u00e1l\u00e9 p\u0159\u00edkazy, z\u00e1kazy \u010di regulace. Nem\u00e1 r\u00e1d siln\u00e1 slova a nechce podl\u00e9hat n\u00e1lad\u00e1m.<br \/>\n<!--more--><br \/>\n<img loading=\"lazy\" decoding=\"async\" style=\"float: left; margin-left: 10px; margin-right: 10px;\" src=\"http:\/\/www.viposobnosti.eu\/obrazek\/2\/ladislav-jakl-tajemnik-kandidat-na-prezidenta-642\/\" alt=\"\" width=\"300\" height=\"219\" \/><\/p>\n<p><strong>Pro\u010d jste se rozhodl, resp. jak\u00e1 je va\u0161e motivace pro kandidaturu na prezidenta?<\/strong><\/p>\n<p>Proto\u017ee z dosavadn\u00ed medi\u00e1ln\u011b favorizovan\u00e9 kolekce uchaze\u010d\u016f bych nem\u011bl koho volit. A tedy ani lid\u00e9, kte\u0159\u00ed se d\u00edvaj\u00ed na sv\u011bt podobn\u011b jako j\u00e1. Mezi uchaze\u010di nen\u00ed nikdo jin\u00fd, kdo by m\u011bl ochranu svobody jednotlivce jako svou \u017eivotn\u00ed prioritu. Jsou to sam\u00ed slibova\u010di dobra vnucovan\u00e9ho lidem za jejich vlastn\u00ed pen\u00edze.<\/p>\n<p><strong>Podle v\u00e1s tedy chyb\u00ed osobnosti s jasn\u00fdmi vizemi. Jak se tedy mohli tito dva kadid\u00e1ti dostat na p\u0159edn\u00ed p\u0159\u00ed\u010dky?<\/strong><\/p>\n<p>J\u00e1 od nikoho nepot\u0159ebuji vize. Pot\u0159ebuji n\u00e1zory a hodnoty, ze kter\u00fdch by tyto n\u00e1zory konzistentn\u011b vyr\u016fstaly. A hodnotou nejcenn\u011bj\u0161\u00ed je svoboda. A tu nechr\u00e1n\u00ed z kandid\u00e1t\u016f nikdo. Postaven\u00ed v anket\u00e1ch a pr\u016fzkumech komentovat nebudu. V\u0161e je na prodej.<\/p>\n<p><strong>Vy byste tedy nic nesliboval. \u010c\u00edm byste cht\u011bl tedy voli\u010de z\u00edskat?<\/strong><\/p>\n<p>Sv\u00fdmi trval\u00fdmi n\u00e1zory.<\/p>\n<p><strong>Mysl\u00edte, \u017ee se v\u00e1m poda\u0159\u00ed nasb\u00edrat 50.000 podpis\u016f?<\/strong><\/p>\n<p>Kdybych si to nemyslel, ne\u0161el bych do toho. Ale bez milion\u016f, kter\u00fdmi m\u00e1vaj\u00ed n\u011bkte\u0159\u00ed dal\u0161\u00ed uchaze\u010di, je to velmi t\u011b\u017ek\u00e9.<\/p>\n<p><strong>Vy m\u00e1te velk\u00e9 zku\u0161enosti jako tajemn\u00edk prezidenta V\u00e1clava Klause a ur\u010dit\u011b m\u00e1te vlastn\u00ed n\u00e1zor na politiku. Jak\u00fdm sm\u011brem byste ho cht\u011bl politicky a ekonomicky vyu\u017e\u00edt?<\/strong><\/p>\n<p>V sou\u010dasn\u00e9 dob\u011b je ve st\u00e1tn\u00ed ma\u0161in\u00e9rii m\u00e1lokdo, kdo by m\u011bl odvahu \u010delit trval\u00fdm snah\u00e1m o omezov\u00e1n\u00ed svobody, o st\u00e1le dal\u0161\u00ed a dal\u0161\u00ed z\u00e1kazy, p\u0159\u00edkazy a regulace \u00fadajn\u011b ve ve\u0159ejn\u00e9m z\u00e1jmu. V z\u00e1jmu lid\u00ed ale je, aby ve veden\u00ed st\u00e1tu byl n\u011bkdo, kdo to t\u011bm ostatn\u00edm trochu zt\u00ed\u017e\u00ed.<\/p>\n<p><strong>Svoboda, i ta vnit\u0159n\u00ed je to nejcenn\u011bj\u0161\u00ed, ale i nejt\u011b\u017e\u0161\u00ed. Jsou lid\u00e9, podle va\u0161eho n\u00e1zoru svobodu p\u0159ipraveni?<\/strong><\/p>\n<p>Na svobodu je p\u0159ipraven ka\u017ed\u00fd \u010dlov\u011bk., A nikdo nem\u00e1 pr\u00e1vo hodnotit p\u0159ipravenost druh\u00fdch na svobodu a podle toho jim milostiv\u011b svobodu d\u00e1t nebo sebrat.<\/p>\n<p><strong>Jak\u00fdmi lidmi byste se cht\u011bl obklopit?<\/strong><\/p>\n<p>D\u016fv\u011bryhodn\u00fdmi a kvalifikovan\u00fdmi.<\/p>\n<p><strong>V\u00edte, kde je hledat? <\/strong><\/p>\n<p>V \u017eivot\u011b.<\/p>\n<p><strong>S k\u00fdm byste se asi nejv\u00edce radil?<\/strong><\/p>\n<p>Jak v \u010dem. V politick\u00fdch se nerad\u00edm s nik\u00fdm. V person\u00e1ln\u00edch v\u011b\u0159\u00edm \u017een\u00e1m a v odborn\u00fdch bych se obracel na p\u0159\u00edslu\u0161n\u00e9 experty.<\/p>\n<p><strong>Jak vn\u00edm\u00e1te sou\u010dasnou politickou situaci, resp. jak by se dala podle v\u00e1s \u0159e\u0161it? Nechat ji proj\u00edt katarz\u00ed a za\u010d\u00edt tzv. na \u010dist\u00e9m stole, nebo je tu je\u0161t\u011b prostor pro z\u00e1chranu?<\/strong><\/p>\n<p>Nepodl\u00e9hejme n\u00e1lad\u00e1m, \u017ee sou\u010dasn\u00e1 doba je n\u011bjak na spadnut\u00ed. Co by m\u011blo spadnout? Jsme na tom velmi podobn\u011b, jako v\u0161echny ostatn\u00ed evropsk\u00e9 st\u00e1ty. M\u00e1me s nimi stejn\u00fd \u00fakol: \u010delit trval\u00e9mu \u00fabytku svobod a rostouc\u00ed moci nevolen\u00fdch nadn\u00e1rodn\u00edch instituc\u00ed.<\/p>\n<p>M\u00e1m na mysli rozh\u00e1danost stran uvnit\u0159 i mezi sebou a ned\u016fv\u011bru ve vl\u00e1du a premi\u00e9ra Ne\u010dase. Odposlechy, zvy\u0161ov\u00e1n\u00ed dan\u00ed, nekoncep\u010dnost, ni\u017e\u0161\u00ed valorizaci d\u016fchod\u016f.To co se tady v posledn\u00ed dob\u011b d\u011bje, p\u0159ece nesv\u011bd\u010d\u00ed o jak\u00e9koliv kulturnosti, ani profesionalit\u011b politk\u016f.<\/p>\n<p>To je ale ka\u017edodenn\u00ed a nikdy nekon\u010d\u00edc\u00ed boj. Vede se i v\u0161ude jinde. Nejsme v tom jin\u00ed.<\/p>\n<p><strong>Jak byste si, jako b\u00fdval\u00fd \u017eurnalista poradil s m\u00e9dii?<\/strong><\/p>\n<p>Jako dosud. Ned\u00e1v\u00e1m manipul\u00e1tor\u016fm moc \u0161anc\u00ed.<\/p>\n<p><strong>Nevadilo by v\u00e1m, \u017ee se k v\u00e1m nedostanou v\u0161echny pot\u0159ebn\u00e9 informace, proto\u017ee ka\u017ed\u00fd, kdo s v\u00e1mi pracuje m\u00e1 i na sv\u00e9 pozici sv\u00e9 osobn\u00ed z\u00e1jmy, co\u017e je t.\u010d. probl\u00e9m nap\u0159.sou\u010dasn\u00e9ho kandid\u00e1ta na prezidenta Jana Fischera?<\/strong><\/p>\n<p>Nemysl\u00edm, \u017ee mi n\u011bco takov\u00e9ho hroz\u00ed.<\/p>\n<p><strong>\u010c\u00edm se chcete od nejv\u00fdrazn\u011bj\u0161\u00edch kandid\u00e1t\u016f Jana Fischera a Milo\u0161e Zemana odli\u0161it?<\/strong><\/p>\n<p>T\u00edm, \u017ee budu Ladislavem Jaklem.<\/p>\n<p><strong>Jak\u00e9 si mysl\u00edte, \u017ee jsou va\u0161e \u0161ance? Mysl\u00edte, \u017ee se\u017eenete dostatek financ\u00ed na veden\u00ed kampan\u011b?<\/strong><\/p>\n<p>Nejd\u0159\u00edv mus\u00edm nasb\u00edrat ony podpisy. Pak teprve m\u00e1 cenu \u0159e\u0161it vlastn\u00ed kampa\u0148.<\/p>\n<p><strong>Mysl\u00edte si, \u017ee prezidenovy pravomoce jsou natolik siln\u00e9, \u017ee mohou ovlivnit politick\u00e9 d\u011bn\u00ed ?<\/strong><\/p>\n<p>Jsou mnohem siln\u011bj\u0161\u00ed, ne\u017e si lid\u00e9 mysl\u00ed. A p\u0159\u00edmo volen\u00fd prezident je bude vyu\u017e\u00edvat mnohem v\u00edc, ne\u017e dosud bylo zvykem.<\/p>\n<p><strong>Co byste cht\u011bl zm\u011bnit ve spole\u010dnosti jako prvn\u00ed?<\/strong><\/p>\n<p>Nem\u00e1m r\u00e1d velk\u00e1 slova o m\u011bn\u011bn\u00ed spole\u010dnosti. V\u017edy jsem se sp\u00ed\u0161 sna\u017eil, aby spole\u010dnost nezm\u011bnila mne.<\/p>\n<p><strong>Jakou oblast byste r\u00e1d podporoval?<\/strong><\/p>\n<p>Pokud se rozhodnete cokoli podporovat, mus\u00edte v\u011bd\u011bt, \u017ee ka\u017ed\u00e1 podopora jednoho je v\u017edy na \u00fakor n\u011bkoho jin\u00e9ho. Proto budu podporovat jen svobodu v\u0161ech.<\/p>\n<p><strong>Prezident je i o spole\u010densk\u00e9m vystupov\u00e1n\u00ed, etiket\u011b, jak vn\u00edm\u00e1te tuto sou\u010d\u00e1st funkce?<\/strong><\/p>\n<p>Jako sou\u010d\u00e1st role.<\/p>\n<p><strong>Pokud byste vyhr\u00e1l, cht\u011bl byste m\u00edt st\u00e1le je\u0161t\u011b mal\u00fd pivovar?<\/strong><\/p>\n<p>Ten budu m\u00edt v obou p\u0159\u00edpadech.<\/p>\n<p><a href=\"http:\/\/www.viposobnosti.eu\/inpage\/ladislav-jakl-tajemnik-kandidat-na-prezidenta\/\" target=\"_blank\">Zdroj<\/a><\/p>\n","protected":false},"excerpt":{"rendered":"<p>Tajemn\u00edk V\u00e1clava Klause se chyst\u00e1 kandidovat na prezidenta. Jednou z jeho nejv\u011bt\u0161\u00edch hodnot je svoboda a pevn\u00fd n\u00e1zor. Vad\u00ed mu st\u00e1l\u00e9 p\u0159\u00edkazy, z\u00e1kazy \u010di regulace. Nem\u00e1 r\u00e1d siln\u00e1 slova a nechce podl\u00e9hat n\u00e1lad\u00e1m.<\/p>\n","protected":false},"author":1,"featured_media":0,"comment_status":"open","ping_status":"open","sticky":false,"template":"","format":"standard","meta":{"ngg_post_thumbnail":0,"footnotes":""},"categories":[17,13],"tags":[],"class_list":["post-2705","post","type-post","status-publish","format-standard","hentry","category-jakl-president","category-rozhovory"],"_links":{"self":[{"href":"https:\/\/www.ladislavjakl.cz\/index.php?rest_route=\/wp\/v2\/posts\/2705","targetHints":{"allow":["GET"]}}],"collection":[{"href":"https:\/\/www.ladislavjakl.cz\/index.php?rest_route=\/wp\/v2\/posts"}],"about":[{"href":"https:\/\/www.ladislavjakl.cz\/index.php?rest_route=\/wp\/v2\/types\/post"}],"author":[{"embeddable":true,"href":"https:\/\/www.ladislavjakl.cz\/index.php?rest_route=\/wp\/v2\/users\/1"}],"replies":[{"embeddable":true,"href":"https:\/\/www.ladislavjakl.cz\/index.php?rest_route=%2Fwp%2Fv2%2Fcomments&post=2705"}],"version-history":[{"count":3,"href":"https:\/\/www.ladislavjakl.cz\/index.php?rest_route=\/wp\/v2\/posts\/2705\/revisions"}],"predecessor-version":[{"id":3227,"href":"https:\/\/www.ladislavjakl.cz\/index.php?rest_route=\/wp\/v2\/posts\/2705\/revisions\/3227"}],"wp:attachment":[{"href":"https:\/\/www.ladislavjakl.cz\/index.php?rest_route=%2Fwp%2Fv2%2Fmedia&parent=2705"}],"wp:term":[{"taxonomy":"category","embeddable":true,"href":"https:\/\/www.ladislavjakl.cz\/index.php?rest_route=%2Fwp%2Fv2%2Fcategories&post=2705"},{"taxonomy":"post_tag","embeddable":true,"href":"https:\/\/www.ladislavjakl.cz\/index.php?rest_route=%2Fwp%2Fv2%2Ftags&post=2705"}],"curies":[{"name":"wp","href":"https:\/\/api.w.org\/{rel}","templated":true}]}}