{"id":2707,"date":"2012-09-26T11:13:41","date_gmt":"2012-09-26T09:13:41","guid":{"rendered":"http:\/\/www.ladislavjakl.cz\/?p=2707"},"modified":"2012-09-26T11:13:41","modified_gmt":"2012-09-26T09:13:41","slug":"jakl-neni-zadna-fajnovka-proto-pije-pivo-ted-ziskal-podporu-pivniho-webu","status":"publish","type":"post","link":"https:\/\/www.ladislavjakl.cz\/?p=2707","title":{"rendered":"Jakl nen\u00ed \u017e\u00e1dn\u00e1 fajnovka, proto pije pivo. Te\u010f z\u00edskal podporu pivn\u00edho webu"},"content":{"rendered":"<p>Nejsem \u017e\u00e1dn\u00e1 fajnovka a piju pivo. Asi taktov\u00fd vzkaz vyslal sv\u00fdm potenci\u00e1ln\u00edm voli\u010d\u016fm kandid\u00e1t na prezidenta Ladislav Jakl. <a id=\"anchorbbtBubble52\">Ten<\/a> te\u010f d\u00edky tomu z\u00edskal siln\u00e9ho spojence. Specializovan\u00fd <a id=\"anchorbbtBubble60\">web<\/a> Pivn\u00ed.info se postavil za jeho kandidaturu.<\/p>\n<p><!--more--><\/p>\n<p>Jakl na jedn\u00e9 ze sv\u00fdch propaga\u010dn\u00edch <a id=\"anchorbbtBubble73\">fotografii<\/a> p\u00ed\u0161e: \u201eChcete mezi kandid\u00e1ty jen ty, co pij\u00ed \u0161ampa\u0148sk\u00e9, ko\u0148ak,  cizokrajn\u00e1 v\u00edna, nebo k\u00e1vi\u010dku? Nebo n\u011bkoho, kdo rozum\u00ed pivu a bojuje za  n\u011bj? N\u011bkoho, kdo ch\u00e1pe probl\u00e9my hospod a bojuje proti z\u00e1kaz\u016fm kou\u0159en\u00ed a  omezov\u00e1n\u00ed otev\u00edrac\u00ed doby? Kdo bojuje proti spot\u0159ebn\u00ed dani, kv\u016fli kter\u00e9  n\u00e1m zakazuj\u00ed d\u00e1t v si v hospod\u011b pan\u00e1ka?\u201c<\/p>\n<p>To zalichotilo pivn\u00edmu  webu. \u201eS kandid\u00e1ty na prezidenta na\u0161\u00ed vlasti se roztrhl pytel. Nicm\u00e9n\u011b  existuje jeden, kter\u00fd je n\u00e1m jako piva\u0159\u016fm bl\u00ed\u017ee ne\u017e <a id=\"anchorbbtBubble150\">ostatn\u00ed<\/a>.  Dovolte mi podpo\u0159it kandidaturu pana Ladislava Jakla,\u201c p\u00ed\u0161e web. O  Jaklovi web mluv\u00ed jako o \u010dlenovi Prvn\u00ed pivn\u00ed extraligy, jeho\u017e l\u00e1ska ke  zlatav\u00e9mu moku je v\u0161eobecn\u011b zn\u00e1m\u00e1.<\/p>\n<p><a href=\"http:\/\/domaci.eurozpravy.cz\/politika\/57108-jakl-neni-zadna-fajnovka-proto-pije-pivo-ted-ziskal-podporu-pivniho-webu\/\" target=\"_blank\">Zdroj<\/a><\/p>\n","protected":false},"excerpt":{"rendered":"<p>Nejsem \u017e\u00e1dn\u00e1 fajnovka a piju pivo. Asi taktov\u00fd vzkaz vyslal sv\u00fdm potenci\u00e1ln\u00edm voli\u010d\u016fm kandid\u00e1t na prezidenta Ladislav Jakl. Ten te\u010f d\u00edky tomu z\u00edskal siln\u00e9ho spojence. Specializovan\u00fd web Pivn\u00ed.info se postavil za jeho kandidaturu.<\/p>\n","protected":false},"author":1,"featured_media":0,"comment_status":"open","ping_status":"open","sticky":false,"template":"","format":"standard","meta":{"ngg_post_thumbnail":0,"footnotes":""},"categories":[17,11],"tags":[],"class_list":["post-2707","post","type-post","status-publish","format-standard","hentry","category-jakl-president","category-ozvena"],"_links":{"self":[{"href":"https:\/\/www.ladislavjakl.cz\/index.php?rest_route=\/wp\/v2\/posts\/2707","targetHints":{"allow":["GET"]}}],"collection":[{"href":"https:\/\/www.ladislavjakl.cz\/index.php?rest_route=\/wp\/v2\/posts"}],"about":[{"href":"https:\/\/www.ladislavjakl.cz\/index.php?rest_route=\/wp\/v2\/types\/post"}],"author":[{"embeddable":true,"href":"https:\/\/www.ladislavjakl.cz\/index.php?rest_route=\/wp\/v2\/users\/1"}],"replies":[{"embeddable":true,"href":"https:\/\/www.ladislavjakl.cz\/index.php?rest_route=%2Fwp%2Fv2%2Fcomments&post=2707"}],"version-history":[{"count":1,"href":"https:\/\/www.ladislavjakl.cz\/index.php?rest_route=\/wp\/v2\/posts\/2707\/revisions"}],"predecessor-version":[{"id":2708,"href":"https:\/\/www.ladislavjakl.cz\/index.php?rest_route=\/wp\/v2\/posts\/2707\/revisions\/2708"}],"wp:attachment":[{"href":"https:\/\/www.ladislavjakl.cz\/index.php?rest_route=%2Fwp%2Fv2%2Fmedia&parent=2707"}],"wp:term":[{"taxonomy":"category","embeddable":true,"href":"https:\/\/www.ladislavjakl.cz\/index.php?rest_route=%2Fwp%2Fv2%2Fcategories&post=2707"},{"taxonomy":"post_tag","embeddable":true,"href":"https:\/\/www.ladislavjakl.cz\/index.php?rest_route=%2Fwp%2Fv2%2Ftags&post=2707"}],"curies":[{"name":"wp","href":"https:\/\/api.w.org\/{rel}","templated":true}]}}