{"id":2728,"date":"2012-09-27T13:37:44","date_gmt":"2012-09-27T12:37:44","guid":{"rendered":"http:\/\/www.ladislavjakl.cz\/?p=2728"},"modified":"2012-11-29T14:25:04","modified_gmt":"2012-11-29T13:25:04","slug":"jakl-nabizel-v-dobe-prohibice-nekolkovanou-irskou-whiskey","status":"publish","type":"post","link":"https:\/\/www.ladislavjakl.cz\/?p=2728","title":{"rendered":"Jakl nab\u00edzel v dob\u011b prohibice nekolkovanou irskou whiskey"},"content":{"rendered":"<p>Prezidentsk\u00fd kandid\u00e1t a politick\u00fd rada Pra\u017esk\u00e9ho hradu Ladislav Jakl dostal na tiskov\u00e9 konferenci od p\u0159edsedy Strany svobodn\u00fdch ob\u010dan\u016f lahev irsk\u00e9 whiskey.<\/p>\n<p><!--more-->&#8222;P\u0159izn\u00e1m se, \u017ee whisky z t\u00e9to zem\u011b jsem p\u0159estal p\u00edt po druh\u00e9m irsk\u00e9m referendu,&#8220; sd\u011blil euroskeptik Jakl a vz\u00e1p\u011bt\u00ed za\u010dal nab\u00edzet p\u0159\u00edpitek v\u0161em p\u0159\u00edtomn\u00fdm. &#8222;V\u0161imn\u011bte si, \u017ee to je bez kolku samoz\u0159ejm\u011b,&#8220; dodal je\u0161t\u011b p\u0159edseda strany Petr Mach ve chv\u00edli, kdy Jakl l\u00e1hev otev\u00edral.<\/p>\n<p><a href=\"http:\/\/www.lidovky.cz\/video-ladislav-jakl-nabizel-v-dobe-prohibice-nekolkovanou-irskou-whisky-1o6-\/ln-video.asp?c=A120924_084511_ln-video_jkz\" target=\"_blank\">Zdroj<\/a><\/p>\n","protected":false},"excerpt":{"rendered":"<p>Prezidentsk\u00fd kandid\u00e1t a politick\u00fd rada Pra\u017esk\u00e9ho hradu Ladislav Jakl dostal na tiskov\u00e9 konferenci od p\u0159edsedy Strany svobodn\u00fdch ob\u010dan\u016f lahev irsk\u00e9 whiskey.<\/p>\n","protected":false},"author":1,"featured_media":0,"comment_status":"open","ping_status":"open","sticky":false,"template":"","format":"standard","meta":{"ngg_post_thumbnail":0,"footnotes":""},"categories":[17,11,12],"tags":[],"class_list":["post-2728","post","type-post","status-publish","format-standard","hentry","category-jakl-president","category-ozvena","category-video"],"_links":{"self":[{"href":"https:\/\/www.ladislavjakl.cz\/index.php?rest_route=\/wp\/v2\/posts\/2728","targetHints":{"allow":["GET"]}}],"collection":[{"href":"https:\/\/www.ladislavjakl.cz\/index.php?rest_route=\/wp\/v2\/posts"}],"about":[{"href":"https:\/\/www.ladislavjakl.cz\/index.php?rest_route=\/wp\/v2\/types\/post"}],"author":[{"embeddable":true,"href":"https:\/\/www.ladislavjakl.cz\/index.php?rest_route=\/wp\/v2\/users\/1"}],"replies":[{"embeddable":true,"href":"https:\/\/www.ladislavjakl.cz\/index.php?rest_route=%2Fwp%2Fv2%2Fcomments&post=2728"}],"version-history":[{"count":2,"href":"https:\/\/www.ladislavjakl.cz\/index.php?rest_route=\/wp\/v2\/posts\/2728\/revisions"}],"predecessor-version":[{"id":3226,"href":"https:\/\/www.ladislavjakl.cz\/index.php?rest_route=\/wp\/v2\/posts\/2728\/revisions\/3226"}],"wp:attachment":[{"href":"https:\/\/www.ladislavjakl.cz\/index.php?rest_route=%2Fwp%2Fv2%2Fmedia&parent=2728"}],"wp:term":[{"taxonomy":"category","embeddable":true,"href":"https:\/\/www.ladislavjakl.cz\/index.php?rest_route=%2Fwp%2Fv2%2Fcategories&post=2728"},{"taxonomy":"post_tag","embeddable":true,"href":"https:\/\/www.ladislavjakl.cz\/index.php?rest_route=%2Fwp%2Fv2%2Ftags&post=2728"}],"curies":[{"name":"wp","href":"https:\/\/api.w.org\/{rel}","templated":true}]}}