{"id":2732,"date":"2012-09-27T13:41:40","date_gmt":"2012-09-27T11:41:40","guid":{"rendered":"http:\/\/www.ladislavjakl.cz\/?p=2732"},"modified":"2012-09-27T13:41:40","modified_gmt":"2012-09-27T11:41:40","slug":"byli-jsme-pred-unii-budeme-i-po-ni-jakl-a-dalsi-vzpominaji-na-zlatou-bulu-sicilskou","status":"publish","type":"post","link":"https:\/\/www.ladislavjakl.cz\/?p=2732","title":{"rendered":"Byli jsme p\u0159ed Uni\u00ed, budeme i po n\u00ed. Jakl a dal\u0161\u00ed vzpom\u00ednaj\u00ed na Zlatou bulu sicilskou"},"content":{"rendered":"<p>Dnes je tomu p\u0159esn\u011b 800 let ode dne, kdy \u0159\u00edmsk\u00fd c\u00edsa\u0159 Fridrich II. vydal  takzvanou Zlatou bulu sicilskou, kter\u00e1 \u010desk\u00e9mu st\u00e1tu zaru\u010dovala  ned\u011blitelnost a z\u00e1rove\u0148 d\u011bdi\u010dnost kr\u00e1lovsk\u00e9ho titulu. V\u00fdznam dokumentu  p\u0159ipom\u00edn\u00e1 pravicov\u00e1 Akce D.O.S.T. spolu s kandid\u00e1tem na prezidenta  Ladislavem Jaklem.<\/p>\n<p><!--more--><\/p>\n<p>\u201eVydavatel, a\u010d v textu mnohomluvn\u011b zd\u016fraz\u0148oval svrchovanost sv\u00e9ho  majest\u00e1tu, neud\u011bloval toto privilegium nov\u011b, n\u00fdbr\u017e potvrzoval (!) je  jako star\u00e9 pr\u00e1vo \u010desk\u00fdch vl\u00e1dc\u016f. Odkazoval t\u00edm nejen na pr\u00e1vn\u00ed \u00fakony  sv\u00fdch c\u00edsa\u0159sk\u00fdch p\u0159edch\u016fdc\u016f \u010di na pape\u017esk\u00e9 listiny potvrzuj\u00edc\u00ed tot\u00e9\u017e,  ale i na ideu, kter\u00e1 je \u00faheln\u00fdm kamenem \u010desk\u00e9 st\u00e1tnosti, ideu jednoty v  mnohosti, ideu imp\u00e9ria (dnes bychom \u0159ekli Evropy) jako spole\u010denstv\u00ed  svobodn\u00fdch a samostatn\u00fdch st\u00e1t\u016f a \u010desk\u00e9ho m\u00edsta v n\u011bm,&#8220; p\u00ed\u0161\u00ed klausovci.<\/p>\n<p>Zlat\u00e1 bula sicilsk\u00e1 n\u00e1m podle nich d\u00e1v\u00e1 st\u00e1le jasn\u00e9 poselstv\u00ed:  &#8222;Soun\u00e1le\u017eitost s Evropou (co\u017e tehdy ale znamenalo cel\u00fd k\u0159es\u0165ansk\u00fd sv\u011bt)  mus\u00ed b\u00fdt pro \u010desk\u00fd st\u00e1t posilou, nesm\u00ed ho oslabovat. Mus\u00ed jej chr\u00e1nit  p\u0159ed silami chaosu a otev\u00edrat obchodn\u00edm a p\u0159\u00e1telsk\u00fdm vztah\u016fm, nesm\u00ed v\u0161ak  potla\u010dovat jeho sv\u00e9bytnost a vzdalovat z\u0159\u00eddlo moci od jeho instituc\u00ed.&#8220;<\/p>\n<p>Podle Jakla a veden\u00ed konzervativn\u00ed Akce D.O.S.T. je zvl\u00e1\u0161tn\u00ed souhrou,  \u017ee si osmist\u00e9 v\u00fdro\u010d\u00ed vyd\u00e1n\u00ed Zlat\u00e9 buly sicilsk\u00e9 p\u0159ipom\u00edn\u00e1me pr\u00e1v\u011b v  dob\u011b, kdy se s novou nal\u00e9havost\u00ed vyno\u0159uj\u00ed ot\u00e1zky po smyslu na\u0161\u00ed  st\u00e1tnosti a suverenity. My\u0161lenka evropsk\u00e9 spolupr\u00e1ce dnes podle nich  zmutovala do vize unifikovan\u00e9ho superst\u00e1tu Evropsk\u00e9 unie, jen\u017e  p\u0159edpokl\u00e1d\u00e1 demont\u00e1\u017e st\u00e1tnosti \u010dlensk\u00fdch zem\u00ed.<\/p>\n<p><strong>Pokud EU nezm\u011bn\u00ed sv\u00e9 sm\u011b\u0159ov\u00e1n\u00ed, nem\u00e1me tam co d\u011blat<\/strong><\/p>\n<p>\u201eEvropa nesm\u00ed b\u00fdt jakkoli vynucen\u00fdm a um\u011ble zformovan\u00fdm celkem, n\u00fdbr\u017e  spole\u010denstv\u00edm sd\u00edlen\u00fdch civiliza\u010dn\u00edch hodnot, spole\u010denstv\u00edm voln\u00fdm a  barvit\u00fdm. V takov\u00e9, a jenom takov\u00e9 Evrop\u011b je m\u00edsto \u010desk\u00e9ho st\u00e1tu. Jenom k  takov\u00e9 Evrop\u011b n\u00e1s odkazuj\u00ed na\u0161e tradice, spoluutv\u00e1\u0159en\u00e9 mimo jin\u00e9 i  historickou Zlatou bulou z roku 1212,&#8220; jsou jednozna\u010dn\u011b p\u0159esv\u011bd\u010deni.<\/p>\n<p>Nezm\u011bn\u00ed-li pr\u00fd Evropsk\u00e1 unie radik\u00e1ln\u011b sv\u00e9 sm\u011b\u0159ov\u00e1n\u00ed a nenavr\u00e1t\u00ed-li se  pokorn\u011b k my\u0161lence jednoty v mnohosti, nen\u00ed pro \u010desk\u00fd st\u00e1t a n\u00e1rod  \u017e\u00e1dn\u00fdm p\u0159\u00ednosem. &#8222;Lze pak jen, v d\u016fv\u011b\u0159e v ochranu svat\u00e9ho V\u00e1clava, jen\u017e  ned\u00e1 zahynouti n\u00e1m ani budouc\u00edm, pou\u017e\u00edt parafr\u00e1zi zn\u00e1m\u00e9ho v\u00fdroku  Franti\u0161ka Palack\u00e9ho a \u0159\u00edci: Byli jsme p\u0159ed Uni\u00ed, budeme i po n\u00ed!&#8220;  zvolali v z\u00e1v\u011bru sv\u00e9ho zamy\u0161len\u00ed.<\/p>\n<p><a href=\"http:\/\/www.parlamentnilisty.cz\/zpravy\/Byli-jsme-pred-Unii-budeme-i-po-ni-Jakl-a-dalsi-vzpominaji-na-Zlatou-bulu-sicilskou-247699\" target=\"_blank\">Zdroj<\/a><\/p>\n","protected":false},"excerpt":{"rendered":"<p>Dnes je tomu p\u0159esn\u011b 800 let ode dne, kdy \u0159\u00edmsk\u00fd c\u00edsa\u0159 Fridrich II. vydal takzvanou Zlatou bulu sicilskou, kter\u00e1 \u010desk\u00e9mu st\u00e1tu zaru\u010dovala ned\u011blitelnost a z\u00e1rove\u0148 d\u011bdi\u010dnost kr\u00e1lovsk\u00e9ho titulu. V\u00fdznam dokumentu p\u0159ipom\u00edn\u00e1 pravicov\u00e1 Akce D.O.S.T. spolu s kandid\u00e1tem na prezidenta Ladislavem Jaklem.<\/p>\n","protected":false},"author":1,"featured_media":0,"comment_status":"open","ping_status":"open","sticky":false,"template":"","format":"standard","meta":{"ngg_post_thumbnail":0,"footnotes":""},"categories":[11],"tags":[],"class_list":["post-2732","post","type-post","status-publish","format-standard","hentry","category-ozvena"],"_links":{"self":[{"href":"https:\/\/www.ladislavjakl.cz\/index.php?rest_route=\/wp\/v2\/posts\/2732","targetHints":{"allow":["GET"]}}],"collection":[{"href":"https:\/\/www.ladislavjakl.cz\/index.php?rest_route=\/wp\/v2\/posts"}],"about":[{"href":"https:\/\/www.ladislavjakl.cz\/index.php?rest_route=\/wp\/v2\/types\/post"}],"author":[{"embeddable":true,"href":"https:\/\/www.ladislavjakl.cz\/index.php?rest_route=\/wp\/v2\/users\/1"}],"replies":[{"embeddable":true,"href":"https:\/\/www.ladislavjakl.cz\/index.php?rest_route=%2Fwp%2Fv2%2Fcomments&post=2732"}],"version-history":[{"count":1,"href":"https:\/\/www.ladislavjakl.cz\/index.php?rest_route=\/wp\/v2\/posts\/2732\/revisions"}],"predecessor-version":[{"id":2733,"href":"https:\/\/www.ladislavjakl.cz\/index.php?rest_route=\/wp\/v2\/posts\/2732\/revisions\/2733"}],"wp:attachment":[{"href":"https:\/\/www.ladislavjakl.cz\/index.php?rest_route=%2Fwp%2Fv2%2Fmedia&parent=2732"}],"wp:term":[{"taxonomy":"category","embeddable":true,"href":"https:\/\/www.ladislavjakl.cz\/index.php?rest_route=%2Fwp%2Fv2%2Fcategories&post=2732"},{"taxonomy":"post_tag","embeddable":true,"href":"https:\/\/www.ladislavjakl.cz\/index.php?rest_route=%2Fwp%2Fv2%2Ftags&post=2732"}],"curies":[{"name":"wp","href":"https:\/\/api.w.org\/{rel}","templated":true}]}}