{"id":2736,"date":"2012-09-27T15:13:37","date_gmt":"2012-09-27T13:13:37","guid":{"rendered":"http:\/\/www.ladislavjakl.cz\/?p=2736"},"modified":"2012-09-27T15:32:19","modified_gmt":"2012-09-27T13:32:19","slug":"jak-eurozpravy-prekladaji-z-cestiny-do-cestiny","status":"publish","type":"post","link":"https:\/\/www.ladislavjakl.cz\/?p=2736","title":{"rendered":"Jak Eurozpr\u00e1vy p\u0159ekl\u00e1daj\u00ed z \u010de\u0161tiny do \u010de\u0161tiny"},"content":{"rendered":"<p><span style=\"font-size: 10.0pt; font-family: &quot;Arial&quot;,&quot;sans-serif&quot;;\">P\u0159ekl\u00e1d\u00e1n\u00ed  z \u010de\u0161tiny do \u010de\u0161tiny je nej\u010dast\u011bj\u0161\u00edm zam\u011bstn\u00e1n\u00edm na\u0161ich \u017eurnalist\u016f.  \u010clov\u011bk n\u011bco \u0159ekne a pak u\u017e se jen div\u00ed, jak hezky byl p\u0159elo\u017een. Zkuste  si nap\u0159\u00edklad p\u0159e\u010d\u00edst tenhle m\u016fj rozhovor:<\/span><\/p>\n<p><span style=\"font-size: 10.0pt; font-family: &quot;Arial&quot;,&quot;sans-serif&quot;;\"><!--more--><\/span><\/p>\n<p><span style=\"font-size:10.0pt;font-family:&quot;Arial&quot;,&quot;sans-serif&quot;\"><a href=\"http:\/\/www.viposobnosti.eu\/inpage\/ladislav-jakl-tajemnik-kandidat-na-prezidenta\/\" target=\"_blank\">http:\/\/www.viposobnosti.eu\/inpage\/ladislav-jakl-tajemnik-kandidat-na-prezidenta\/<\/a><\/span><\/p>\n<div>\n<p><span style=\"font-size:10.0pt;font-family:&quot;Arial&quot;,&quot;sans-serif&quot;\">A te\u010f si p\u0159e\u010dt\u011bte, co z m\u00fdch slov ud\u011blal Luk\u00e1\u0161 Henzl ze serveru Eurozpr\u00e1vy. To se fakt pobav\u00edte.<\/span><\/div>\n<div>\n<p><span style=\"font-size:10.0pt;font-family:&quot;Arial&quot;,&quot;sans-serif&quot;\"><a href=\"http:\/\/domaci.eurozpravy.cz\/politika\/57274-jakl-jsem-kandidat-bez-vize-a-proto-jsem-tak-dobry\/\" target=\"_blank\">http:\/\/domaci.eurozpravy.cz\/politika\/57274-jakl-jsem-kandidat-bez-vize-a-proto-jsem-tak-dobry\/<\/a><\/span><\/div>\n","protected":false},"excerpt":{"rendered":"<p>P\u0159ekl\u00e1d\u00e1n\u00ed z \u010de\u0161tiny do \u010de\u0161tiny je nej\u010dast\u011bj\u0161\u00edm zam\u011bstn\u00e1n\u00edm na\u0161ich \u017eurnalist\u016f. \u010clov\u011bk n\u011bco \u0159ekne a pak u\u017e se jen div\u00ed, jak hezky byl p\u0159elo\u017een. Zkuste si nap\u0159\u00edklad p\u0159e\u010d\u00edst tenhle m\u016fj rozhovor:<\/p>\n","protected":false},"author":1,"featured_media":0,"comment_status":"open","ping_status":"open","sticky":false,"template":"","format":"standard","meta":{"ngg_post_thumbnail":0,"footnotes":""},"categories":[10],"tags":[],"class_list":["post-2736","post","type-post","status-publish","format-standard","hentry","category-zlehka"],"_links":{"self":[{"href":"https:\/\/www.ladislavjakl.cz\/index.php?rest_route=\/wp\/v2\/posts\/2736","targetHints":{"allow":["GET"]}}],"collection":[{"href":"https:\/\/www.ladislavjakl.cz\/index.php?rest_route=\/wp\/v2\/posts"}],"about":[{"href":"https:\/\/www.ladislavjakl.cz\/index.php?rest_route=\/wp\/v2\/types\/post"}],"author":[{"embeddable":true,"href":"https:\/\/www.ladislavjakl.cz\/index.php?rest_route=\/wp\/v2\/users\/1"}],"replies":[{"embeddable":true,"href":"https:\/\/www.ladislavjakl.cz\/index.php?rest_route=%2Fwp%2Fv2%2Fcomments&post=2736"}],"version-history":[{"count":3,"href":"https:\/\/www.ladislavjakl.cz\/index.php?rest_route=\/wp\/v2\/posts\/2736\/revisions"}],"predecessor-version":[{"id":2747,"href":"https:\/\/www.ladislavjakl.cz\/index.php?rest_route=\/wp\/v2\/posts\/2736\/revisions\/2747"}],"wp:attachment":[{"href":"https:\/\/www.ladislavjakl.cz\/index.php?rest_route=%2Fwp%2Fv2%2Fmedia&parent=2736"}],"wp:term":[{"taxonomy":"category","embeddable":true,"href":"https:\/\/www.ladislavjakl.cz\/index.php?rest_route=%2Fwp%2Fv2%2Fcategories&post=2736"},{"taxonomy":"post_tag","embeddable":true,"href":"https:\/\/www.ladislavjakl.cz\/index.php?rest_route=%2Fwp%2Fv2%2Ftags&post=2736"}],"curies":[{"name":"wp","href":"https:\/\/api.w.org\/{rel}","templated":true}]}}